{"id":10159,"date":"2019-11-03T10:53:47","date_gmt":"2019-11-03T10:53:47","guid":{"rendered":"https:\/\/www.medienberatungev.org\/?p=10159"},"modified":"2019-11-04T20:20:44","modified_gmt":"2019-11-04T20:20:44","slug":"10159","status":"publish","type":"post","link":"https:\/\/www.medienberatungev.org\/?p=10159","title":{"rendered":"Wer hats geschrieben?"},"content":{"rendered":"\n<p class=\"has-drop-cap\">Wer hats geschrieben?<\/p>\n\n\n\n<p> <strong>Auf\nden Punkt gebracht. Wer hats geschrieben?<\/strong><\/p>\n\n\n\n<p>\n&#8222;Gl\u00fccklicher\nWeise wei\u00df die Polizei, wem der Staat geh\u00f6rt, und so geht sie, wenn\nAmazon in dritter Parkreihe die Innenstadt sperrt, Radfahrer jagen.&#8220;\n(\u00dcber die StVO)<\/p>\n\n\n\n<p>\n&#8222;Die\nParteien und Gewerkschaften, die mit ihrem Sozialklimbim ein bi\u00dfchen\nSchutz zu bieten schienen, sind von Schr\u00f6der, Steinmeier und ihrem\nKroppzeug geschleift und haben Nazis aller Art Platz gemacht.&#8220;<\/p>\n\n\n\n<p>\n(\u00dcber\nSozialklimbim)<\/p>\n\n\n\n<div class=\"wp-block-file\"><a href=\"https:\/\/www.medienberatungev.org\/wp-content\/uploads\/2019\/11\/HLG.pdf\">HLG<\/a><a href=\"https:\/\/www.medienberatungev.org\/wp-content\/uploads\/2019\/11\/HLG.pdf\" class=\"wp-block-file__button\" download>Herunterladen<\/a><\/div>\n\n\n\n<blockquote class=\"wp-block-quote is-layout-flow wp-block-quote-is-layout-flow\"><p><\/p><\/blockquote>\n\n\n\n<div class=\"wp-block-file\"><a href=\"https:\/\/www.medienberatungev.org\/wp-content\/uploads\/2019\/11\/HLG2.pdf\">HLG2<\/a><a href=\"https:\/\/www.medienberatungev.org\/wp-content\/uploads\/2019\/11\/HLG2.pdf\" class=\"wp-block-file__button\" download>Herunterladen<\/a><\/div>\n\n\n\n<blockquote class=\"wp-block-quote is-layout-flow wp-block-quote-is-layout-flow\"><p><\/p><\/blockquote>\n\n\n\n<p class=\"has-drop-cap\"> Alles nat\u00fcrlich aus dem Zusammenhang gerissen, wie sichs geh\u00f6rt.<\/p>\n","protected":false},"excerpt":{"rendered":"<p>Wer hats geschrieben? Auf den Punkt gebracht. Wer hats geschrieben? &#8222;Gl\u00fccklicher Weise wei\u00df die Polizei, wem der Staat geh\u00f6rt, und so geht sie, wenn Amazon in dritter Parkreihe die Innenstadt sperrt, Radfahrer jagen.&#8220; (\u00dcber die StVO) &#8222;Die Parteien und Gewerkschaften, die mit ihrem Sozialklimbim ein bi\u00dfchen Schutz zu bieten schienen, sind von Schr\u00f6der, Steinmeier und &hellip; <a href=\"https:\/\/www.medienberatungev.org\/?p=10159\" class=\"more-link\"><span class=\"screen-reader-text\">\u201eWer hats geschrieben?\u201c<\/span> weiterlesen<\/a><\/p>\n","protected":false},"author":2,"featured_media":0,"comment_status":"open","ping_status":"open","sticky":false,"template":"","format":"standard","meta":{"footnotes":""},"categories":[1],"tags":[5089,5090,5091],"class_list":["post-10159","post","type-post","status-publish","format-standard","hentry","category-uncategorized","tag-amazon","tag-sozialklimbim","tag-stvo"],"_links":{"self":[{"href":"https:\/\/www.medienberatungev.org\/index.php?rest_route=\/wp\/v2\/posts\/10159","targetHints":{"allow":["GET"]}}],"collection":[{"href":"https:\/\/www.medienberatungev.org\/index.php?rest_route=\/wp\/v2\/posts"}],"about":[{"href":"https:\/\/www.medienberatungev.org\/index.php?rest_route=\/wp\/v2\/types\/post"}],"author":[{"embeddable":true,"href":"https:\/\/www.medienberatungev.org\/index.php?rest_route=\/wp\/v2\/users\/2"}],"replies":[{"embeddable":true,"href":"https:\/\/www.medienberatungev.org\/index.php?rest_route=%2Fwp%2Fv2%2Fcomments&post=10159"}],"version-history":[{"count":8,"href":"https:\/\/www.medienberatungev.org\/index.php?rest_route=\/wp\/v2\/posts\/10159\/revisions"}],"predecessor-version":[{"id":10198,"href":"https:\/\/www.medienberatungev.org\/index.php?rest_route=\/wp\/v2\/posts\/10159\/revisions\/10198"}],"wp:attachment":[{"href":"https:\/\/www.medienberatungev.org\/index.php?rest_route=%2Fwp%2Fv2%2Fmedia&parent=10159"}],"wp:term":[{"taxonomy":"category","embeddable":true,"href":"https:\/\/www.medienberatungev.org\/index.php?rest_route=%2Fwp%2Fv2%2Fcategories&post=10159"},{"taxonomy":"post_tag","embeddable":true,"href":"https:\/\/www.medienberatungev.org\/index.php?rest_route=%2Fwp%2Fv2%2Ftags&post=10159"}],"curies":[{"name":"wp","href":"https:\/\/api.w.org\/{rel}","templated":true}]}}