{"id":10866,"date":"2020-03-03T14:01:02","date_gmt":"2020-03-03T14:01:02","guid":{"rendered":"https:\/\/www.medienberatungev.org\/?p=10866"},"modified":"2023-11-05T11:20:08","modified_gmt":"2023-11-05T11:20:08","slug":"im-wald-ist-der-baer-braun-nur-im-eis-ist-der-baer-weiss","status":"publish","type":"post","link":"https:\/\/www.medienberatungev.org\/?p=10866","title":{"rendered":"Im Wald ist der B\u00e4r braun Nur im Eis ist der B\u00e4r weiss"},"content":{"rendered":"\n<div class=\"wp-block-image\"><figure class=\"alignleft size-large is-resized\"><img loading=\"lazy\" decoding=\"async\" src=\"https:\/\/www.medienberatungev.org\/wp-content\/uploads\/2020\/03\/AlfredBauerneu-e1583244151766.png\" alt=\"\" class=\"wp-image-10881\" width=\"652\" height=\"462\"\/><\/figure><\/div>\n\n\n\n<p>Wikipedia\nschreibt:<\/p>\n\n\n\n<p>\u201c<em>Bereits 1973 \u2013 also noch in der Amtszeit Bauers \u2013 wies der Filmhistoriker Wolfgang Becker (1943\u20132012) darauf hin, dass Alfred Bauer in der Reichsfilmintendanz gewirkt hat und dort einer ihrer beiden Referenten war. Auf diese enge Verstrickung mit der Reichsfilmintendanz und damit zum NS-Propagandaapparat machten auch  Hans Christoph Blumenberg (1993), Felix Moeller (1998) und Tereza Dvo\u0159\u00e1kov\u00e1 und Ivan Klime\u0161 (2008) aufmerksam, ohne dass es zu Reaktionen der deutschen oder internationalen Presse gekommen w\u00e4re.\u201c  <\/em> <\/p>\n\n\n\n<p>Aus dem Buch: Zur politischen \u00d6konomie des NS-Films von Wolfgang Becker, Berlin, Verlag Volker Spiess 1973: Seite 199   <em>\u201c . .  .  Allgemeiner Stellvertreter des Reichsfilmintendanten war Dr. Walther M\u00fcller-Goerne, Referent in der Reichsfilmkammer bis zu seiner Ernennung. Ihm war die Regelung des gesamten Gesch\u00e4ftsganges \u00fcbertragen: Besetzungsfragen, Vertragsabschl\u00fcsse, Einsatzkontrolle, Filmgestaltung usw.. Unterst\u00fctzt wurde M\u00fcller-Goerne hierbei von Dr. Alfred Bauer, der ebenfalls Filmkammer-Referent (Fachschaft Film) war.<\/em>  Siehe: 539)<\/p>\n\n\n\n<p><strong>[Anmerkung 539<\/strong>: <em>Die Beurteilung der Partei-Kanzlei lautete: \u201cEifriger SA-Mann (BDC-PKC Akte Bauer). Bauer selbst sprach von einem &#8222;nachweislich erzwungenen Partei-Eintritt\u201c <\/em><\/p>\n\n\n\n<p><em>(Vgl. die Rechtfertigungsschrift Bauers: \u201cWie entstand ein Film im Nazi-Deutschland\u201c vom August 1945, die allerdings wenig informativ ist, da sie lediglich den Leistungssteigerungserla\u00df wiedergibt; Ufi-Ffm 21\/088)<strong>]<\/strong><\/em> <\/p>\n\n\n<p><a href=\"https:\/\/www.medienberatungev.org\/wp-content\/uploads\/2020\/03\/Seite-542.pdf\">Seite 542Almanach<\/a><\/p>\n<p><a href=\"https:\/\/www.medienberatungev.org\/wp-content\/uploads\/2023\/11\/Pdf-Abschrift-Propaganda-Minist-Zeichen-3.23.pdf\">Pdf Abschrift Propaganda Minist (Zeichen 3.223)<\/a><\/p>","protected":false},"excerpt":{"rendered":"<p>Wikipedia schreibt: \u201cBereits 1973 \u2013 also noch in der Amtszeit Bauers \u2013 wies der Filmhistoriker Wolfgang Becker (1943\u20132012) darauf hin, dass Alfred Bauer in der Reichsfilmintendanz gewirkt hat und dort einer ihrer beiden Referenten war. Auf diese enge Verstrickung mit der Reichsfilmintendanz und damit zum NS-Propagandaapparat machten auch Hans Christoph Blumenberg (1993), Felix Moeller (1998) &hellip; <a href=\"https:\/\/www.medienberatungev.org\/?p=10866\" class=\"more-link\"><span class=\"screen-reader-text\">\u201eIm Wald ist der B\u00e4r braun Nur im Eis ist der B\u00e4r weiss\u201c<\/span> weiterlesen<\/a><\/p>\n","protected":false},"author":2,"featured_media":0,"comment_status":"open","ping_status":"open","sticky":false,"template":"","format":"standard","meta":{"footnotes":""},"categories":[1988,4679,2449,2037,2455,2359,1607,2680,4220,1606,1204,2485,5516,2720,452,5492,1],"tags":[5403,5517,5515],"class_list":["post-10866","post","type-post","status-publish","format-standard","hentry","category-1988","category-4679","category-2449","category-2037","category-2455","category-2359","category-1607","category-2680","category-4220","category-1606","category-1204","category-2485","category-5516","category-2720","category-berlinale","category-berlinale-nummer-70","category-uncategorized","tag-alfred-bauer","tag-filmfestspiele-berlin","tag-wolfgang-becker"],"_links":{"self":[{"href":"https:\/\/www.medienberatungev.org\/index.php?rest_route=\/wp\/v2\/posts\/10866","targetHints":{"allow":["GET"]}}],"collection":[{"href":"https:\/\/www.medienberatungev.org\/index.php?rest_route=\/wp\/v2\/posts"}],"about":[{"href":"https:\/\/www.medienberatungev.org\/index.php?rest_route=\/wp\/v2\/types\/post"}],"author":[{"embeddable":true,"href":"https:\/\/www.medienberatungev.org\/index.php?rest_route=\/wp\/v2\/users\/2"}],"replies":[{"embeddable":true,"href":"https:\/\/www.medienberatungev.org\/index.php?rest_route=%2Fwp%2Fv2%2Fcomments&post=10866"}],"version-history":[{"count":17,"href":"https:\/\/www.medienberatungev.org\/index.php?rest_route=\/wp\/v2\/posts\/10866\/revisions"}],"predecessor-version":[{"id":24590,"href":"https:\/\/www.medienberatungev.org\/index.php?rest_route=\/wp\/v2\/posts\/10866\/revisions\/24590"}],"wp:attachment":[{"href":"https:\/\/www.medienberatungev.org\/index.php?rest_route=%2Fwp%2Fv2%2Fmedia&parent=10866"}],"wp:term":[{"taxonomy":"category","embeddable":true,"href":"https:\/\/www.medienberatungev.org\/index.php?rest_route=%2Fwp%2Fv2%2Fcategories&post=10866"},{"taxonomy":"post_tag","embeddable":true,"href":"https:\/\/www.medienberatungev.org\/index.php?rest_route=%2Fwp%2Fv2%2Ftags&post=10866"}],"curies":[{"name":"wp","href":"https:\/\/api.w.org\/{rel}","templated":true}]}}