{"id":10907,"date":"2020-03-03T15:05:36","date_gmt":"2020-03-03T15:05:36","guid":{"rendered":"https:\/\/www.medienberatungev.org\/?p=10907"},"modified":"2023-11-05T11:29:45","modified_gmt":"2023-11-05T11:29:45","slug":"10907","status":"publish","type":"post","link":"https:\/\/www.medienberatungev.org\/?p=10907","title":{"rendered":"In der Natur ist der B\u00e4r braun Nur im Eis ist er weiss oder Kleiner Bericht von Berlinale \/ 70 Jahre alt"},"content":{"rendered":"\n<div class=\"wp-block-image\"><figure class=\"alignright size-large is-resized\"><img loading=\"lazy\" decoding=\"async\" src=\"https:\/\/www.medienberatungev.org\/wp-content\/uploads\/2020\/03\/IMG_787Zooo-1024x1024.jpg\" alt=\"\" class=\"wp-image-10889\" width=\"291\" height=\"291\" srcset=\"https:\/\/www.medienberatungev.org\/wp-content\/uploads\/2020\/03\/IMG_787Zooo-1024x1024.jpg 1024w, https:\/\/www.medienberatungev.org\/wp-content\/uploads\/2020\/03\/IMG_787Zooo-300x300.jpg 300w, https:\/\/www.medienberatungev.org\/wp-content\/uploads\/2020\/03\/IMG_787Zooo-150x150.jpg 150w, https:\/\/www.medienberatungev.org\/wp-content\/uploads\/2020\/03\/IMG_787Zooo-768x768.jpg 768w, https:\/\/www.medienberatungev.org\/wp-content\/uploads\/2020\/03\/IMG_787Zooo-1536x1536.jpg 1536w, https:\/\/www.medienberatungev.org\/wp-content\/uploads\/2020\/03\/IMG_787Zooo-2048x2048.jpg 2048w\" sizes=\"auto, (max-width: 291px) 85vw, 291px\" \/><\/figure><\/div>\n\n\n\n<figure class=\"wp-block-image size-large is-resized\"><img loading=\"lazy\" decoding=\"async\" src=\"https:\/\/www.medienberatungev.org\/wp-content\/uploads\/2020\/03\/IMG_7828kleinerZoo.jpg\" alt=\"\" class=\"wp-image-10888\" width=\"310\" height=\"310\" srcset=\"https:\/\/www.medienberatungev.org\/wp-content\/uploads\/2020\/03\/IMG_7828kleinerZoo.jpg 500w, https:\/\/www.medienberatungev.org\/wp-content\/uploads\/2020\/03\/IMG_7828kleinerZoo-300x300.jpg 300w, https:\/\/www.medienberatungev.org\/wp-content\/uploads\/2020\/03\/IMG_7828kleinerZoo-150x150.jpg 150w\" sizes=\"auto, (max-width: 310px) 85vw, 310px\" \/><\/figure>\n\n\n\n<div class=\"wp-block-image\"><figure class=\"alignleft size-large is-resized\"><img loading=\"lazy\" decoding=\"async\" src=\"https:\/\/www.medienberatungev.org\/wp-content\/uploads\/2020\/03\/IMG_7843-1024x1024.jpg\" alt=\"\" class=\"wp-image-10891\" width=\"283\" height=\"283\" srcset=\"https:\/\/www.medienberatungev.org\/wp-content\/uploads\/2020\/03\/IMG_7843-1024x1024.jpg 1024w, https:\/\/www.medienberatungev.org\/wp-content\/uploads\/2020\/03\/IMG_7843-300x300.jpg 300w, https:\/\/www.medienberatungev.org\/wp-content\/uploads\/2020\/03\/IMG_7843-150x150.jpg 150w, https:\/\/www.medienberatungev.org\/wp-content\/uploads\/2020\/03\/IMG_7843-768x768.jpg 768w, https:\/\/www.medienberatungev.org\/wp-content\/uploads\/2020\/03\/IMG_7843-1536x1536.jpg 1536w, https:\/\/www.medienberatungev.org\/wp-content\/uploads\/2020\/03\/IMG_7843-2048x2048.jpg 2048w\" sizes=\"auto, (max-width: 283px) 85vw, 283px\" \/><\/figure><\/div>\n\n\n\n<figure class=\"wp-block-image size-large is-resized\"><img loading=\"lazy\" decoding=\"async\" src=\"https:\/\/www.medienberatungev.org\/wp-content\/uploads\/2020\/03\/IMG_7842-1024x1024.jpg\" alt=\"\" class=\"wp-image-10890\" width=\"303\" height=\"303\" srcset=\"https:\/\/www.medienberatungev.org\/wp-content\/uploads\/2020\/03\/IMG_7842-1024x1024.jpg 1024w, https:\/\/www.medienberatungev.org\/wp-content\/uploads\/2020\/03\/IMG_7842-300x300.jpg 300w, https:\/\/www.medienberatungev.org\/wp-content\/uploads\/2020\/03\/IMG_7842-150x150.jpg 150w, https:\/\/www.medienberatungev.org\/wp-content\/uploads\/2020\/03\/IMG_7842-768x768.jpg 768w, https:\/\/www.medienberatungev.org\/wp-content\/uploads\/2020\/03\/IMG_7842-1536x1536.jpg 1536w, https:\/\/www.medienberatungev.org\/wp-content\/uploads\/2020\/03\/IMG_7842-2048x2048.jpg 2048w\" sizes=\"auto, (max-width: 303px) 85vw, 303px\" \/><\/figure>\n\n\n\n<div class=\"wp-block-image\"><figure class=\"alignright size-large is-resized\"><img loading=\"lazy\" decoding=\"async\" src=\"https:\/\/www.medienberatungev.org\/wp-content\/uploads\/2020\/03\/IMG_7870B\u00e4rklein.jpg\" alt=\"\" class=\"wp-image-10895\" width=\"290\" height=\"290\" srcset=\"https:\/\/www.medienberatungev.org\/wp-content\/uploads\/2020\/03\/IMG_7870B\u00e4rklein.jpg 500w, https:\/\/www.medienberatungev.org\/wp-content\/uploads\/2020\/03\/IMG_7870B\u00e4rklein-300x300.jpg 300w, https:\/\/www.medienberatungev.org\/wp-content\/uploads\/2020\/03\/IMG_7870B\u00e4rklein-150x150.jpg 150w\" sizes=\"auto, (max-width: 290px) 85vw, 290px\" \/><\/figure><\/div>\n\n\n\n<figure class=\"wp-block-image size-large is-resized\"><img loading=\"lazy\" decoding=\"async\" src=\"https:\/\/www.medienberatungev.org\/wp-content\/uploads\/2020\/03\/IMG_7864ZweiKreuzekleinmachen-1.jpg\" alt=\"\" class=\"wp-image-10894\" width=\"306\" height=\"306\" srcset=\"https:\/\/www.medienberatungev.org\/wp-content\/uploads\/2020\/03\/IMG_7864ZweiKreuzekleinmachen-1.jpg 500w, https:\/\/www.medienberatungev.org\/wp-content\/uploads\/2020\/03\/IMG_7864ZweiKreuzekleinmachen-1-300x300.jpg 300w, https:\/\/www.medienberatungev.org\/wp-content\/uploads\/2020\/03\/IMG_7864ZweiKreuzekleinmachen-1-150x150.jpg 150w\" sizes=\"auto, (max-width: 306px) 85vw, 306px\" \/><\/figure>\n\n\n\n<div class=\"wp-block-image\"><figure class=\"alignright size-large is-resized\"><img loading=\"lazy\" decoding=\"async\" src=\"https:\/\/www.medienberatungev.org\/wp-content\/uploads\/2020\/03\/IMG_7886RioReiserBerlin.jpg\" alt=\"\" class=\"wp-image-10897\" width=\"295\" height=\"295\"\/><\/figure><\/div>\n\n\n\n<figure class=\"wp-block-image size-large is-resized\"><img loading=\"lazy\" decoding=\"async\" src=\"https:\/\/www.medienberatungev.org\/wp-content\/uploads\/2020\/03\/IMG_7882WandainBerlinklein.jpg\" alt=\"\" class=\"wp-image-10896\" width=\"311\" height=\"311\" srcset=\"https:\/\/www.medienberatungev.org\/wp-content\/uploads\/2020\/03\/IMG_7882WandainBerlinklein.jpg 500w, https:\/\/www.medienberatungev.org\/wp-content\/uploads\/2020\/03\/IMG_7882WandainBerlinklein-300x300.jpg 300w, https:\/\/www.medienberatungev.org\/wp-content\/uploads\/2020\/03\/IMG_7882WandainBerlinklein-150x150.jpg 150w\" sizes=\"auto, (max-width: 311px) 85vw, 311px\" \/><\/figure>\n\n\n\n<div class=\"wp-block-image\"><figure class=\"alignleft size-large is-resized\"><img loading=\"lazy\" decoding=\"async\" src=\"https:\/\/www.medienberatungev.org\/wp-content\/uploads\/2020\/03\/AlfredBauerneu-1-e1583247258847.png\" alt=\"\" class=\"wp-image-10902\" width=\"726\" height=\"512\" srcset=\"https:\/\/www.medienberatungev.org\/wp-content\/uploads\/2020\/03\/AlfredBauerneu-1-e1583247258847.png 849w, https:\/\/www.medienberatungev.org\/wp-content\/uploads\/2020\/03\/AlfredBauerneu-1-e1583247258847-300x212.png 300w, https:\/\/www.medienberatungev.org\/wp-content\/uploads\/2020\/03\/AlfredBauerneu-1-e1583247258847-768x543.png 768w\" sizes=\"auto, (max-width: 709px) 85vw, (max-width: 909px) 67vw, (max-width: 984px) 61vw, (max-width: 1362px) 45vw, 600px\" \/><\/figure><\/div>\n\n\n\n<p><strong>Wird Wanda verspeist?<\/strong><\/p>\n\n\n\n<p>Ist der goldene B\u00e4r aus Gold und der silberne B\u00e4r aus Silber? Nein. Nat\u00fcrlich nicht. Nein, einen silbernen B\u00e4ren gab es dieses Jahr nicht.  Braune B\u00e4ren geh\u00f6ren in den Wald und nicht in die \u00d6ffentlichkeit. Kein Alfred Bauer Preis. Es hat viel geregnet und ich habe theoretisch jeden Tag vier Filme gesehen, also 4 x 8 Filme = 32 Filme. Praktisch waren es nat\u00fcrlich viel weniger Filme. Manchmal habe ich im Zoo Palast (im gro\u00dfen Saal 1) dort gesessen, wo der Ausgang nur zwei Meter vom Sitzplatz im Kino entfernt ist. Im Zoopalast Reihe J von der Leinwand aus gesehen links, was nat\u00fcrlich in Fahrtrichtung rechts ist. Der beste Film der Berlinale war aus meiner Sicht &#8222;Gunda&#8220; ein Film von einem Norweger gemacht (Victor Kossakovsky) (In der Reihe Encounters, was der Google \u00dcbersetzer mit = &gt;Begegnungen&lt; ins Deutsche \u00fcbersetzt). Mit anderen Worten, Ihnen ist nichts eingefallen, welchen sinnvollen Namen eine neue Kategorie nun haben kann. <strong>\u201cGunda\u201c<\/strong> ist eine Langzeitbeobachtungen eines weiblichen Schweines. (Neun Monate). Ohne Menschensprache, nur mit den Ger\u00e4uschen, den die Tiere so machen (Das f\u00fchlt sich fast so an, wie eine mir fremde Menschensprache). Der Film handelt von Gunda und ihren Kindern, bis diese acht Monate alt sind und abgeholt werden und die Mutter verzweifelt den Hof nach ihnen absucht, weil sie nicht versteht, was da nun passiert ist. <\/p>\n\n\n\n<p>Hinterher war ich allerdings Currywurst (Bei Curry 36 am Zoo Bahnhof) essen und hatte ein bisschen schlechtes Gewissen, obwohl der Macher des norwegischen Films nach dem Film hinterher immerhin erz\u00e4hlt hatte, dass Gunda nicht geschlachtet wurde, sondern achtunddreissig Jahre alt geworden, aber inzwischen verstorben ist.  <\/p>\n\n\n\n<p>In der gleichen Reihe (Encounters = Begegnungen) der Berlinale gab es auch eine Begegnung, die ich r\u00fcckblickend doch gerne vermieden h\u00e4tte. &#8222;Malmkrog&#8220; (von Christi Puiu). Geschw\u00e4tzig bis zum gehtnichtmehr, vollgestopft mit Belanglosigkeiten, unterhalten sich angeblich Adlige ueber des Leben, die Revolution und was weiss ich nicht, bis endlich die Diener, die Reissleine ziehen und nicht mehr auf ihre Glockent\u00f6ne h\u00f6ren; die Sache zu einem Ende bringen, was ich jedoch nicht mehr erleben wollte, weil der Ausgang nur 2,00 m entfernt von meinem Sitzplatz war. Als dann der Pulverdampf der Pseudo Pistolen im Bild zu sehen war, habe ich gedacht, na endlich, das h\u00e4tten sie doch gleich nach 10 Minuten machen k\u00f6nnen!<\/p>\n\n\n\n<p>Aber\nso ist das, wenn man auf den Aufstand, auf die Revolution immer\nwartet,  im Kino wartet. \n<\/p>\n\n\n\n<p>Am Freitag gabs dann im Zoo Palast 1 von Charles Crichton, A FISH CALLED WANDA und das Vergn\u00fcgen war ganz auf meiner Seite und dann auch mal wichtig. Das Vergn\u00fcgen, auf der gro\u00dfen Leinwand des Zoopalastes zu \u00fcberpr\u00fcfen, ob der Fisch namens Wanda eigentlich im Film tats\u00e4chlich verspeist wird. Ich behaupte mal, nach neuerlicher Besichtigung dieses Filmes, dass nein. Denn die Reste des Fisches, die der Erpresser (zwei mal) im Mund hat, haben nicht die richtige Farbe.  <\/p>\n\n\n\n<p>Obwohl andrerseits Wanda (der Fisch) im Aquarium danach auch nicht mehr zu sehen ist. Das werden wir wohl nie erfahren, wenn nicht jemand aus der Filmgeschichte mal ins Quatschen kommt.   Am Sonnabend dann schnell mal zu Helgard Gammert ins Bali Kino nach Zehlendorf. Das Kino ist direkt am  S &#8211; Bahnhof Hof Zehlendorf und aus vielen Gr\u00fcnden immer eine Reise wert. Ein Grund davon ist die lange Geschichte dieses Kinos. Dort gab es um 16.00 Uhr einen Kinderfilm, von einem, bei dem man sich nicht mehr beschweren kann, bei Joseph Vilsmaier, der am 11. Februar 2020 gestorben ist. Man m\u00fcsste eigentlich, weil es Joseph Vilsmaier in der Neuverfilmung &gt;Charly und Louise&lt; von 1994 (es gab schon mal 1950 ein doppeltes Lottchen) gelingt vom Hamburger Hauptbahnhof bis nach Schottland in einem Zug zu gelangen. (ohne Unterbrechung). (Nix mit Nordsee oder F\u00e4hre oder was). Nur die Lokomotive wird gewechselt. Denn die Schotten haben noch Dampflokomotive, die sie f\u00fcr Filmaufnahmen gerne mal vor den Zug spannen. Den Kindern hats jedenfalls gefallen. Nur die M\u00e4dchen haben gequietscht, als auf der Leinwand das Knutschen anfing. In dieser Hinsicht ist doch vieles gleich geblieben.  Jens Meyer <\/p>\n\n\n\n<div class=\"wp-block-image\"><figure class=\"alignright size-large is-resized\"><img loading=\"lazy\" decoding=\"async\" src=\"https:\/\/www.medienberatungev.org\/wp-content\/uploads\/2019\/12\/IMG_3008klein.jpg\" alt=\"Tiere sehen Dich an (1)\" class=\"wp-image-10480\" width=\"267\" height=\"178\"\/><\/figure><\/div>\n\n\n\n<div class=\"wp-block-image\"><figure class=\"alignleft size-large is-resized\"><img loading=\"lazy\" decoding=\"async\" src=\"https:\/\/www.medienberatungev.org\/wp-content\/uploads\/2020\/01\/image.png\" alt=\"\" class=\"wp-image-10572\" width=\"297\" height=\"201\" srcset=\"https:\/\/www.medienberatungev.org\/wp-content\/uploads\/2020\/01\/image.png 720w, https:\/\/www.medienberatungev.org\/wp-content\/uploads\/2020\/01\/image-300x203.png 300w\" sizes=\"auto, (max-width: 297px) 85vw, 297px\" \/><\/figure><\/div>\n\n\n\n<p>  Fotos Jens Meyer<\/p>\n\n\n\n<figure class=\"wp-block-image size-large is-resized\"><img loading=\"lazy\" decoding=\"async\" src=\"https:\/\/www.medienberatungev.org\/wp-content\/uploads\/2020\/03\/IMG_7882WandainBerlinklein.jpg\" alt=\"\" class=\"wp-image-10896\" width=\"660\" height=\"660\" srcset=\"https:\/\/www.medienberatungev.org\/wp-content\/uploads\/2020\/03\/IMG_7882WandainBerlinklein.jpg 500w, https:\/\/www.medienberatungev.org\/wp-content\/uploads\/2020\/03\/IMG_7882WandainBerlinklein-300x300.jpg 300w, https:\/\/www.medienberatungev.org\/wp-content\/uploads\/2020\/03\/IMG_7882WandainBerlinklein-150x150.jpg 150w\" sizes=\"auto, (max-width: 709px) 85vw, (max-width: 909px) 67vw, (max-width: 984px) 61vw, (max-width: 1362px) 45vw, 600px\" \/><\/figure>\n\n\n\n<p><\/p>\n\n\n<p><a href=\"https:\/\/www.medienberatungev.org\/wp-content\/uploads\/2023\/11\/Pdf-Abschrift-Propaganda-Minist-Zeichen-3.23.pdf\">Pdf Abschrift Propaganda Minist (Zeichen 3.223)<\/a><\/p>\n<p><a href=\"https:\/\/www.medienberatungev.org\/wp-content\/uploads\/2020\/03\/AlfredBauer1.pdf\">PDF In der Natur sind B\u00e4ren braun<\/a><\/p>\n\n\n<p><\/p>\n\n\n<p><a href=\"https:\/\/www.medienberatungev.org\/wp-content\/uploads\/2020\/03\/Seite-542.pdf\">Seite 542<\/a><\/p>","protected":false},"excerpt":{"rendered":"<p>Wird Wanda verspeist? Ist der goldene B\u00e4r aus Gold und der silberne B\u00e4r aus Silber? Nein. Nat\u00fcrlich nicht. Nein, einen silbernen B\u00e4ren gab es dieses Jahr nicht. Braune B\u00e4ren geh\u00f6ren in den Wald und nicht in die \u00d6ffentlichkeit. Kein Alfred Bauer Preis. Es hat viel geregnet und ich habe theoretisch jeden Tag vier Filme gesehen, &hellip; <a href=\"https:\/\/www.medienberatungev.org\/?p=10907\" class=\"more-link\"><span class=\"screen-reader-text\">\u201eIn der Natur ist der B\u00e4r braun Nur im Eis ist er weiss oder Kleiner Bericht von Berlinale \/ 70 Jahre alt\u201c<\/span> weiterlesen<\/a><\/p>\n","protected":false},"author":2,"featured_media":0,"comment_status":"open","ping_status":"open","sticky":false,"template":"","format":"standard","meta":{"footnotes":""},"categories":[2485,1886,2720,5493,5496,5497,199,1845,452,5492,4984,650,298,5514,1245,1618,945,5495,1556,5494,1],"tags":[5502,5509,5403,5510,3596,5501,5499,5512,5506,1982,5508,5500,5504,5498,5511,5513,5507,5503,5505],"class_list":["post-10907","post","type-post","status-publish","format-standard","hentry","category-2485","category-1886","category-2720","category-alfred-bauer","category-bali-kino-berlin","category-bali-kino-zehlendorf","category-berlin","category-berlin-west","category-berlinale","category-berlinale-nummer-70","category-berliner-kinos","category-deutsche-filme","category-deutscher-film","category-erich-kaestner","category-fotoarchiv-jens-meyer","category-fotografen","category-fotos","category-goldener-baer","category-hh-hauptbahnhof","category-silberner-baer","category-uncategorized","tag-70-jahre-berlinale","tag-a-fish-called-wanda","tag-alfred-bauer","tag-bali-kino-berlin","tag-berlinale","tag-berlinale-2020","tag-brauner-baer","tag-charly-und-louise","tag-christi-puiu","tag-curry-36","tag-ein-fisch-namens-wanda","tag-encounters","tag-goldener-baer","tag-gunda","tag-helgard-gammert","tag-joeph-vilsmaier","tag-malmkrog","tag-silberer-baer","tag-victor-kossakovsky"],"_links":{"self":[{"href":"https:\/\/www.medienberatungev.org\/index.php?rest_route=\/wp\/v2\/posts\/10907","targetHints":{"allow":["GET"]}}],"collection":[{"href":"https:\/\/www.medienberatungev.org\/index.php?rest_route=\/wp\/v2\/posts"}],"about":[{"href":"https:\/\/www.medienberatungev.org\/index.php?rest_route=\/wp\/v2\/types\/post"}],"author":[{"embeddable":true,"href":"https:\/\/www.medienberatungev.org\/index.php?rest_route=\/wp\/v2\/users\/2"}],"replies":[{"embeddable":true,"href":"https:\/\/www.medienberatungev.org\/index.php?rest_route=%2Fwp%2Fv2%2Fcomments&post=10907"}],"version-history":[{"count":27,"href":"https:\/\/www.medienberatungev.org\/index.php?rest_route=\/wp\/v2\/posts\/10907\/revisions"}],"predecessor-version":[{"id":24593,"href":"https:\/\/www.medienberatungev.org\/index.php?rest_route=\/wp\/v2\/posts\/10907\/revisions\/24593"}],"wp:attachment":[{"href":"https:\/\/www.medienberatungev.org\/index.php?rest_route=%2Fwp%2Fv2%2Fmedia&parent=10907"}],"wp:term":[{"taxonomy":"category","embeddable":true,"href":"https:\/\/www.medienberatungev.org\/index.php?rest_route=%2Fwp%2Fv2%2Fcategories&post=10907"},{"taxonomy":"post_tag","embeddable":true,"href":"https:\/\/www.medienberatungev.org\/index.php?rest_route=%2Fwp%2Fv2%2Ftags&post=10907"}],"curies":[{"name":"wp","href":"https:\/\/api.w.org\/{rel}","templated":true}]}}