{"id":1122,"date":"2016-01-03T13:50:30","date_gmt":"2016-01-03T13:50:30","guid":{"rendered":"http:\/\/www.medienberatungev.org\/?p=1122"},"modified":"2025-10-27T16:36:34","modified_gmt":"2025-10-27T16:36:34","slug":"axel-springer-ist-wieder-da-er-verlegt-jetzt-haltestellen","status":"publish","type":"post","link":"https:\/\/www.medienberatungev.org\/?p=1122","title":{"rendered":"Axel Springer ist wieder da. Er verlegt jetzt Haltestellen."},"content":{"rendered":"<figure id=\"attachment_1121\" aria-describedby=\"caption-attachment-1121\" style=\"width: 743px\" class=\"wp-caption alignleft\"><a href=\"http:\/\/www.medienberatungev.org\/wp-content\/uploads\/2016\/01\/Axel-Springer-Platz-22gk.jpg\"><img loading=\"lazy\" decoding=\"async\" class=\" wp-image-1121\" src=\"http:\/\/www.medienberatungev.org\/wp-content\/uploads\/2016\/01\/Axel-Springer-Platz-22gk.jpg\" alt=\"Foto vom 30.12.2015 14.00 Uhr\" width=\"743\" height=\"1116\" \/><\/a><figcaption id=\"caption-attachment-1121\" class=\"wp-caption-text\">Axel Springer ist wieder da. Er verlegt jetzt Haltestellen.<\/figcaption><\/figure>\n<p><a href=\"https:\/\/www.medienberatungev.org\/wp-content\/uploads\/2016\/01\/pddf-hau-weg.pdf\">pddf hau weg<\/a><\/p>\n<p><a href=\"http:\/\/www.medienberatungev.org\/wp-content\/uploads\/2017\/11\/IMG_3013-300x199.jpg\"><img loading=\"lazy\" decoding=\"async\" class=\"wp-image-4372 alignright\" src=\"http:\/\/www.medienberatungev.org\/wp-content\/uploads\/2017\/11\/IMG_3013-300x199.jpg\" alt=\"IMG_3013-300x199\" width=\"421\" height=\"279\" \/><\/a><\/p>\n<p><a href=\"http:\/\/www.medienberatungev.org\/wp-content\/uploads\/2016\/01\/Axel-Springer-Platz-1grossgk.jpg\"><img loading=\"lazy\" decoding=\"async\" class=\"alignleft size-full wp-image-1123\" src=\"http:\/\/www.medienberatungev.org\/wp-content\/uploads\/2016\/01\/Axel-Springer-Platz-1grossgk.jpg\" alt=\"Axel Springer Platz Beweis\" width=\"358\" height=\"538\" \/><\/a><\/p>\n<p><a href=\"http:\/\/www.medienberatungev.org\/wp-content\/uploads\/2013\/10\/milpferd_einauge.jpg\"><img loading=\"lazy\" decoding=\"async\" class=\"alignleft  wp-image-16\" src=\"http:\/\/www.medienberatungev.org\/wp-content\/uploads\/2013\/10\/milpferd_einauge.jpg\" alt=\"milpferd_einauge\" width=\"333\" height=\"223\" \/><\/a><\/p>\n<p>Wenn der &#8222;gute&#8220; Axel Springer noch<\/p>\n<p>leben t\u00e4te, dann h\u00e4tte er das Haus den Fl\u00fcchtlingen aus dem nahen Osten zur Verf\u00fcgung gestellt. Wenn jetzt welche aus dem Nahen Osten kommen, dann sollte der Hamburger Senat sein Andenken ehren: Raus aus den Zelten. Rein ins geheizte Springerhaus. Und auch das mit einer(m\u00f6glichen) Brandstiftung ist kein Problem. Die Feuerwache Admiralit\u00e4tsstrasse ist 1 Minute entfernt und \u00fcberhaupt ist im EG gen\u00fcgend Platz, da koennte man auch eine Feuerwache in der Lobby einrichten, nichts f\u00fcr ungut. Aber nat\u00fcrlich hatten sie anderes damit vor. Wir wu\u00dften es nur noch nicht. Auf jeden Fall ist es nat\u00fcrlich besser, das Haus abzureissen. Man stelle sich mal vor: Ein Haus voller Fl\u00fcchtlinge. Dann doch lieber abreissen. Nach dem Motto: Hau weg den Scheiss.<a href=\"http:\/\/www.medienberatungev.org\/wp-content\/uploads\/2017\/11\/IMG_4987.jpg\"><img loading=\"lazy\" decoding=\"async\" class=\"size-large wp-image-4467 alignleft\" src=\"http:\/\/www.medienberatungev.org\/wp-content\/uploads\/2017\/11\/IMG_4987-1024x768.jpg\" alt=\"IMG_4987\" width=\"640\" height=\"480\" \/><\/a><\/p>\n<p>Fotos Jens Meyer\u00a0 \u00a0 \u00a0 \u00a0 \u00a0 \u00a0 \u00a0 \u00a0 \u00a0 \u00a0 \u00a0Zeichnung Helga Bachmann<a href=\"http:\/\/www.medienberatungev.org\/wp-content\/uploads\/2016\/08\/By-nc-sa_color.png\"><img loading=\"lazy\" decoding=\"async\" class=\"alignleft  wp-image-1755\" src=\"http:\/\/www.medienberatungev.org\/wp-content\/uploads\/2016\/08\/By-nc-sa_color.png\" alt=\"By-nc-sa_color\" width=\"296\" height=\"200\" srcset=\"https:\/\/www.medienberatungev.org\/wp-content\/uploads\/2016\/08\/By-nc-sa_color.png 720w, https:\/\/www.medienberatungev.org\/wp-content\/uploads\/2016\/08\/By-nc-sa_color-300x202.png 300w\" sizes=\"auto, (max-width: 296px) 85vw, 296px\" \/><\/a><\/p>\n","protected":false},"excerpt":{"rendered":"<p>pddf hau weg Wenn der &#8222;gute&#8220; Axel Springer noch leben t\u00e4te, dann h\u00e4tte er das Haus den Fl\u00fcchtlingen aus dem nahen Osten zur Verf\u00fcgung gestellt. Wenn jetzt welche aus dem Nahen Osten kommen, dann sollte der Hamburger Senat sein Andenken ehren: Raus aus den Zelten. Rein ins geheizte Springerhaus. Und auch das mit einer(m\u00f6glichen) Brandstiftung &hellip; <a href=\"https:\/\/www.medienberatungev.org\/?p=1122\" class=\"more-link\"><span class=\"screen-reader-text\">\u201eAxel Springer ist wieder da. Er verlegt jetzt Haltestellen.\u201c<\/span> weiterlesen<\/a><\/p>\n","protected":false},"author":2,"featured_media":0,"comment_status":"open","ping_status":"open","sticky":false,"template":"","format":"standard","meta":{"footnotes":""},"categories":[540,1288,1245,945,16,1138,1181,1],"tags":[3606,1155,3542,1158,3639,1156],"class_list":["post-1122","post","type-post","status-publish","format-standard","hentry","category-axel-springer","category-bezirk-hamburg-mitte","category-fotoarchiv-jens-meyer","category-fotos","category-hamburg","category-immobilienhaie","category-spekulation","category-uncategorized","tag-axel-springer","tag-haltestellen","tag-hamburg","tag-hochbahn","tag-hvv","tag-verleger"],"_links":{"self":[{"href":"https:\/\/www.medienberatungev.org\/index.php?rest_route=\/wp\/v2\/posts\/1122","targetHints":{"allow":["GET"]}}],"collection":[{"href":"https:\/\/www.medienberatungev.org\/index.php?rest_route=\/wp\/v2\/posts"}],"about":[{"href":"https:\/\/www.medienberatungev.org\/index.php?rest_route=\/wp\/v2\/types\/post"}],"author":[{"embeddable":true,"href":"https:\/\/www.medienberatungev.org\/index.php?rest_route=\/wp\/v2\/users\/2"}],"replies":[{"embeddable":true,"href":"https:\/\/www.medienberatungev.org\/index.php?rest_route=%2Fwp%2Fv2%2Fcomments&post=1122"}],"version-history":[{"count":23,"href":"https:\/\/www.medienberatungev.org\/index.php?rest_route=\/wp\/v2\/posts\/1122\/revisions"}],"predecessor-version":[{"id":31186,"href":"https:\/\/www.medienberatungev.org\/index.php?rest_route=\/wp\/v2\/posts\/1122\/revisions\/31186"}],"wp:attachment":[{"href":"https:\/\/www.medienberatungev.org\/index.php?rest_route=%2Fwp%2Fv2%2Fmedia&parent=1122"}],"wp:term":[{"taxonomy":"category","embeddable":true,"href":"https:\/\/www.medienberatungev.org\/index.php?rest_route=%2Fwp%2Fv2%2Fcategories&post=1122"},{"taxonomy":"post_tag","embeddable":true,"href":"https:\/\/www.medienberatungev.org\/index.php?rest_route=%2Fwp%2Fv2%2Ftags&post=1122"}],"curies":[{"name":"wp","href":"https:\/\/api.w.org\/{rel}","templated":true}]}}