{"id":1139,"date":"2016-01-12T21:38:59","date_gmt":"2016-01-12T21:38:59","guid":{"rendered":"http:\/\/www.medienberatungev.org\/?p=1139"},"modified":"2022-10-25T15:19:10","modified_gmt":"2022-10-25T15:19:10","slug":"was-verboten-ist-das-macht-uns-grade-scharf","status":"publish","type":"post","link":"https:\/\/www.medienberatungev.org\/?p=1139","title":{"rendered":"&#8222;Was verboten ist, das macht uns grade scharf&#8220; (Biermann)"},"content":{"rendered":"<p><a href=\"https:\/\/www.medienberatungev.org\/wp-content\/uploads\/2016\/01\/PDF-Was-verboten-ist-das-macht-uns-grade-scharf.pdf\">PDF Was verboten ist das macht uns grade scharf<\/a><\/p>\n<p>&#8222;Was verboten ist, das macht uns grade scharf&#8220;. Leserbrief zu einem Artikel von Klaus Hillenbrand in der Taz vom 29.12.2015 &#8222;Ein b\u00f6ses Buch kehrt zur\u00fcck&#8220;<a href=\"http:\/\/www.medienberatungev.org\/wp-content\/uploads\/2013\/10\/milpferd_einauge1.jpg\"><img loading=\"lazy\" decoding=\"async\" class=\"alignleft  wp-image-24\" src=\"http:\/\/www.medienberatungev.org\/wp-content\/uploads\/2013\/10\/milpferd_einauge1.jpg\" alt=\"milpferd_einauge\" width=\"133\" height=\"89\" \/><\/a><\/p>\n<p align=\"JUSTIFY\"><span style=\"font-family: DejaVu Serif,serif;\"><span style=\"font-size: large;\">betrifft: \u201cEin b\u00f6ses Buch kehrt zur\u00fcck\u201d<\/span><\/span><\/p>\n<p align=\"JUSTIFY\"><span style=\"font-family: DejaVu Serif,serif;\"><span style=\"font-size: large;\">Text zu einer Buchkritik in der taz von <\/span><\/span><\/p>\n<p align=\"JUSTIFY\"><span style=\"font-family: DejaVu Serif,serif;\"><span style=\"font-size: large;\">Klaus Hillenbrand, Dienstag 29.12. 2015 <\/span><\/span><\/p>\n<p align=\"JUSTIFY\"><span style=\"font-family: DejaVu Serif,serif;\"><span style=\"font-size: large;\"><b>Was verboten ist, das macht uns grade scharf<\/b><\/span><\/span><\/p>\n<p align=\"LEFT\"><span style=\"font-family: DejaVu Serif,serif;\"><span style=\"font-size: large;\">hat Wolf Biermann der SED gesungen <\/span><\/span><span style=\"font-family: DejaVu Serif,serif;\"><span style=\"font-size: small;\">(entnehme ich meiner Schallplatte Philips twen, Neuss West, Biermann Ost, erschienen im September 1965<\/span><\/span> &#8222;Keiner tut gern tun, was er tun darf, was verboten ist, das macht uns grade scharf!&#8220;)<span style=\"font-family: DejaVu Serif,serif;\"><span style=\"font-size: large;\">. Die Buchkritik geht in die falsche Richtung. Denn die kommentierte Neuauflage dieses Buches von Adolf Hitler kommt ungef\u00e4hr vierzig Jahre zu sp\u00e4t. W\u00e4re sie im gleichen Jahr erschienen wie diese Schallplatte, dann h\u00e4tte die Herausgabe eine Funktion haben k\u00f6nnen, die \u00fcber den Reiz des Verbotenen hinausgegangen w\u00e4re. <\/span><\/span><!--more--><\/p>\n<p align=\"JUSTIFY\"><span style=\"font-family: DejaVu Serif,serif;\"><span style=\"font-size: large;\">Jetzt hat es nur noch den Reiz: <i>\u201cWas verboten ist, das macht uns grade scharf.\u201d <\/i>Meine Eltern erhielten dieses Buch von Herrn Hitler (in einem Band Teil 1 und 2) als Geschenk des Hamburger Senates (bezahlt aus Steuergeldern) zu Ihrer Hochzeit im Juni 1935. Sie haben es gelesen. (Unterstreichungen und Anmerkungen im Buch (mit Bleistift) dokumentieren dies). Und es hat nichts gen\u00fctzt. Die im Buch angedeuteten \u201cMa\u00dfnahmen\u201d wurden alle durchgef\u00fchrt. <\/span><\/span><\/p>\n<p align=\"JUSTIFY\"><span style=\"font-family: DejaVu Serif,serif;\"><span style=\"font-size: large;\">Die Lekt\u00fcre von \u201cMein Kampf\u201d hat nichts davon verhindert. Im Gegenteil. Mein Vater ist trotzdem (oder gerade deswegen) Mitglied dieser Partei geworden, auch wenn ihm die Sache hinterher immerhin so peinlich war, dass er sie verschwiegen und \u00fcber Jahre geleugnet hat. Als die zw\u00f6lf Jahre des \u201cDritten Reiches\u201d vorbei waren, wurde ich gezeugt. Das Hochzeitsgeschenk (782 Seiten) wurde vor den einmarschierenden Truppen (der Tommy) im Keller im Heizkessel versteckt. (Brennmaterial (Koks) f\u00fcr\u00a0 die Zentralheizung gab es nicht).<\/span><\/span><\/p>\n<p align=\"JUSTIFY\"><span style=\"font-family: DejaVu Serif,serif;\"><span style=\"font-size: large;\">Die ersten Seiten dieses \u201cHochzeitsbuches\u201d sind deshalb einem Wasserschaden zum Opfer gefallen. (Es beginnt erst mit Seite 3) Schlie\u00dflich habe ich es gefunden (das haben Kinder so an sich) und eingelagert. Zum Lesen dieses Buches hatte ich keine Lust. Habe es aber, eben weil es verboten war, nicht weggeschmissen. 1996 habe ich es dann gelesen. Es hat mich sehr gelangweilt und sehr angestrengt.<\/span><\/span><\/p>\n<p align=\"JUSTIFY\"><span style=\"font-family: DejaVu Serif,serif;\"><span style=\"font-size: large;\">Das Buch ist langweilig und dumm. Solche Art B\u00fccher gibt es viele, sie werden gekauft und manchmal auch gelesen. Wer verstehen will, was in dieser Zeit passiert ist, gewinnt keine Erkenntnisse aus diesem \u201cverbotenen\u201d Buch. Da gibt es andere. Wesentlich bessere. <\/span><\/span><\/p>\n<p align=\"JUSTIFY\"><span style=\"font-family: DejaVu Serif,serif;\"><span style=\"font-size: large;\">Ich habe viel gelesen \u00fcber jene Zeit. Erst nach der Lekt\u00fcre der B\u00fccher von Raul Hilberg, (insbesondere \u201cDie Vernichtung der europ\u00e4ischen Juden\u201d erschienen 1961, deutsche Erstausgabe 1982\/ Fischer Verlag 1990), hatte ich das Gef\u00fchl, ich h\u00e4tte jetzt verstanden, was und wie das damals passiert ist und welche Verantwortung ich und meine Generation daf\u00fcr \u00fcbernehmen mu\u00df. <\/span><\/span><\/p>\n<p align=\"JUSTIFY\"><span style=\"font-family: DejaVu Serif,serif;\"><span style=\"font-size: large;\">Zu heutigen Zustand in Deutschland und unseren Verh\u00e4ltnissen kann ich nur Volker Pispers zitieren: \u201d&#8230; ein Land, in dem die Bev\u00f6lkerung noch Geld \u00fcber hat, um B\u00fccher von Dieter Bohlen zu kaufen, dem geht es nicht schlecht, da k\u00f6nnen die Steuern doch gar nicht hoch genug sein&#8230;\u201d <\/span><\/span><\/p>\n<p align=\"JUSTIFY\"><span style=\"font-family: DejaVu Serif,serif;\"><span style=\"font-size: large;\">Das w\u00fcrde auch f\u00fcr das Buch von Adolf Hitler gelten. Und vermutlich ist dieser \u201cBest Seller\u201d aus der Vergangenheit (mit einer Druckauflage von 12 Mill. St.) ja gar kein \u201cBest Seller\u201d gewesen, weil ein Gro\u00dfteil der gedruckten Auflagen erst nach der Macht\u00fcbergabe an die Nazis aus Steuergeldern beschafft und dann verschenkt wurde. (z. B. auf dem Standesamt, statt Bibel)<br \/>\n<\/span><\/span><\/p>\n<p align=\"JUSTIFY\"><span style=\"font-family: DejaVu Serif,serif;\"><span style=\"font-size: large;\">Meine Meinung: Weder politisch noch literarisch hat dieses Buch irgendeinen Wert. Eins der wenigen B\u00fccher meines Lebens, wo ich es noch heute bereue, dass ich meine Zeit daf\u00fcr verschwendet habe. Der einzige Antrieb, das Buch unbedingt durchzulesen, war mit Sicherheit das Verbot dieses Buches. <\/span><\/span><\/p>\n<p align=\"JUSTIFY\"><span style=\"font-family: DejaVu Serif,serif;\"><span style=\"font-size: large;\">Vor einigen Tagen habe ich im Deutschlandradio eine Diskussion unter P\u00e4dagogen geh\u00f6rt, ob dieses Buch im Schulunterricht zu verwenden sei. <\/span><\/span><\/p>\n<p align=\"JUSTIFY\"><span style=\"font-family: DejaVu Serif,serif;\"><span style=\"font-size: large;\">Nach der Sendung (und auch vorher schon) war ich der Meinung: ja. Da geh\u00f6rt es mit Sicherheit hin. Allerdings sollten die Lehrer darauf achten, dass sie den Kindern dieses Buch zum Lesen w\u00e4rmstens empfehlen. <\/span><\/span><\/p>\n<p align=\"JUSTIFY\"><span style=\"font-family: DejaVu Serif,serif;\"><span style=\"font-size: large;\">Das w\u00fcrde dann dazu f\u00fchren, da\u00df die Kinder um dieses Buch einen gro\u00dfen Bogen machen. (So wie wir es auch getan haben, wenn unsere Lehrer uns ein Buch empfohlen haben.) <\/span><\/span><\/p>\n<p align=\"JUSTIFY\"><span style=\"font-family: DejaVu Serif,serif;\"><span style=\"font-size: large;\">Diese (vermutlich nicht gewollte) Wirkung haben Generationen von Lehrern auch mit \u201clesenswerten\u201d B\u00fcchern bei uns erreicht. <\/span><\/span><\/p>\n<p align=\"JUSTIFY\"><span style=\"font-family: DejaVu Serif,serif;\"><span style=\"font-size: large;\">Auf diese Weise wurden Generationen von Sch\u00fclern die Lekt\u00fcre der B\u00fccher von Brecht, Tucholsky, Goethe, Schiller, Kafka (Kafka ist grade Abiturthema) und B\u00f6ll u. a. ausgetrieben. Niemals habe ich in der Schulzeit ein Buch dieser Dichter und Autoren in die Hand genommen. (Einige davon habe ich dann sp\u00e4ter selber gefunden).<\/span><\/span><\/p>\n<p align=\"JUSTIFY\"><span style=\"font-family: DejaVu Serif,serif;\"><span style=\"font-size: large;\">Wenn die P\u00e4dagogen jedoch gewollt h\u00e4tten, da\u00df wir tats\u00e4chlich Neugier f\u00fcr bestimmte B\u00fccher entwickeln, dann w\u00e4re es besser gewesen, sie h\u00e4tten von der Lekt\u00fcre abgeraten. <\/span><\/span><\/p>\n<p align=\"JUSTIFY\"><span style=\"font-family: DejaVu Serif,serif;\"><span style=\"font-size: large;\">Nur dadurch bin in auf die Mickey Mouse Hefte aufmerksam geworden. Mir wurde von denen, die uns erziehen wollten, geraten: wir sollten \u201cdoch lieber gute B\u00fccher\u201d und die \u201cguten Jugendzeitschriften\u201d (Stafette, Freiburg) lesen. <\/span><\/span><\/p>\n<p align=\"JUSTIFY\"><span style=\"font-family: DejaVu Serif,serif;\"><span style=\"font-size: large;\">Erreicht wurde (und vermutlich heute noch: wird) das genaue Gegenteil.<\/span><\/span><\/p>\n<p align=\"JUSTIFY\"><span style=\"font-family: DejaVu Serif,serif;\"><span style=\"font-size: large;\">In diesem Sinne ist das 70j\u00e4hrige Nachdruckverbot kontraproduktiv.<\/span><\/span><\/p>\n<p align=\"JUSTIFY\"><span style=\"font-family: DejaVu Serif,serif;\"><span style=\"font-size: large;\">Und dar\u00fcber hinaus dr\u00e4ngt sich die Frage auf: Wenn es tats\u00e4chlich die Beamten der bayrischen Finanz\u00e4mter waren, die den Nachdruck von \u201cMein Kampf\u201d verhindert und damit die Neugier der nachfolgenden Generationen geweckt haben, dann stellt sich die Frage, ob dieses Verbot nicht genau das erreichen sollte?<\/span><\/span><\/p>\n<p align=\"JUSTIFY\"><span style=\"font-family: DejaVu Serif,serif;\"><span style=\"font-size: large;\">Wenn ausgerechnet Beamte, ohne deren T\u00e4tigkeit die Nazis niemals die Vernichtung der europ\u00e4ischen Juden h\u00e4tten organisieren k\u00f6nnen (Raoul Hilberg), diesen Nachdruck so lange verhindern, dann ist das ein Treppenwitz der Geschichte. <\/span><\/span><\/p>\n<p align=\"JUSTIFY\"><span style=\"font-family: DejaVu Serif,serif;\"><span style=\"font-size: large;\">Denn vermutlich haben die bayrischen Finanzbeamten sich etwas dabei gedacht. Ich mag gar nicht denken, was.<\/span><\/span><\/p>\n<p align=\"JUSTIFY\"><span style=\"font-family: DejaVu Serif,serif;\"><span style=\"font-size: large;\">Hamburg, d. 12. Januar 2016 Jens Meyer<a href=\"http:\/\/www.medienberatungev.org\/wp-content\/uploads\/2013\/10\/milpferd_einauge1.jpg\"><img loading=\"lazy\" decoding=\"async\" class=\"alignleft  wp-image-24\" src=\"http:\/\/www.medienberatungev.org\/wp-content\/uploads\/2013\/10\/milpferd_einauge1.jpg\" alt=\"milpferd_einauge\" width=\"106\" height=\"71\" \/><\/a><\/span><\/span><\/p>\n","protected":false},"excerpt":{"rendered":"<p>PDF Was verboten ist das macht uns grade scharf &#8222;Was verboten ist, das macht uns grade scharf&#8220;. Leserbrief zu einem Artikel von Klaus Hillenbrand in der Taz vom 29.12.2015 &#8222;Ein b\u00f6ses Buch kehrt zur\u00fcck&#8220; betrifft: \u201cEin b\u00f6ses Buch kehrt zur\u00fcck\u201d Text zu einer Buchkritik in der taz von Klaus Hillenbrand, Dienstag 29.12. 2015 Was verboten &hellip; <a href=\"https:\/\/www.medienberatungev.org\/?p=1139\" class=\"more-link\"><span class=\"screen-reader-text\">\u201e&#8222;Was verboten ist, das macht uns grade scharf&#8220; (Biermann)\u201c<\/span> weiterlesen<\/a><\/p>\n","protected":false},"author":2,"featured_media":0,"comment_status":"open","ping_status":"open","sticky":false,"template":"","format":"standard","meta":{"footnotes":""},"categories":[199,9],"tags":[1200,3641,1201,1202,1196,552,3571,1211,170,1189,1193,1194,1203,1214,3613,1197,1206,1198,1191,1207,1184,1210,43,1183,1209,1213,1187,1188,3614,1195,1199,196,1205,1192,1186,1208,1190,1212,1185,101],"class_list":["post-1139","post","type-post","status-publish","format-standard","hentry","category-berlin","category-buchkritik","tag-1200","tag-3641","tag-1201","tag-1202","tag-abitur-thema","tag-adolf-hitler","tag-bayern","tag-bestseller","tag-brecht","tag-die-vernichtung-der-europaeischen-juden","tag-dieter-bohlen","tag-finanzbeamte","tag-fischer-verlag","tag-freiburg","tag-goethe","tag-hamburger-senat","tag-heizungskessel","tag-hochzeitsgeschenk","tag-kafka","tag-keller","tag-klaus-hillenbrand","tag-lehrer","tag-machtuebergabe","tag-mein-kampf","tag-mickey-mouse","tag-ost","tag-paedagogen","tag-raul-hilberg","tag-schiller","tag-stafette","tag-standesamt","tag-taz","tag-tommy","tag-tucholsky","tag-verboten","tag-verstecken","tag-volker-pispers","tag-west","tag-wolf-biermann","tag-wolfgang-neuss"],"_links":{"self":[{"href":"https:\/\/www.medienberatungev.org\/index.php?rest_route=\/wp\/v2\/posts\/1139","targetHints":{"allow":["GET"]}}],"collection":[{"href":"https:\/\/www.medienberatungev.org\/index.php?rest_route=\/wp\/v2\/posts"}],"about":[{"href":"https:\/\/www.medienberatungev.org\/index.php?rest_route=\/wp\/v2\/types\/post"}],"author":[{"embeddable":true,"href":"https:\/\/www.medienberatungev.org\/index.php?rest_route=\/wp\/v2\/users\/2"}],"replies":[{"embeddable":true,"href":"https:\/\/www.medienberatungev.org\/index.php?rest_route=%2Fwp%2Fv2%2Fcomments&post=1139"}],"version-history":[{"count":16,"href":"https:\/\/www.medienberatungev.org\/index.php?rest_route=\/wp\/v2\/posts\/1139\/revisions"}],"predecessor-version":[{"id":20448,"href":"https:\/\/www.medienberatungev.org\/index.php?rest_route=\/wp\/v2\/posts\/1139\/revisions\/20448"}],"wp:attachment":[{"href":"https:\/\/www.medienberatungev.org\/index.php?rest_route=%2Fwp%2Fv2%2Fmedia&parent=1139"}],"wp:term":[{"taxonomy":"category","embeddable":true,"href":"https:\/\/www.medienberatungev.org\/index.php?rest_route=%2Fwp%2Fv2%2Fcategories&post=1139"},{"taxonomy":"post_tag","embeddable":true,"href":"https:\/\/www.medienberatungev.org\/index.php?rest_route=%2Fwp%2Fv2%2Ftags&post=1139"}],"curies":[{"name":"wp","href":"https:\/\/api.w.org\/{rel}","templated":true}]}}