{"id":11902,"date":"2020-06-15T08:24:33","date_gmt":"2020-06-15T08:24:33","guid":{"rendered":"https:\/\/www.medienberatungev.org\/?p=11902"},"modified":"2020-06-16T20:06:17","modified_gmt":"2020-06-16T20:06:17","slug":"die-staatsanwaltschaft-auf-der-seite-der-moerder","status":"publish","type":"post","link":"https:\/\/www.medienberatungev.org\/?p=11902","title":{"rendered":"Die Staatsanwaltschaft auf der Seite der M\u00f6rder"},"content":{"rendered":"\n<div class=\"wp-block-file\"><a href=\"https:\/\/www.medienberatungev.org\/wp-content\/uploads\/2020\/06\/pdfStaatsanwaltschaft-auf-Seiten-der-M\u00f6rder-1.pdf\">pdfStaatsanwaltschaft-auf-Seiten-der-M\u00f6rder-1<\/a><a href=\"https:\/\/www.medienberatungev.org\/wp-content\/uploads\/2020\/06\/pdfStaatsanwaltschaft-auf-Seiten-der-M\u00f6rder-1.pdf\" class=\"wp-block-file__button\" download>Herunterladen<\/a><\/div>\n\n\n\n<p><strong>Abschrift:<\/strong> <strong>Wolfgang Abendroth<\/strong> <strong>\u00dcber Klassenjustiz und Arbeiterklasse in der Weimarer Zeit<\/strong>.(Aus Wolfgang Abendroth, Ein Leben in der Arbeiterbewegung, Edition Suhrkamp, Band 820, Gespr\u00e4che mit Barbara Dietrich und Joachim Perels. <strong>Seite 96.<\/strong>)<\/p>\n\n\n\n<p class=\"has-drop-cap\">&#8222;Klassenjustiz wirkte sich in mehrfacher Hinsicht gegen die Arbeiterklasse aus. In der politischen Strafjustiz insofern, als sich die \u00e4u\u00dferste Rechte an Verbrechen und Morden leisten konnte, was immer sie wollte. In den Jahren 1919 und 1920 wurden Hunderte deutscher Arbeiter von den Freikorps ermordet. <strong>(109)<\/strong> Es begann mit der Ermordung linker und kommunistischer Arbeiterfunktion\u00e4re, griff dann \u00fcber auf Mitglieder der USPD, traf auch Pazifisten wie Paasche, schlie\u00dflich auch b\u00fcrgerliche Politiker wie z. B. Erzberger und Rathenau. <strong>(110)<\/strong> In den beiden letzten F\u00e4llen wurden zwar ernstliche Strafverfahren eingeleitet, im \u00fcbrigen aber stand die Staatsanwaltschaft auf der Seite der M\u00f6rder. Kam es dennoch zu einem Strafverfahren, so wurden Scheinstrafen ausgesprochen \u2013 ich erinnere an den sehr sp\u00e4t durchgef\u00fchrten Proze\u00df wegen des Mordes an Rosa Luxemburg <strong>(111)<\/strong> &#8211; , oder es erfolgte Freispruch. Wenn sich dagegen Arbeiter politisch etwas \u00bbzuschulden kommen lie\u00dfen\u00ab, hagelte es Strafen noch und noch &#8211; so bei allen sogenannten Gewaltdelikten, dann in extensiver Auslegung dieser Gewaltdelikte wegen Landfriedensbruchs und Hausfriedensbruch bei Auseinandersetzungen in Versammlungen und schlie\u00dflich bei der Teilnahme an Massenstreiks oder bei gewaltsamen Auseinandersetzungen wie nach dem Kapp-Putsch. F\u00fcr die Justiz der damaligen Zeit war es selbstverst\u00e4ndlich, da\u00df sie Anl\u00e4sse dieser Art benutzte, um hohe Strafen zu verh\u00e4ngen.\u201c <strong>(112)<\/strong><\/p>\n\n\n\n<p>(<strong>109)<\/strong> Freikorps waren gegenrevolution\u00e4re milit\u00e4rische Verb\u00e4nde, die von Offizieren der alten kaiserlichen Armee gebildet und gef\u00fchrt wurden; vgl. Arthur Rosenberg, Geschichte Weimarer Republik, Frankfurt\/Main 1961  S. 59 ff.; Emil J. Gumbel, Vom Fememord zur Reichskanzlei, Heidelberg 1962 S. 45 ff.<strong>(110) <\/strong>Vgl. Emil J. Gumbel, a.a.O. , S. 45 ff.<strong>(111)<\/strong> Vgl. Der Mord an Rosa Luxemburg und Karl Liebknecht, Dokumentation eines politischen Verbrechens, hrsg. von Elisabeth Hannover-Dr\u00fcck und Heinrich Hannover, Frankfurt\/Main 1967, S. 59-126<strong>(112)<\/strong> Vgl. Emil J. Gumbel, a.a.O., S. 46 f. ; Heinrich Hannover und Elisabeth Hannover-Dr\u00fcck, Politische Justiz 1918-1933, Frankfurt \/Main 1966. (F\u00fcr alle, die es nicht wissen, bzw. nicht wu\u00dften (so wie ich)  heisst a.a.O= am angegebenen Ort!)<\/p>\n\n\n\n<div class=\"wp-block-image\"><figure class=\"alignright size-large is-resized\"><img loading=\"lazy\" decoding=\"async\" src=\"https:\/\/www.medienberatungev.org\/wp-content\/uploads\/2016\/06\/IMG_4471-1024x768.jpg\" alt=\"\" class=\"wp-image-4223\" width=\"288\" height=\"216\"\/><\/figure><\/div>\n\n\n\n<figure class=\"wp-block-image size-large is-resized\"><img loading=\"lazy\" decoding=\"async\" src=\"https:\/\/www.medienberatungev.org\/wp-content\/uploads\/2020\/01\/image-1.png\" alt=\"\" class=\"wp-image-10573\" width=\"265\" height=\"211\"\/><\/figure>\n\n\n\n<p><\/p>\n","protected":false},"excerpt":{"rendered":"<p>Abschrift: Wolfgang Abendroth \u00dcber Klassenjustiz und Arbeiterklasse in der Weimarer Zeit.(Aus Wolfgang Abendroth, Ein Leben in der Arbeiterbewegung, Edition Suhrkamp, Band 820, Gespr\u00e4che mit Barbara Dietrich und Joachim Perels. Seite 96.) &#8222;Klassenjustiz wirkte sich in mehrfacher Hinsicht gegen die Arbeiterklasse aus. In der politischen Strafjustiz insofern, als sich die \u00e4u\u00dferste Rechte an Verbrechen und Morden &hellip; <a href=\"https:\/\/www.medienberatungev.org\/?p=11902\" class=\"more-link\"><span class=\"screen-reader-text\">\u201eDie Staatsanwaltschaft auf der Seite der M\u00f6rder\u201c<\/span> weiterlesen<\/a><\/p>\n","protected":false},"author":2,"featured_media":0,"comment_status":"open","ping_status":"open","sticky":false,"template":"","format":"standard","meta":{"footnotes":""},"categories":[3214,2217,2522,2521,2698,2,2790,3420,2920,288,9,2489,2759,1489,4286,2427,2892,45,2788,123,1,1476,4088],"tags":[5779,5781,5792,5786,5782,5789,5791,5780,3158,5790,5788,5785,5787,5784,5783,5794,5777,5454,5793,5778],"class_list":["post-11902","post","type-post","status-publish","format-standard","hentry","category-3214","category-2217","category-2522","category-2521","category-2698","category-pro-bla","category-arbeiter","category-arbeiterin","category-arbeiterklasse","category-aus-dem-antiquariat","category-buchkritik","category-deutsches-reich","category-die-weltbuehne","category-kaiser-wilhelm","category-kaiser-wilhelm-ii","category-kpd","category-larissa-reissner","category-nsdap","category-parteiwirtschaft","category-spd","category-uncategorized","category-unsere-polizei","category-zoergiebel","tag-barbara-dietrich","tag-edition-suhrkamp-820","tag-elisabeth-hannover-drueck","tag-erzberger","tag-freikorps","tag-hausfriedensbruch","tag-heinrich-hannover","tag-joachim-perels","tag-kapp-putsch","tag-karl-liebknecht","tag-landfriedensbruch","tag-paasche","tag-rathenau","tag-rosa-luksenburg","tag-rosa-luxemburg","tag-staatsanwaltschaft","tag-staatsanwaltschaft-auf-der-seite-der-moerder","tag-uspd","tag-weimarer-republik","tag-wolfgang-abendroth"],"_links":{"self":[{"href":"https:\/\/www.medienberatungev.org\/index.php?rest_route=\/wp\/v2\/posts\/11902","targetHints":{"allow":["GET"]}}],"collection":[{"href":"https:\/\/www.medienberatungev.org\/index.php?rest_route=\/wp\/v2\/posts"}],"about":[{"href":"https:\/\/www.medienberatungev.org\/index.php?rest_route=\/wp\/v2\/types\/post"}],"author":[{"embeddable":true,"href":"https:\/\/www.medienberatungev.org\/index.php?rest_route=\/wp\/v2\/users\/2"}],"replies":[{"embeddable":true,"href":"https:\/\/www.medienberatungev.org\/index.php?rest_route=%2Fwp%2Fv2%2Fcomments&post=11902"}],"version-history":[{"count":8,"href":"https:\/\/www.medienberatungev.org\/index.php?rest_route=\/wp\/v2\/posts\/11902\/revisions"}],"predecessor-version":[{"id":11923,"href":"https:\/\/www.medienberatungev.org\/index.php?rest_route=\/wp\/v2\/posts\/11902\/revisions\/11923"}],"wp:attachment":[{"href":"https:\/\/www.medienberatungev.org\/index.php?rest_route=%2Fwp%2Fv2%2Fmedia&parent=11902"}],"wp:term":[{"taxonomy":"category","embeddable":true,"href":"https:\/\/www.medienberatungev.org\/index.php?rest_route=%2Fwp%2Fv2%2Fcategories&post=11902"},{"taxonomy":"post_tag","embeddable":true,"href":"https:\/\/www.medienberatungev.org\/index.php?rest_route=%2Fwp%2Fv2%2Ftags&post=11902"}],"curies":[{"name":"wp","href":"https:\/\/api.w.org\/{rel}","templated":true}]}}