{"id":1197,"date":"2016-04-09T09:52:00","date_gmt":"2016-04-09T09:52:00","guid":{"rendered":"http:\/\/www.medienberatungev.org\/?p=1197"},"modified":"2022-06-10T11:23:36","modified_gmt":"2022-06-10T11:23:36","slug":"seyfrieds-transparent-im-schulterblatt","status":"publish","type":"post","link":"https:\/\/www.medienberatungev.org\/?p=1197","title":{"rendered":"Seyfrieds Transparent im Schulterblatt"},"content":{"rendered":"<p><a href=\"http:\/\/www.medienberatungev.org\/wp-content\/uploads\/2016\/04\/Schulterblatt1seyfriedklein.jpg\"><img loading=\"lazy\" decoding=\"async\" class=\"alignleft size-full wp-image-1196\" src=\"http:\/\/www.medienberatungev.org\/wp-content\/uploads\/2016\/04\/Schulterblatt1seyfriedklein.jpg\" alt=\"Schulterblatt1seyfriedklein\" width=\"780\" height=\"1171\" \/><\/a>Ein Vorschlag an die Br\u00fcder Schommartz, denen das Haus im Schulterblatt Nr. 1 nach eigenem Bekunden geh\u00f6ren soll. Nun steht das Ger\u00fcst schon gef\u00fchlte drei Jahre am Haus, ohne dass man je einen Bauarbeiter sichten konnte. Da w\u00e4re es doch eine gute Sache, wenn etwas Kunst ans Ger\u00fcst k\u00e4me. Wie das aussehen k\u00f6nnte, zeigt diese Fotomontage.<\/p>\n<p>Zeichnung von Gerhard Seyfried, Foto von Jens Meyer, Montage: Fiete Koch<a href=\"http:\/\/www.medienberatungev.org\/wp-content\/uploads\/2013\/10\/milpferd_einauge1.jpg\"><img loading=\"lazy\" decoding=\"async\" class=\"alignleft  wp-image-24\" src=\"http:\/\/www.medienberatungev.org\/wp-content\/uploads\/2013\/10\/milpferd_einauge1.jpg\" alt=\"milpferd_einauge\" width=\"109\" height=\"73\" \/><\/a><\/p>\n","protected":false},"excerpt":{"rendered":"<p>Ein Vorschlag an die Br\u00fcder Schommartz, denen das Haus im Schulterblatt Nr. 1 nach eigenem Bekunden geh\u00f6ren soll. Nun steht das Ger\u00fcst schon gef\u00fchlte drei Jahre am Haus, ohne dass man je einen Bauarbeiter sichten konnte. Da w\u00e4re es doch eine gute Sache, wenn etwas Kunst ans Ger\u00fcst k\u00e4me. Wie das aussehen k\u00f6nnte, zeigt diese &hellip; <a href=\"https:\/\/www.medienberatungev.org\/?p=1197\" class=\"more-link\"><span class=\"screen-reader-text\">\u201eSeyfrieds Transparent im Schulterblatt\u201c<\/span> weiterlesen<\/a><\/p>\n","protected":false},"author":2,"featured_media":0,"comment_status":"open","ping_status":"open","sticky":false,"template":"","format":"standard","meta":{"footnotes":""},"categories":[1302,1288,1216,1245,945,16,1180,1215,123,1432],"tags":[1399,3642,1398,1400,1397],"class_list":["post-1197","post","type-post","status-publish","format-standard","hentry","category-bezirk-hamburg-altona","category-bezirk-hamburg-mitte","category-bodenspekulation","category-fotoarchiv-jens-meyer","category-fotos","category-hamburg","category-schanzenhof-2","category-schommartz","category-spd","category-sternschanze","tag-baugeruest","tag-schommartz","tag-schulterblatt-1","tag-seyfried","tag-spekulant"],"_links":{"self":[{"href":"https:\/\/www.medienberatungev.org\/index.php?rest_route=\/wp\/v2\/posts\/1197","targetHints":{"allow":["GET"]}}],"collection":[{"href":"https:\/\/www.medienberatungev.org\/index.php?rest_route=\/wp\/v2\/posts"}],"about":[{"href":"https:\/\/www.medienberatungev.org\/index.php?rest_route=\/wp\/v2\/types\/post"}],"author":[{"embeddable":true,"href":"https:\/\/www.medienberatungev.org\/index.php?rest_route=\/wp\/v2\/users\/2"}],"replies":[{"embeddable":true,"href":"https:\/\/www.medienberatungev.org\/index.php?rest_route=%2Fwp%2Fv2%2Fcomments&post=1197"}],"version-history":[{"count":3,"href":"https:\/\/www.medienberatungev.org\/index.php?rest_route=\/wp\/v2\/posts\/1197\/revisions"}],"predecessor-version":[{"id":17816,"href":"https:\/\/www.medienberatungev.org\/index.php?rest_route=\/wp\/v2\/posts\/1197\/revisions\/17816"}],"wp:attachment":[{"href":"https:\/\/www.medienberatungev.org\/index.php?rest_route=%2Fwp%2Fv2%2Fmedia&parent=1197"}],"wp:term":[{"taxonomy":"category","embeddable":true,"href":"https:\/\/www.medienberatungev.org\/index.php?rest_route=%2Fwp%2Fv2%2Fcategories&post=1197"},{"taxonomy":"post_tag","embeddable":true,"href":"https:\/\/www.medienberatungev.org\/index.php?rest_route=%2Fwp%2Fv2%2Ftags&post=1197"}],"curies":[{"name":"wp","href":"https:\/\/api.w.org\/{rel}","templated":true}]}}