{"id":1241,"date":"2016-05-18T18:54:35","date_gmt":"2016-05-18T18:54:35","guid":{"rendered":"http:\/\/www.medienberatungev.org\/?p=1241"},"modified":"2025-10-27T16:25:06","modified_gmt":"2025-10-27T16:25:06","slug":"eine-fotografie-von-1905","status":"publish","type":"post","link":"https:\/\/www.medienberatungev.org\/?p=1241","title":{"rendered":"Eine Fotografie von 1905"},"content":{"rendered":"<p><a href=\"http:\/\/www.medienberatungev.org\/wp-content\/uploads\/2016\/05\/Oma-Jens-MitRand.jpg\"><img loading=\"lazy\" decoding=\"async\" class=\"alignleft size-full wp-image-1242\" src=\"http:\/\/www.medienberatungev.org\/wp-content\/uploads\/2016\/05\/Oma-Jens-MitRand.jpg\" alt=\"Oma-Jens-MitRand\" width=\"2906\" height=\"2103\" \/><\/a><a href=\"http:\/\/www.medienberatungev.org\/wp-content\/uploads\/2016\/01\/IMG_3013.jpg\"><img loading=\"lazy\" decoding=\"async\" class=\"alignleft  wp-image-1170\" src=\"http:\/\/www.medienberatungev.org\/wp-content\/uploads\/2016\/01\/IMG_3013.jpg\" alt=\"IMG_3013\" width=\"373\" height=\"247\" \/><\/a><\/p>\n<p style=\"text-align: right;\">Foto aus der Sammlung Meyer. Entstanden ca. 1905, was sich aus dem Geburtsdatum des Kindes schlie\u00dfen (27. Oktober 1904) l\u00e4sst, dass in der Mitte im Kinderwagen sitzt. Es ist ein M\u00e4dchen. Die Aufnahme wurde vermutlich mit einer Plattenkamera (Format 9 x 12 Glasplatte) aufgenommen. Die hier abgebildete Fotografie wurde von einem erhaltenen Positiv hergestellt. Die Originalplatte gilt als verloren.<\/p>\n<p>Zeichnung Helga Bachmann<a href=\"http:\/\/www.medienberatungev.org\/wp-content\/uploads\/2016\/08\/By-nc-sa_color.png\"><br \/>\n<img loading=\"lazy\" decoding=\"async\" class=\"alignleft  wp-image-1755\" src=\"http:\/\/www.medienberatungev.org\/wp-content\/uploads\/2016\/08\/By-nc-sa_color.png\" alt=\"By-nc-sa_color\" width=\"107\" height=\"72\" srcset=\"https:\/\/www.medienberatungev.org\/wp-content\/uploads\/2016\/08\/By-nc-sa_color.png 720w, https:\/\/www.medienberatungev.org\/wp-content\/uploads\/2016\/08\/By-nc-sa_color-300x202.png 300w\" sizes=\"auto, (max-width: 107px) 85vw, 107px\" \/><\/a><\/p>\n","protected":false},"excerpt":{"rendered":"<p>Foto aus der Sammlung Meyer. Entstanden ca. 1905, was sich aus dem Geburtsdatum des Kindes schlie\u00dfen (27. Oktober 1904) l\u00e4sst, dass in der Mitte im Kinderwagen sitzt. Es ist ein M\u00e4dchen. Die Aufnahme wurde vermutlich mit einer Plattenkamera (Format 9 x 12 Glasplatte) aufgenommen. Die hier abgebildete Fotografie wurde von einem erhaltenen Positiv hergestellt. Die &hellip; <a href=\"https:\/\/www.medienberatungev.org\/?p=1241\" class=\"more-link\"><span class=\"screen-reader-text\">\u201eEine Fotografie von 1905\u201c<\/span> weiterlesen<\/a><\/p>\n","protected":false},"author":2,"featured_media":0,"comment_status":"open","ping_status":"open","sticky":false,"template":"","format":"standard","meta":{"footnotes":""},"categories":[1245,945,1],"tags":[3646,1250,1249,1251,1246,1247],"class_list":["post-1241","post","type-post","status-publish","format-standard","hentry","category-fotoarchiv-jens-meyer","category-fotos","category-uncategorized","tag-3646","tag-analog","tag-digital","tag-familie","tag-glasnegativ","tag-plattenkamera"],"_links":{"self":[{"href":"https:\/\/www.medienberatungev.org\/index.php?rest_route=\/wp\/v2\/posts\/1241","targetHints":{"allow":["GET"]}}],"collection":[{"href":"https:\/\/www.medienberatungev.org\/index.php?rest_route=\/wp\/v2\/posts"}],"about":[{"href":"https:\/\/www.medienberatungev.org\/index.php?rest_route=\/wp\/v2\/types\/post"}],"author":[{"embeddable":true,"href":"https:\/\/www.medienberatungev.org\/index.php?rest_route=\/wp\/v2\/users\/2"}],"replies":[{"embeddable":true,"href":"https:\/\/www.medienberatungev.org\/index.php?rest_route=%2Fwp%2Fv2%2Fcomments&post=1241"}],"version-history":[{"count":7,"href":"https:\/\/www.medienberatungev.org\/index.php?rest_route=\/wp\/v2\/posts\/1241\/revisions"}],"predecessor-version":[{"id":31183,"href":"https:\/\/www.medienberatungev.org\/index.php?rest_route=\/wp\/v2\/posts\/1241\/revisions\/31183"}],"wp:attachment":[{"href":"https:\/\/www.medienberatungev.org\/index.php?rest_route=%2Fwp%2Fv2%2Fmedia&parent=1241"}],"wp:term":[{"taxonomy":"category","embeddable":true,"href":"https:\/\/www.medienberatungev.org\/index.php?rest_route=%2Fwp%2Fv2%2Fcategories&post=1241"},{"taxonomy":"post_tag","embeddable":true,"href":"https:\/\/www.medienberatungev.org\/index.php?rest_route=%2Fwp%2Fv2%2Ftags&post=1241"}],"curies":[{"name":"wp","href":"https:\/\/api.w.org\/{rel}","templated":true}]}}