{"id":12492,"date":"2020-09-05T08:39:51","date_gmt":"2020-09-05T08:39:51","guid":{"rendered":"https:\/\/www.medienberatungev.org\/?p=12492"},"modified":"2022-05-28T07:02:37","modified_gmt":"2022-05-28T07:02:37","slug":"is-olreit","status":"publish","type":"post","link":"https:\/\/www.medienberatungev.org\/?p=12492","title":{"rendered":"Is olreit"},"content":{"rendered":"\n<pre class=\"wp-block-preformatted\"><strong>Hallo Jens,\nWer een kennt denn noch Dirks Paulun? De is  doch all lang dod.\nAber scheun  Dank ook. Ik heb wat lernt.\nAngelika<\/strong><\/pre>\n\n\n\n<p class=\"has-drop-cap\">wenn sich een in Hamburch een straat kreegen w\u00fcll, dann mut he sik den Nom selbs utdenken. Isso! Gl\u00f6vs nich wa? Is aba so. Also, wenn du ein Nachfolger vonne Elbstrat wern wills, dann mussu, wenn du David Mendel heiss und die falsche Religion haas, mussu noch ein klein Umweg finn. Klein Umweg is in dissen Fall: Mussu religion wechseln, un am besten auch gleich den verreterischen Vornom David wesseln. Und so wird aus einem David ein getaufter, \u00dcberdeutscher mit dree Vornams: August, Johann un Willem. Ehm di geballte deutsche Vornomenskraf. Drei doitsche Vornams, dat is \u00f6verzeugend. August oder Wilhelm alleine, da warrs ja schon wesen. Aber dann noch Johann. Un da is es nich fawunnerlich, dass nich mehr Fantasiee f\u00f6r den Nochnom \u00f6ver bleven is. Irgend was mit anners, was aber damals noch nich modern west und denn wird werr gesaachd ham, nee Anners is keen guter deutscher Nachmom. Und da is dann bi bleven. Bi de Brit  de Nom: Ne! Ander! entstann. Und di Tommy vonne britische M\u00fclit\u00e4rregierung har denn dissen David Mendel, der sich mit 17 Jor  selbs sein neuen Nom utdacht har, nommen. Mit drei Vornamen, allerdings ohne Fritz, dat w\u00e4r bi de Amis nich passeert, de harrn nur wuss: Friz, dat is olreit. Dann w\u00e4r de Strat, de domols Elbstrat het in de Friz Nee Anderstraat tauft worn. Und da man sik \u00f6ver den Vornom nich innig wern  kunn, har  man den Friz  wech loten. Ne-Ander is olreit, wi de Ami so secht. Har eh kein interessiert. Wa nur noch een Huus inne Elbstrat. All die annern wern wech. Wech pust vonne feinde. 1946. Gut das de Mann ut Balin, de Teologe, de konvertiert is,  Neander heet, un nich Teelmann oder so. Den Teelmann (glieks ohne Fritz) ham se hamburch ten Jiehrs after glieks wedder wech nomen un in buda pesta straat umgeswitscht. Obzwar he gor nix daf\u00f6r k\u00fcnnt. Isso! Gl\u00f6vs nich, wa? Issa aba so. Dorbi har de Teelmann nix to don mit de Panzers in Buda Pest. Da wer de Teelmann alang dod west. Por Jor. Un wenn Du wissen wull, wer sich dis Schrieven tosom gekl\u00fcstert har: Dat is unsa kleen Geheimn\u00fcs. Un wi \u00fcmma von Ano N\u00fcm schreven worn. We de hochd\u00fctsche so seecht: Feinde haben wir schon genug. N\u00fc brukt wi keen.<\/p>\n\n\n\n<p><\/p>\n\n\n\n<div class=\"wp-block-image\"><figure class=\"alignleft size-large is-resized\"><img loading=\"lazy\" decoding=\"async\" src=\"https:\/\/www.medienberatungev.org\/wp-content\/uploads\/2020\/01\/image.png\" alt=\"\" class=\"wp-image-10572\" width=\"192\" height=\"130\" srcset=\"https:\/\/www.medienberatungev.org\/wp-content\/uploads\/2020\/01\/image.png 720w, https:\/\/www.medienberatungev.org\/wp-content\/uploads\/2020\/01\/image-300x203.png 300w\" sizes=\"auto, (max-width: 192px) 85vw, 192px\" \/><\/figure><\/div>\n\n\n\n<figure class=\"wp-block-image size-large is-resized\"><img loading=\"lazy\" decoding=\"async\" src=\"https:\/\/www.medienberatungev.org\/wp-content\/uploads\/2020\/09\/ElbstrasseHamburg.jpg\" alt=\"\" class=\"wp-image-12583\" width=\"287\" height=\"237\"\/><figcaption>Foto Strumper 1892<\/figcaption><\/figure>\n\n\n\n<div class=\"wp-block-image\"><figure class=\"alignright size-large is-resized\"><img loading=\"lazy\" decoding=\"async\" src=\"https:\/\/www.medienberatungev.org\/wp-content\/uploads\/2019\/11\/nilpferd_einauge1-1024x686.jpg\" alt=\"\" class=\"wp-image-10182\" width=\"281\" height=\"184\"\/><\/figure><\/div>\n\n\n\n<div class=\"wp-block-file\"><a id=\"wp-block-file--media-d9f1d66e-9df9-42b9-a9b1-0cf813443aa0\" href=\"https:\/\/www.medienberatungev.org\/wp-content\/uploads\/2020\/09\/Petra\u00d6lkerElbstrasse.pdf\">Petra\u00d6lkerElbstrasse<\/a><a href=\"https:\/\/www.medienberatungev.org\/wp-content\/uploads\/2020\/09\/Petra\u00d6lkerElbstrasse.pdf\" class=\"wp-block-file__button\" download aria-describedby=\"wp-block-file--media-d9f1d66e-9df9-42b9-a9b1-0cf813443aa0\">Herunterladen<\/a><\/div>\n\n\n\n<div class=\"wp-block-image\"><figure class=\"alignleft size-large is-resized\"><img loading=\"lazy\" decoding=\"async\" src=\"https:\/\/www.medienberatungev.org\/wp-content\/uploads\/2020\/08\/HamburgSeite27klein1.png\" alt=\"\" class=\"wp-image-12283\" width=\"270\" height=\"343\"\/><\/figure><\/div>\n\n\n\n<div class=\"wp-block-image\"><figure class=\"alignright size-large is-resized\"><img loading=\"lazy\" decoding=\"async\" src=\"https:\/\/www.medienberatungev.org\/wp-content\/uploads\/2020\/08\/HamburgSeite26klein1.png\" alt=\"\" class=\"wp-image-12287\" width=\"284\" height=\"362\"\/><\/figure><\/div>\n\n\n\n<div class=\"wp-block-image\"><figure class=\"alignleft size-large is-resized\"><img loading=\"lazy\" decoding=\"async\" src=\"https:\/\/www.medienberatungev.org\/wp-content\/uploads\/2020\/08\/HamburgNovember1945Seite10klein1.png\" alt=\"\" class=\"wp-image-12289\" width=\"234\" height=\"298\"\/><figcaption>Tarnung gegen Fliegerangriffe<\/figcaption><\/figure><\/div>\n\n\n\n<figure class=\"wp-block-image size-large\"><img decoding=\"async\" src=\"https:\/\/www.medienberatungev.org\/wp-content\/uploads\/2020\/10\/P1110290ElbstrasseWDreesen1901klein.jpg\" alt=\"\" class=\"wp-image-12919\"\/><figcaption>Elbstrasse Foto von Wilhelm Dreesen (Original liegt im Staatsarchiv)<\/figcaption><\/figure>\n\n\n\n<figure class=\"wp-block-image size-large\"><img decoding=\"async\" src=\"https:\/\/www.medienberatungev.org\/wp-content\/uploads\/2020\/10\/P1110301Elbstrasse1901WDreesenklein.jpg\" alt=\"\" class=\"wp-image-12920\"\/><figcaption>Ausschnitt von dem Foto von Wilhelm Dreesen Elbstrasse 1901 (Original liegt im Staatsarchiv)<\/figcaption><\/figure>\n\n\n\n<p><\/p>\n","protected":false},"excerpt":{"rendered":"<p>Hallo Jens, Wer een kennt denn noch Dirks Paulun? De is doch all lang dod. Aber scheun Dank ook. Ik heb wat lernt. Angelika wenn sich een in Hamburch een straat kreegen w\u00fcll, dann mut he sik den Nom selbs utdenken. Isso! Gl\u00f6vs nich wa? Is aba so. Also, wenn du ein Nachfolger vonne Elbstrat &hellip; <a href=\"https:\/\/www.medienberatungev.org\/?p=12492\" class=\"more-link\"><span class=\"screen-reader-text\">\u201eIs olreit\u201c<\/span> weiterlesen<\/a><\/p>\n","protected":false},"author":2,"featured_media":0,"comment_status":"open","ping_status":"open","sticky":false,"template":"","format":"standard","meta":{"footnotes":""},"categories":[1],"tags":[6087,6040,6100,6101,6039,6095,6096,5958,6091,6046,6089,6099,5919,6098,6097,6038,6093,6037,6094,1205,6041,6088],"class_list":["post-12492","post","type-post","status-publish","format-standard","hentry","category-uncategorized","tag-august","tag-august-johann-wilhelm-neander","tag-buda-pest","tag-budapest","tag-david-mendel","tag-eimbuetteler","tag-eimsbuetteler","tag-elbstrasse","tag-is-alreit","tag-is-olreit","tag-johann","tag-ne-ander","tag-neanderstrasse","tag-nee-an-der","tag-nee-ander","tag-taelmann","tag-teelmann","tag-ten-jiehrs-after","tag-thaelmann","tag-tommy","tag-ueberdeutscher","tag-wilhelm"],"_links":{"self":[{"href":"https:\/\/www.medienberatungev.org\/index.php?rest_route=\/wp\/v2\/posts\/12492","targetHints":{"allow":["GET"]}}],"collection":[{"href":"https:\/\/www.medienberatungev.org\/index.php?rest_route=\/wp\/v2\/posts"}],"about":[{"href":"https:\/\/www.medienberatungev.org\/index.php?rest_route=\/wp\/v2\/types\/post"}],"author":[{"embeddable":true,"href":"https:\/\/www.medienberatungev.org\/index.php?rest_route=\/wp\/v2\/users\/2"}],"replies":[{"embeddable":true,"href":"https:\/\/www.medienberatungev.org\/index.php?rest_route=%2Fwp%2Fv2%2Fcomments&post=12492"}],"version-history":[{"count":40,"href":"https:\/\/www.medienberatungev.org\/index.php?rest_route=\/wp\/v2\/posts\/12492\/revisions"}],"predecessor-version":[{"id":17098,"href":"https:\/\/www.medienberatungev.org\/index.php?rest_route=\/wp\/v2\/posts\/12492\/revisions\/17098"}],"wp:attachment":[{"href":"https:\/\/www.medienberatungev.org\/index.php?rest_route=%2Fwp%2Fv2%2Fmedia&parent=12492"}],"wp:term":[{"taxonomy":"category","embeddable":true,"href":"https:\/\/www.medienberatungev.org\/index.php?rest_route=%2Fwp%2Fv2%2Fcategories&post=12492"},{"taxonomy":"post_tag","embeddable":true,"href":"https:\/\/www.medienberatungev.org\/index.php?rest_route=%2Fwp%2Fv2%2Ftags&post=12492"}],"curies":[{"name":"wp","href":"https:\/\/api.w.org\/{rel}","templated":true}]}}