{"id":126,"date":"2014-05-12T13:18:06","date_gmt":"2014-05-12T13:18:06","guid":{"rendered":"http:\/\/www.medienberatungev.org\/?p=126"},"modified":"2025-05-16T15:46:54","modified_gmt":"2025-05-16T15:46:54","slug":"die-geschichte-vom-eisenbieger","status":"publish","type":"post","link":"https:\/\/www.medienberatungev.org\/?p=126","title":{"rendered":"Die Geschichte vom Eisenbieger aus Westberlin (Berlin West)"},"content":{"rendered":"<p><a href=\"https:\/\/www.medienberatungev.org\/wp-content\/uploads\/2014\/05\/pdf-Die-Geschichte-vom-Eisenbieger.pdf\">pdf Die Geschichte vom Eisenbieger<\/a><\/p>\n\n<div class=\"wp-block-image\">\n<figure class=\"alignleft size-large is-resized\"><img loading=\"lazy\" decoding=\"async\" width=\"682\" height=\"1024\" src=\"https:\/\/www.medienberatungev.org\/wp-content\/uploads\/2017\/09\/UnsxerTunnel5-e1602099187720-682x1024.jpg\" alt=\"Tunnel wird gebaut\" class=\"wp-image-3199\" style=\"width:310px;height:464px\"\/><\/figure>\n<\/div>\n\n<p><a href=\"http:\/\/www.medienberatungev.org\/wp-content\/uploads\/2018\/06\/Tieresehendichan3.jpg\"><img loading=\"lazy\" decoding=\"async\" class=\"alignright\" src=\"http:\/\/www.medienberatungev.org\/wp-content\/uploads\/2018\/06\/Tieresehendichan3-1024x780.jpg\" alt=\"Tieresehendichan3\" width=\"129\" height=\"98\" \/><\/a>Die Sache ist schon ein wenig her. Verj\u00e4hrt? Man wei\u00df nicht so recht. Deswegen sollte ich den Namen \u00e4ndern. Also, ich nenne ihn jetzt mal Manfred W. aus Westberlin. Ein Ureinwohner, der noch niemals (jedenfalls damals nicht), die eingemauerte Stadt verlassen hatte. Von Beruf Eisenbieger und sp\u00e4ter Student an der Filmakademie in Berlin (dffb). Dort lernte ich ihn kennen. Wir erweiterten unseren Horizont. Und er lernte bei der Horizonterweiterung eine Dame aus Westdeutschland kennen. So nannten die eingemauerten Bewohner der Insel uns, die wir aus Hamburg oder anderen St\u00e4dten aus Westdeutschland, so nannten sie uns,\u00a0 kamen. Sie hatte ihm erz\u00e4hlt, dass ihr Vater Besitzer einer Marmeladenfabrik sei. Was Frauen alles so erfinden. Aber vielleicht kam sie ja wirklich aus Bad Schwartau.<\/p>\n<p style=\"text-align: justify;\">Jetzt wohnte sie jedenfalls in Hamburg (Am Gro\u00dfneumarkt &#8211; damals wollten da alle hin) und bekam oft Besuch von diesem Studenten aus Westberlin. Der hatte sein Leben komplett umgestellt. Nicht mehr morgens um f\u00fcnf aufstehen, hie\u00df die erste Umstellung. Ein Mensch ohne F\u00fchrerschein. Au\u00dfer mir der zweite Mensch, der keinen hatte und auch keinen wollte. Wozu auch? Also blieben nur bestimmte Transportmittel f\u00fcr ihn, um zu dieser Dame (er hatte damals einen anderen Ausdruck daf\u00fcr) am Gro\u00dfneumarkt zu gelangen. Er w\u00e4hlte die Bahn. Die Deutsche Reichsbahn. Der Zug, ein Interzonenzug, so nannten ihn alle, ausser den Personen der DDR Staatsgewalt. Ein D-Zug, der wegen langer Liegezeiten, Kontrollen und den obligaten Sch\u00e4ferhunden, die immer an den Z\u00fcgen rochen, ob sich hier nicht westberliner Fl\u00fcchtlinge aufhielten, die in den realen Sozialismus deutscher Pr\u00e4gung wollten . . . oder in der anderen Richtung westdeutsche Fl\u00fcchtlinge in den real existierenden Sozialismus, wie er auch genannt wurde, einsickern wollten.<\/p>\n<p style=\"text-align: justify;\">Vermutlich weil die Sch\u00e4ferhunde immer nix gerochen haben, brauchten die Z\u00fcge von Hamburg nach Berlin oder umgekehrt manchmal sieben Stunden, um die 287 km lange, eingleisige Strecke zu bew\u00e4ltigen. Die Eingleisigkeit der Strecke und der dadurch erreichte siebenst\u00fcndige Aufenthalt von Westdeutschen und Westberlinern standen in einem unmittelbaren Zusammenhang. Man k\u00f6nnte es auch russische Didaktik nennen. So hatte das deutsche Volk der Westzonen und Westberlins sieben Stunden Zeit, dar\u00fcber nachzudenken, ob die Russen 1945 wirklich ein Recht gehabt hatten, das zweite Gleis zu demontieren und nach Russland zu schaffen.<a href=\"http:\/\/www.medienberatungev.org\/wp-content\/uploads\/2016\/06\/IMG_3265.jpg\"><img loading=\"lazy\" decoding=\"async\" class=\"aligncenter size-large wp-image-1361\" src=\"http:\/\/www.medienberatungev.org\/wp-content\/uploads\/2016\/06\/IMG_3265-1024x681.jpg\" alt=\"IMG_3265\" width=\"640\" height=\"425\" \/><\/a>Ich fand immer, sie hatten. Auch die Wartezeiten, die dadurch entstanden, dass ein Gegenzug abgewartet werden musste, hatten durchaus einen didaktischen Sinn. Die Z\u00fcge hielten niemals in einem der Bahnh\u00f6fe, denn die Schn\u00fcffelhunde waren fest stationiert. In Schwanheide und in Griebnitzsee. Kein Weg ist zu weit. Reisende Sch\u00e4ferhunde habe ich im Interzonenzug niemals erlebt. Jedenfalls kam Manfred W. (durch die komplette Lebensumstellung) immer auf den letzten Dr\u00fccker im Bahnhof Zoo an. Nebenbei: Es gab ja auch nur wenige Z\u00fcge, die die Stadt verlie\u00dfen oder erreichten. Waren es zwei Zugpaare, oder nur eins?<\/p>\n<p style=\"text-align: justify;\">Man vergisst ja so schnell. Jedenfalls blieb Manfred W. keine Zeit, um vorher noch eine Fahrkarte zu kaufen. Also sprang er immer flugs in die erste Klasse und wenn dann der Kontrolleur kam, war sein Standard Satz, er br\u00e4uchte noch einen Zuschlag. Wer Manfred W. kennt, der glaubt ihm, dass er sich nichts dabei gedacht hat. Vielleicht ist es ihm ja irgendwann aufgefallen, dass das eigentlich ganz sch\u00f6n billig ist, diese Fahrt von Berlin nach Hamburg. (Das Foto aus der ersten Klasse ist hier ein wenig Fehl am Platz, aber im Original Zug der Reichsbahn habe ich nie fotografiert, warum weiss ich auch nicht)<a href=\"http:\/\/www.medienberatungev.org\/wp-content\/uploads\/2016\/06\/ersterklasse1klein.jpg\"><img loading=\"lazy\" decoding=\"async\" class=\"alignleft size-full wp-image-1328\" src=\"http:\/\/www.medienberatungev.org\/wp-content\/uploads\/2016\/06\/ersterklasse1klein.jpg\" alt=\"ersterklasse1klein\" width=\"780\" height=\"523\" \/><\/a><\/p>\n<p style=\"text-align: justify;\">Aber es fehlten ihm auch die richtigen Vergleiche. Die S-Bahn in Berlin wurde zu jener Zeit von vielen Westberlinern boykottiert.<a href=\"http:\/\/www.medienberatungev.org\/wp-content\/uploads\/2014\/05\/IMG_0200.jpg\"><img loading=\"lazy\" decoding=\"async\" class=\"aligncenter size-large wp-image-4617\" src=\"http:\/\/www.medienberatungev.org\/wp-content\/uploads\/2014\/05\/IMG_0200-1024x768.jpg\" alt=\"IMG_0200\" width=\"640\" height=\"480\" \/><\/a>Sie geh\u00f6rte den b\u00f6sen Kommunisten aus der Ostzone (eben auch Reichsbahn), die dem Kapitalismus in Westberlin mit Kampfpreisen, (waren es 10 Pfennig f\u00fcr eine Fahrt?) den Garaus machen wollte. Jedenfalls war das eine gute Propaganda. Und so stiegen auch die Preise bei der BVG nicht ins Unendliche, wie sie das heute tun. Die Beziehung mit der Marmeladentochter dauerte bei Manfred W. so lange, wie Beziehungen bei Manfred W. eben dauern. Manchmal fuhr er jedes Wochenende nach Hamburg. Bis eines Tages ein Schaffner ihn dann doch mal (nach Verkauf des 1. Klasse Zuschlages) nach der Fahrkarte gefragt hat. Geistesgegenw\u00e4rtig hat er dann bezahlt, ohne viel zu Murren. Von wegen, ich mach das schon seit f\u00fcnf Jahren oder so. Und jetzt m\u00fcsste das ja auch lange verj\u00e4hrt sein, odr?<\/p>\n<p style=\"text-align: justify;\">Und wenn nicht: Ist die Deutsche Bahn \u00fcberhaupt die Rechtsnachfolgerin der Deutschen Reichsbahn, wo es den Staat doch auch schon lange nicht mehr gibt? Dennoch erscheint es Manfred W. besser in der Anonymit\u00e4t zu verbleiben. Er hatte sich noch kurz die Frage gestellt, ob man im Sozialismus \u00fcberhaupt Schwarzfahren kann, wo doch alles, also auch die Eisenbahn, dem Volk geh\u00f6rt! Man kann sich ja auch nicht selber beklauen. Besser ist jedenfalls, so beschloss Manfred W., die Namen nicht zu nennen. In beiden Systemen.<\/p>\n<p><a href=\"http:\/\/www.medienberatungev.org\/wp-content\/uploads\/2014\/06\/008.jpg\"><img loading=\"lazy\" decoding=\"async\" class=\"wp-image-602 alignnone\" src=\"http:\/\/www.medienberatungev.org\/wp-content\/uploads\/2014\/06\/008-1024x686.jpg\" alt=\"008\" width=\"685\" height=\"459\" \/><\/a> Fotos Jens Meyer<a href=\"http:\/\/www.medienberatungev.org\/wp-content\/uploads\/2013\/10\/milpferd_einauge.jpg\"><img loading=\"lazy\" decoding=\"async\" class=\"wp-image-16 alignright\" src=\"http:\/\/www.medienberatungev.org\/wp-content\/uploads\/2013\/10\/milpferd_einauge.jpg\" alt=\"milpferd_einauge\" width=\"209\" height=\"140\" \/><\/a><a href=\"http:\/\/www.medienberatungev.org\/wp-content\/uploads\/2017\/11\/By-nc-sa_color1.png\"><img loading=\"lazy\" decoding=\"async\" class=\"wp-image-4411 alignleft\" src=\"http:\/\/www.medienberatungev.org\/wp-content\/uploads\/2017\/11\/By-nc-sa_color1.png\" alt=\"By-nc-sa_color\" width=\"229\" height=\"155\" srcset=\"https:\/\/www.medienberatungev.org\/wp-content\/uploads\/2017\/11\/By-nc-sa_color1.png 720w, https:\/\/www.medienberatungev.org\/wp-content\/uploads\/2017\/11\/By-nc-sa_color1-300x202.png 300w\" sizes=\"auto, (max-width: 229px) 85vw, 229px\" \/><\/a><a href=\"http:\/\/www.medienberatungev.org\/wp-content\/uploads\/2017\/11\/ZugnachPrag.jpg\"><img loading=\"lazy\" decoding=\"async\" class=\"aligncenter size-large wp-image-4684\" src=\"http:\/\/www.medienberatungev.org\/wp-content\/uploads\/2017\/11\/ZugnachPrag-1024x693.jpg\" alt=\"ZugnachPrag\" width=\"640\" height=\"433\" srcset=\"https:\/\/www.medienberatungev.org\/wp-content\/uploads\/2017\/11\/ZugnachPrag-1024x693.jpg 1024w, https:\/\/www.medienberatungev.org\/wp-content\/uploads\/2017\/11\/ZugnachPrag-300x203.jpg 300w, https:\/\/www.medienberatungev.org\/wp-content\/uploads\/2017\/11\/ZugnachPrag.jpg 1047w\" sizes=\"auto, (max-width: 709px) 85vw, (max-width: 909px) 67vw, (max-width: 984px) 61vw, (max-width: 1362px) 45vw, 600px\" \/><\/a><a href=\"http:\/\/www.medienberatungev.org\/wp-content\/uploads\/2017\/11\/IMG_4439.jpg\"><img loading=\"lazy\" decoding=\"async\" class=\"aligncenter size-large wp-image-4688\" src=\"http:\/\/www.medienberatungev.org\/wp-content\/uploads\/2017\/11\/IMG_4439-1024x768.jpg\" alt=\"IMG_4439\" width=\"640\" height=\"480\" \/><\/a><a href=\"http:\/\/www.medienberatungev.org\/wp-content\/uploads\/2018\/06\/Tieresehendichan31.jpg\"><img loading=\"lazy\" decoding=\"async\" class=\"wp-image-7184 alignright\" src=\"http:\/\/www.medienberatungev.org\/wp-content\/uploads\/2018\/06\/Tieresehendichan31-1024x780.jpg\" alt=\"Tieresehendichan3\" width=\"109\" height=\"83\" \/><\/a><\/p>","protected":false},"excerpt":{"rendered":"<p>pdf Die Geschichte vom Eisenbieger Die Sache ist schon ein wenig her. Verj\u00e4hrt? Man wei\u00df nicht so recht. Deswegen sollte ich den Namen \u00e4ndern. Also, ich nenne ihn jetzt mal Manfred W. aus Westberlin. Ein Ureinwohner, der noch niemals (jedenfalls damals nicht), die eingemauerte Stadt verlassen hatte. Von Beruf Eisenbieger und sp\u00e4ter Student an der &hellip; <a href=\"https:\/\/www.medienberatungev.org\/?p=126\" class=\"more-link\"><span class=\"screen-reader-text\">\u201eDie Geschichte vom Eisenbieger aus Westberlin (Berlin West)\u201c<\/span> weiterlesen<\/a><\/p>\n","protected":false},"author":2,"featured_media":0,"comment_status":"open","ping_status":"open","sticky":false,"template":"","format":"standard","meta":{"footnotes":""},"categories":[2105,4327,4831,4832,5134,2049,199,1844,6486,6485,1845,2948,20,851,2489,4379,7,1245,1618,945,82,16,463,1317,1895,3362,1833,8546,1556,1852,8594,8944,9219,77,9218,4330,1843,7742,2601,3130],"tags":[81,880,83,3252,3751,78,3538,887,886,881,885,3559,79,4489,4490,879,888,1846,883,877,878,884,80,3558,882],"class_list":["post-126","post","type-post","status-publish","format-standard","hentry","category-2105","category-4327","category-4831","category-4832","category-5134","category-2049","category-berlin","category-berlin-buch","category-berlin-hauptstadt-der-ddr","category-berlin-ost","category-berlin-west","category-deutsche","category-deutsche-bahn","category-deutsche-reichsbahn","category-deutsches-reich","category-dffb","category-eisenbahn","category-fotoarchiv-jens-meyer","category-fotografen","category-fotos","category-grossneumarkt","category-hamburg","category-hamburg-altona","category-hamburg-bergedorf","category-hamburg-dammtor","category-hamburg-hauptbahnhof","category-hamburger","category-hamburger-hauptbahnhof","category-hh-hauptbahnhof","category-ludwigslust","category-ost-berlin","category-ostberlin","category-ostdeutsch","category-westberlin","category-westdeutsch","category-westgeld","category-zepernick","category-zufallsfund","category-zugchef","category-zweite-klasse","tag-1-klasse","tag-bad-schwartau","tag-bahnhof-zoo","tag-berlin-ost","tag-berlin-west","tag-dffb","tag-eisenbahn","tag-erster-klasse","tag-fahrkarte","tag-fluechtlinge","tag-griebnitzsee","tag-grossneumarkt","tag-interzonenzug","tag-manfred-wolland","tag-manfred-wollandt","tag-marmeladenfabrik","tag-ostberlin","tag-restberlin","tag-russland","tag-schaeferhunde","tag-schnueffeln","tag-schwanheide","tag-schwarz-fahren","tag-westberlin","tag-westdeutschland"],"_links":{"self":[{"href":"https:\/\/www.medienberatungev.org\/index.php?rest_route=\/wp\/v2\/posts\/126","targetHints":{"allow":["GET"]}}],"collection":[{"href":"https:\/\/www.medienberatungev.org\/index.php?rest_route=\/wp\/v2\/posts"}],"about":[{"href":"https:\/\/www.medienberatungev.org\/index.php?rest_route=\/wp\/v2\/types\/post"}],"author":[{"embeddable":true,"href":"https:\/\/www.medienberatungev.org\/index.php?rest_route=\/wp\/v2\/users\/2"}],"replies":[{"embeddable":true,"href":"https:\/\/www.medienberatungev.org\/index.php?rest_route=%2Fwp%2Fv2%2Fcomments&post=126"}],"version-history":[{"count":57,"href":"https:\/\/www.medienberatungev.org\/index.php?rest_route=\/wp\/v2\/posts\/126\/revisions"}],"predecessor-version":[{"id":30053,"href":"https:\/\/www.medienberatungev.org\/index.php?rest_route=\/wp\/v2\/posts\/126\/revisions\/30053"}],"wp:attachment":[{"href":"https:\/\/www.medienberatungev.org\/index.php?rest_route=%2Fwp%2Fv2%2Fmedia&parent=126"}],"wp:term":[{"taxonomy":"category","embeddable":true,"href":"https:\/\/www.medienberatungev.org\/index.php?rest_route=%2Fwp%2Fv2%2Fcategories&post=126"},{"taxonomy":"post_tag","embeddable":true,"href":"https:\/\/www.medienberatungev.org\/index.php?rest_route=%2Fwp%2Fv2%2Ftags&post=126"}],"curies":[{"name":"wp","href":"https:\/\/api.w.org\/{rel}","templated":true}]}}