{"id":12712,"date":"2020-09-27T20:48:47","date_gmt":"2020-09-27T20:48:47","guid":{"rendered":"https:\/\/www.medienberatungev.org\/?p=12712"},"modified":"2025-06-04T14:49:51","modified_gmt":"2025-06-04T14:49:51","slug":"hans-kellinghusen-der-bruder-von-walter-kellinghusen","status":"publish","type":"post","link":"https:\/\/www.medienberatungev.org\/?p=12712","title":{"rendered":"Hans-Adolf Kellinghusen (Ein Bruder des Photographen Walter Kellinghusen)"},"content":{"rendered":"<div class=\"wp-block-image is-resized\">\n<figure class=\"alignright size-large\"><img loading=\"lazy\" decoding=\"async\" width=\"739\" height=\"1024\" src=\"https:\/\/www.medienberatungev.org\/wp-content\/uploads\/2020\/02\/WalterKellinghusen1928RHM-739x1024.jpg\" alt=\"\" class=\"wp-image-10785\" style=\"width:215px;height:auto\"\/><figcaption class=\"wp-element-caption\">Walther Kellinghusen photographiert von Rudolf Heinrich Meyer <\/figcaption><\/figure>\n<\/div>\n\n<div class=\"wp-block-image\">\n<figure class=\"alignleft size-full is-resized\"><a href=\"https:\/\/www.medienberatungev.org\/wp-content\/uploads\/2025\/05\/Hans-Adolf-Kellinghusen.jpg\"><img loading=\"lazy\" decoding=\"async\" width=\"225\" height=\"312\" src=\"https:\/\/www.medienberatungev.org\/wp-content\/uploads\/2025\/05\/Hans-Adolf-Kellinghusen.jpg\" alt=\"\" class=\"wp-image-29497\" style=\"width:179px;height:auto\" srcset=\"https:\/\/www.medienberatungev.org\/wp-content\/uploads\/2025\/05\/Hans-Adolf-Kellinghusen.jpg 225w, https:\/\/www.medienberatungev.org\/wp-content\/uploads\/2025\/05\/Hans-Adolf-Kellinghusen-216x300.jpg 216w\" sizes=\"auto, (max-width: 225px) 85vw, 225px\" \/><\/a><figcaption class=\"wp-element-caption\">Archivrat Hans Adolf Kellinghusen, fotografiert von seinem Bruder Walther Kellinghusen.<\/figcaption><\/figure>\n<\/div>\n\n\n<p><strong>Die Landeszentrale f\u00fcr politische Bildung <\/strong>schreibt \u00fcber: Hans-Adolf Kellinghusen: &#8222;Han<strong>s <\/strong>Kellinghusen (1885 Bergedorf \u2013 1971) 1908 Promotion zum Dr. phil. 1928 Archivrat, ab 1937 Mitglied der NSDAP, von 1948 bis 1951, Leiter des Hamburger Staatsarchivs,  Roonstra\u00dfe 7 in Hamburg Bergedorf (Privatadresse). Diese Stra\u00dfe gibt es heute nicht mehr. J\u00fcrgen Sielemann schreibt \u00fcber Hans Kellinghusen: \u201e Seine Schreiben aus der  NS-Zeit charakterisieren ihn als willigen und hartn\u00e4ckigen B\u00fcrokraten der Rassenideologie, und dies auch im Dienst der m\u00f6rderischen sogenannten Erbgesundheits-forschung. \u201aDer gesamte Schriftverkehr mit parteiamtlichen Stellen vollzog sich [&#8230;] v\u00f6llig reibungslos\u2018, schrieb Kellinghusen 1935 und betonte die vielf\u00e4ltigen Beziehungen zum Sachverst\u00e4ndigen f\u00fcr Rasseforschung beim Reichsminister des Innern und die umfangreiche Auskunftst\u00e4tigkeit f\u00fcr den ber\u00fcchtigten Fanatiker Dr. Wilhelm Holzmann vom Hamburger Amt f\u00fcr Rasseforschung. F\u00fcr die Zukunft verk\u00fcndete Kellinghusen 1935 das Folgende: \u201aDer Erbgesundheitsforschung wird das Staatsarchiv ein ganz gro\u00dfes und reiches Material zur Verf\u00fcgung stellen k\u00f6nnen. [&#8230;] Die Ausnutzung dieses Materials f\u00fcr die Erbgesundheitsforschung steht erst in den Anf\u00e4ngen.\u2018(\u2026) <\/p>\n\n\n\n<p>In Kellinghusens Entnazifizierungsverfahren kam all dies nicht zur Sprache. In v\u00f6lliger Verkennung der Tatsachen charakterisierte ihn ein englischer Vernehmungsoffizier im September 1947 wie folgt: \u201aKellinghusen ist ein zivilisierter Mann westeurop\u00e4ischen Zuschnitts. Er besitzt einen ausgepr\u00e4gten Sinn f\u00fcr Humor und gutes Benehmen, aber kein Anzeichen f\u00fcr au\u00dfer-gew\u00f6hnliche Intelligenz. Seine gesamte Pers\u00f6nlichkeit entspricht derjenigen eines unpoli-tischen Menschen und es ist \u00e4u\u00dferst unwahrscheinlich, dass er jemals mit radikalen Bewegungen sympathisierte.\u2018So war es dann kein Wunder, dass Kellinghusen in die Entnazifizierungskategorie V eingestuft wurde und damit zu den \u201aEntlasteten\u2018 geh\u00f6rte. Wenn Kellinghusen und Reincke [Heinrich Reincke Direktor des Staatsarchives] \u201anicht arische\u2018 Vorfahren von Antragstellern ermittelten, begn\u00fcgten sich nicht damit, ihnen die geforderten Urkunden zuzustellen und den Fall damit als erledigt zu betrachten. In solchen F\u00e4llen informierten sie hinter dem R\u00fccken der Antragsteller deren Arbeitgeber und Parteidienststellen vom Ergebnis der Nachforschungen. Zu diesen Denunziationen waren sie nicht gezwungen \u2013 sie handelten aus eigenem Antrieb. (\u2026) <\/p>\n\n\n\n<p>Wie viele Personen, die sich zur Urkundenbeschaffung an das Staatsarchiv gewandt hatten, von Kellinghusen und Reincke bei NSDAP- und anderen Stellen hinterr\u00fccks als \u201aVierteljuden\u2018, \u201aHalbjuden\u2018 und \u201aVolljuden\u2018 denunziert wurden, ist aufgrund der Aktenverluste nicht abzusch\u00e4tzen. Nur ihre Ausk\u00fcnfte an die Gauleitungen von Berlin und Hamburg sind in gr\u00f6\u00dferem Umfang erhalten; sie weisen Mitteilungen \u00fcber die j\u00fcdische Abstammung von \u00fcber 300 Personen auf. (\u2026)\u201c. Was Kellinghusens und Reinckes Ausk\u00fcnfte in vielen F\u00e4llen angerichtet haben, l\u00e4sst sich unschwer erahnen. (\u2026)<\/p>\n\n\n\n<p>Die erhalten gebliebenen Dokumente zeigen, dass Reincke und Kellinghusen durchaus nicht aus blo\u00dfem Opportunismus handelten, sondern von der nationalsozialistischen Rassenideologie \u00fcberzeugt waren. Anders sind ihre Wortwahl und ihr Eifer auf diesem Gebiet schwerlich zu erkl\u00e4ren. Davon war nach dem Ende der nationalsozialistischen Herrschaft allerdings keine Rede. 1951 trat Kellinghusen als Oberarchivrat in den Ruhestand, wurde 1960 mit der Lappenberg-Medaille des Vereins f\u00fcr Hamburgische Geschichte geehrt und 1966 zu dessen Ehrenmitglied ernannt. (\u2026).\u201c  <\/p>\n\n\n\n<p>&#8222;Als hauptverantwortliche Erf\u00fcllungsgehilfen des Rassenwahns sind die Professoren Heinrich Reincke und Hans Kellinghusen auszumachen&#8220;. (Seite 94, J\u00fcrgen Sielemann)<\/p>\n\n\n<div class=\"wp-block-image\">\n<figure class=\"alignright size-full is-resized\"><a href=\"https:\/\/www.medienberatungev.org\/wp-content\/uploads\/2025\/06\/Walther_Kellinghusen_Traueranzeige_Bergedorfer-Zeitung_30_09_1936_Seite-4.jpg\"><img loading=\"lazy\" decoding=\"async\" width=\"989\" height=\"588\" src=\"https:\/\/www.medienberatungev.org\/wp-content\/uploads\/2025\/06\/Walther_Kellinghusen_Traueranzeige_Bergedorfer-Zeitung_30_09_1936_Seite-4.jpg\" alt=\"\" class=\"wp-image-30185\" style=\"width:187px;height:auto\" srcset=\"https:\/\/www.medienberatungev.org\/wp-content\/uploads\/2025\/06\/Walther_Kellinghusen_Traueranzeige_Bergedorfer-Zeitung_30_09_1936_Seite-4.jpg 989w, https:\/\/www.medienberatungev.org\/wp-content\/uploads\/2025\/06\/Walther_Kellinghusen_Traueranzeige_Bergedorfer-Zeitung_30_09_1936_Seite-4-300x178.jpg 300w, https:\/\/www.medienberatungev.org\/wp-content\/uploads\/2025\/06\/Walther_Kellinghusen_Traueranzeige_Bergedorfer-Zeitung_30_09_1936_Seite-4-768x457.jpg 768w\" sizes=\"auto, (max-width: 709px) 85vw, (max-width: 909px) 67vw, (max-width: 1362px) 62vw, 840px\" \/><\/a><\/figure>\n<\/div>\n\n\n<p><\/p>\n\n\n<p><a href=\"https:\/\/www.medienberatungev.org\/wp-content\/uploads\/2020\/10\/Walther-Kellinghusen-Zelle-5.pdf\">PDF\u00a0 Walther Kellinghusen Zelle 5<\/a><\/p>\n<\/p>\n\n\n<p><\/p>\n\n\n<div class=\"wp-block-image is-resized\">\n<figure class=\"alignleft size-large\"><img loading=\"lazy\" decoding=\"async\" width=\"720\" height=\"486\" src=\"https:\/\/www.medienberatungev.org\/wp-content\/uploads\/2020\/01\/image.png\" alt=\"\" class=\"wp-image-10572\" style=\"width:188px;height:auto\" srcset=\"https:\/\/www.medienberatungev.org\/wp-content\/uploads\/2020\/01\/image.png 720w, https:\/\/www.medienberatungev.org\/wp-content\/uploads\/2020\/01\/image-300x203.png 300w\" sizes=\"auto, (max-width: 709px) 85vw, (max-width: 909px) 67vw, (max-width: 984px) 61vw, (max-width: 1362px) 45vw, 600px\" \/><\/figure>\n<\/div>\n\n<div class=\"wp-block-image\">\n<figure class=\"alignright size-large is-resized\"><a href=\"https:\/\/www.medienberatungev.org\/wp-content\/uploads\/2017\/09\/nilpferd_tumb.png\"><img loading=\"lazy\" decoding=\"async\" width=\"1024\" height=\"815\" src=\"https:\/\/www.medienberatungev.org\/wp-content\/uploads\/2017\/09\/nilpferd_tumb-1024x815.png\" alt=\"Tier\" class=\"wp-image-3219\" style=\"width:157px;height:auto\" srcset=\"https:\/\/www.medienberatungev.org\/wp-content\/uploads\/2017\/09\/nilpferd_tumb-1024x815.png 1024w, https:\/\/www.medienberatungev.org\/wp-content\/uploads\/2017\/09\/nilpferd_tumb-300x238.png 300w, https:\/\/www.medienberatungev.org\/wp-content\/uploads\/2017\/09\/nilpferd_tumb.png 1042w\" sizes=\"auto, (max-width: 709px) 85vw, (max-width: 909px) 67vw, (max-width: 1362px) 62vw, 840px\" \/><\/a><figcaption class=\"wp-element-caption\">Zeichnung Helga Bachmann<\/figcaption><\/figure>\n<\/div>","protected":false},"excerpt":{"rendered":"<p>Die Landeszentrale f\u00fcr politische Bildung schreibt \u00fcber: Hans-Adolf Kellinghusen: &#8222;Hans Kellinghusen (1885 Bergedorf \u2013 1971) 1908 Promotion zum Dr. phil. 1928 Archivrat, ab 1937 Mitglied der NSDAP, von 1948 bis 1951, Leiter des Hamburger Staatsarchivs, Roonstra\u00dfe 7 in Hamburg Bergedorf (Privatadresse). Diese Stra\u00dfe gibt es heute nicht mehr. J\u00fcrgen Sielemann schreibt \u00fcber Hans Kellinghusen: \u201e &hellip; <a href=\"https:\/\/www.medienberatungev.org\/?p=12712\" class=\"more-link\"><span class=\"screen-reader-text\">\u201eHans-Adolf Kellinghusen (Ein Bruder des Photographen Walter Kellinghusen)\u201c<\/span> weiterlesen<\/a><\/p>\n","protected":false},"author":2,"featured_media":0,"comment_status":"open","ping_status":"open","sticky":false,"template":"","format":"standard","meta":{"footnotes":""},"categories":[6114,6119,2127,1988,2449,2037,1606,4831,1820,2219,2489,5491,1245,1618,945,4670,4604,5478,16,1317,1833,5487,6045,1610,1817,1765,1,4195,5490,1609,2257],"tags":[6110,6111,3712,6112,3815],"class_list":["post-12712","post","type-post","status-publish","format-standard","hentry","category-6114","category-6119","category-2127","category-1988","category-2449","category-2037","category-1606","category-4831","category-bergedorf","category-bezirk-hamburg-bergedorf","category-deutsches-reich","category-flucht-in-den-tod","category-fotoarchiv-jens-meyer","category-fotografen","category-fotos","category-freie-vereinigung","category-freie-vereinigung-von-amateurphotographen","category-gefaengnis-bergedorf","category-hamburg","category-hamburg-bergedorf","category-hamburger","category-photograph-walther-kellinghusen","category-professor-hans-adolf-kellinghusen","category-rudolf-heinrich-meyer","category-rudolf-heinrich-meyer-fotograf","category-staatsrat","category-uncategorized","category-walter-kellinghusen","category-wentorferstrasse","category-werner-hensel","category-werner-hensel-fotograf","tag-hans-adolf-kellinghusen","tag-juergen-sielemann","tag-rudolf-heinrich-meyer","tag-staatsarchiv-hamburg","tag-stolpersteine"],"_links":{"self":[{"href":"https:\/\/www.medienberatungev.org\/index.php?rest_route=\/wp\/v2\/posts\/12712","targetHints":{"allow":["GET"]}}],"collection":[{"href":"https:\/\/www.medienberatungev.org\/index.php?rest_route=\/wp\/v2\/posts"}],"about":[{"href":"https:\/\/www.medienberatungev.org\/index.php?rest_route=\/wp\/v2\/types\/post"}],"author":[{"embeddable":true,"href":"https:\/\/www.medienberatungev.org\/index.php?rest_route=\/wp\/v2\/users\/2"}],"replies":[{"embeddable":true,"href":"https:\/\/www.medienberatungev.org\/index.php?rest_route=%2Fwp%2Fv2%2Fcomments&post=12712"}],"version-history":[{"count":28,"href":"https:\/\/www.medienberatungev.org\/index.php?rest_route=\/wp\/v2\/posts\/12712\/revisions"}],"predecessor-version":[{"id":30199,"href":"https:\/\/www.medienberatungev.org\/index.php?rest_route=\/wp\/v2\/posts\/12712\/revisions\/30199"}],"wp:attachment":[{"href":"https:\/\/www.medienberatungev.org\/index.php?rest_route=%2Fwp%2Fv2%2Fmedia&parent=12712"}],"wp:term":[{"taxonomy":"category","embeddable":true,"href":"https:\/\/www.medienberatungev.org\/index.php?rest_route=%2Fwp%2Fv2%2Fcategories&post=12712"},{"taxonomy":"post_tag","embeddable":true,"href":"https:\/\/www.medienberatungev.org\/index.php?rest_route=%2Fwp%2Fv2%2Ftags&post=12712"}],"curies":[{"name":"wp","href":"https:\/\/api.w.org\/{rel}","templated":true}]}}