{"id":1313,"date":"2016-05-26T15:03:22","date_gmt":"2016-05-26T15:03:22","guid":{"rendered":"http:\/\/www.medienberatungev.org\/?p=1313"},"modified":"2025-05-01T10:29:12","modified_gmt":"2025-05-01T10:29:12","slug":"een-alleen-stueuert-keen-nood-aver-to-hoop-slaat-wi-den-duevel-doot","status":"publish","type":"post","link":"https:\/\/www.medienberatungev.org\/?p=1313","title":{"rendered":"Een alleen st\u00fc\u00fcrt, keen Noot, aver to hoop slaat wi den D\u00fcvel doot"},"content":{"rendered":"<p><a href=\"http:\/\/www.medienberatungev.org\/wp-content\/uploads\/2016\/05\/eenaleenst\u00fc\u00fcrt2.jpg\"><img loading=\"lazy\" decoding=\"async\" class=\"size-full wp-image-1314\" src=\"http:\/\/www.medienberatungev.org\/wp-content\/uploads\/2016\/05\/eenaleenst\u00fc\u00fcrt2.jpg\" alt=\"Plattd\u00fctsch Een alleen st\u00fc\u00fcrt keen Noot, aver to hoop slaat wi den D\u00fcvel doot (Schiffszimmerer Genossenschaft 2016\" width=\"4000\" height=\"3000\" \/><\/a><\/p>\n<p><a href=\"http:\/\/www.medienberatungev.org\/wp-content\/uploads\/2016\/08\/By-nc-sa_color.png\"><img loading=\"lazy\" decoding=\"async\" class=\"alignleft  wp-image-1755\" src=\"http:\/\/www.medienberatungev.org\/wp-content\/uploads\/2016\/08\/By-nc-sa_color.png\" alt=\"By-nc-sa_color\" width=\"114\" height=\"77\" srcset=\"https:\/\/www.medienberatungev.org\/wp-content\/uploads\/2016\/08\/By-nc-sa_color.png 720w, https:\/\/www.medienberatungev.org\/wp-content\/uploads\/2016\/08\/By-nc-sa_color-300x202.png 300w\" sizes=\"auto, (max-width: 114px) 85vw, 114px\" \/><\/a>Foto: Jens Meyer, 26. Mai 2016, Hamburg G\u00e4ngeviertel, Haus der Schiffszimmerer Genossenschaft<\/p>\n<p>&nbsp;<\/p>\n<p>&nbsp;<\/p>\n\n<div class=\"wp-block-image\">\n<figure class=\"alignright size-large is-resized\"><a href=\"https:\/\/www.medienberatungev.org\/wp-content\/uploads\/2018\/08\/milpferd_einauge-e1671899244730.jpg\"><img loading=\"lazy\" decoding=\"async\" width=\"1024\" height=\"686\" src=\"https:\/\/www.medienberatungev.org\/wp-content\/uploads\/2018\/08\/milpferd_einauge-1024x686.jpg\" alt=\"\" class=\"wp-image-7687\" style=\"width:203px;height:auto\"\/><\/a><figcaption class=\"wp-element-caption\">Zeichnung Helga Bachmann<\/figcaption><\/figure>\n<\/div>","protected":false},"excerpt":{"rendered":"<p>Foto: Jens Meyer, 26. Mai 2016, Hamburg G\u00e4ngeviertel, Haus der Schiffszimmerer Genossenschaft &nbsp; &nbsp;<\/p>\n","protected":false},"author":2,"featured_media":0,"comment_status":"open","ping_status":"open","sticky":false,"template":"","format":"standard","meta":{"footnotes":""},"categories":[1245,945,16],"tags":[1439,1437,1438,1436],"class_list":["post-1313","post","type-post","status-publish","format-standard","hentry","category-fotoarchiv-jens-meyer","category-fotos","category-hamburg","tag-duevel","tag-een-alleen-stueuert","tag-keen-noot","tag-plattduetsch"],"_links":{"self":[{"href":"https:\/\/www.medienberatungev.org\/index.php?rest_route=\/wp\/v2\/posts\/1313","targetHints":{"allow":["GET"]}}],"collection":[{"href":"https:\/\/www.medienberatungev.org\/index.php?rest_route=\/wp\/v2\/posts"}],"about":[{"href":"https:\/\/www.medienberatungev.org\/index.php?rest_route=\/wp\/v2\/types\/post"}],"author":[{"embeddable":true,"href":"https:\/\/www.medienberatungev.org\/index.php?rest_route=\/wp\/v2\/users\/2"}],"replies":[{"embeddable":true,"href":"https:\/\/www.medienberatungev.org\/index.php?rest_route=%2Fwp%2Fv2%2Fcomments&post=1313"}],"version-history":[{"count":7,"href":"https:\/\/www.medienberatungev.org\/index.php?rest_route=\/wp\/v2\/posts\/1313\/revisions"}],"predecessor-version":[{"id":28997,"href":"https:\/\/www.medienberatungev.org\/index.php?rest_route=\/wp\/v2\/posts\/1313\/revisions\/28997"}],"wp:attachment":[{"href":"https:\/\/www.medienberatungev.org\/index.php?rest_route=%2Fwp%2Fv2%2Fmedia&parent=1313"}],"wp:term":[{"taxonomy":"category","embeddable":true,"href":"https:\/\/www.medienberatungev.org\/index.php?rest_route=%2Fwp%2Fv2%2Fcategories&post=1313"},{"taxonomy":"post_tag","embeddable":true,"href":"https:\/\/www.medienberatungev.org\/index.php?rest_route=%2Fwp%2Fv2%2Ftags&post=1313"}],"curies":[{"name":"wp","href":"https:\/\/api.w.org\/{rel}","templated":true}]}}