{"id":13515,"date":"2020-12-11T11:33:19","date_gmt":"2020-12-11T11:33:19","guid":{"rendered":"https:\/\/www.medienberatungev.org\/?p=13515"},"modified":"2025-05-14T13:50:23","modified_gmt":"2025-05-14T13:50:23","slug":"nachruf-uwe-schulz-aus-der-taz-hamburg-vom-15-08-1995","status":"publish","type":"post","link":"https:\/\/www.medienberatungev.org\/?p=13515","title":{"rendered":"Nachruf: Uwe Schulz (aus der Taz Hamburg vom 15.08.1995)"},"content":{"rendered":"\n<p>Uwe\nSchulz ist tot.<\/p>\n\n\n\n<p>Kinog\u00e4nger\nkennen ihn. Er war das Neue Cinema. Er war immer da. Morgens mit dem\nStaubsauger und Schraubenzieher. Abends beim Filmeinlegen und\nKartenabreissen. Der kleine Mann mit dem kodderigen Maul, dem nichts\nund niemand heilig war.<\/p>\n\n\n\n<p>Er war schon da, als das Neue Cinema noch zur Ufa geh\u00f6rte. Ich wei\u00df gar nicht mehr, welche Filme damals dort gezeigt wurden. Uwe Schulz h\u00e4tte es gewu\u00dft. Er kannte alle Kinos, ihre Maschinen (die Projektortypen), die Besitzverh\u00e4ltnisse.<\/p>\n\n\n\n<p>Auch nach der Bestuhlung in den Kinos konnte man ihn fragen. Quinette ist gro\u00dfe Schei\u00dfe. Alles aus Plastik, nach f\u00fcnf Jahren bricht alles auseinander. Von seinem Chef (H. J. Flebbe) waren da ganz andere Urteile \u2013 <strong>\u201eder Rolls Royce unter den Stuhlfirmen\u201c<\/strong> \u2013 zu h\u00f6ren. Uwe Schulz wu\u00dfte es besser.<\/p>\n\n\n\n<p>Er kannte alle Disponenten der Filmverleihe. Schon in der Zeit, als sie alle am Steindamm ihre Filialen hatten: <em>Centfox, Warner, Columbia, Filmverlag, Filmwelt, Endfilm<\/em> und wie sie alle hie\u00dfen. Ich wei\u00df es nicht mehr \u2013 Uwe Schulz h\u00e4tte es gewusst. Auch f\u00fcr hochgelobte Kino-Innenarchitekten war seine Kodderschnauze gut:<strong><em> &#8222;Der Dempe Wolff l\u00e4\u00dft \u00fcberall die gleichen Teppiche an die Wand nageln&#8220;.<\/em><\/strong><\/p>\n\n\n\n<p>Was mir\nimmer besonders gut gefallen hat: Man konnte ihm nichts vormachen.\nTitel und gesellschaftliche Stellung waren ihm wurscht. Ob nun einer\nChef des Filmb\u00fcros, Chef des Filmfonds oder sonstwas war. Ihm\nimponierten nur Leistungen, die man auf der Leinwand sehen konnte.<\/p>\n\n\n\n<p>Eine Zeitlang hat er selbst ein <strong>Landkino<\/strong> betrieben. Aber sie haben ihm die Filme nicht gegeben, die er f\u00fcr das Kino brauchte.<\/p>\n\n\n\n<p>Manchmal habe ich ihn ge\u00e4rgert mit dem Ausruf<strong> \u201eSchulz!\u201c<\/strong> aus dem Lubitsch Film<strong> &#8222;<em>Sein oder Nichtsein\u201c<\/em>.<\/strong><\/p>\n\n\n\n<p>Uwe Schulz ist tot. Er starb am 19. Juli in seiner Wohnung \u00fcber dem Kino. Er wurde nur 53 Jahre alt. Die besten sterben immer zuerst. <strong>Jens Meyer<\/strong><\/p>\n\n\n<div class=\"wp-block-image\">\n<figure class=\"alignright size-large is-resized\"><img loading=\"lazy\" decoding=\"async\" width=\"969\" height=\"1024\" src=\"https:\/\/www.medienberatungev.org\/wp-content\/uploads\/2020\/12\/BrenenndeBetten1-969x1024.png\" alt=\"\" class=\"wp-image-13518\" style=\"width:439px;height:auto\"\/><figcaption class=\"wp-element-caption\">Brennende Betten im Neuen Cinema im November 1988 (Nebel) Foto Jens Meyer<\/figcaption><\/figure>\n<\/div>\n\n\n<figure class=\"wp-block-image size-large is-resized\"><img loading=\"lazy\" decoding=\"async\" width=\"720\" height=\"486\" src=\"https:\/\/www.medienberatungev.org\/wp-content\/uploads\/2020\/01\/image.png\" alt=\"\" class=\"wp-image-10572\" style=\"width:246px;height:166px\" srcset=\"https:\/\/www.medienberatungev.org\/wp-content\/uploads\/2020\/01\/image.png 720w, https:\/\/www.medienberatungev.org\/wp-content\/uploads\/2020\/01\/image-300x203.png 300w\" sizes=\"auto, (max-width: 709px) 85vw, (max-width: 909px) 67vw, (max-width: 984px) 61vw, (max-width: 1362px) 45vw, 600px\" \/><\/figure>\n\n\n\n<p><\/p>\n\n\n<div class=\"wp-block-image\">\n<figure class=\"alignright size-large is-resized\"><a href=\"https:\/\/www.medienberatungev.org\/wp-content\/uploads\/2018\/02\/Nilpferdzweiaugen-e1573081307586.jpg\"><img loading=\"lazy\" decoding=\"async\" width=\"1024\" height=\"759\" src=\"https:\/\/www.medienberatungev.org\/wp-content\/uploads\/2018\/02\/Nilpferdzweiaugen-1024x759.jpg\" alt=\"\" class=\"wp-image-5636\" style=\"width:140px;height:auto\"\/><\/a><figcaption class=\"wp-element-caption\">Zeichnung Helga Bachmann<\/figcaption><\/figure>\n<\/div>","protected":false},"excerpt":{"rendered":"<p>Uwe Schulz ist tot. Kinog\u00e4nger kennen ihn. Er war das Neue Cinema. Er war immer da. Morgens mit dem Staubsauger und Schraubenzieher. Abends beim Filmeinlegen und Kartenabreissen. Der kleine Mann mit dem kodderigen Maul, dem nichts und niemand heilig war. Er war schon da, als das Neue Cinema noch zur Ufa geh\u00f6rte. Ich wei\u00df gar &hellip; <a href=\"https:\/\/www.medienberatungev.org\/?p=13515\" class=\"more-link\"><span class=\"screen-reader-text\">\u201eNachruf: Uwe Schulz (aus der Taz Hamburg vom 15.08.1995)\u201c<\/span> weiterlesen<\/a><\/p>\n","protected":false},"author":2,"featured_media":0,"comment_status":"open","ping_status":"open","sticky":false,"template":"","format":"standard","meta":{"footnotes":""},"categories":[6331,1288,298,6332,1],"tags":[6328,6326,6330,6327,6329],"class_list":["post-13515","post","type-post","status-publish","format-standard","hentry","category-6331","category-bezirk-hamburg-mitte","category-deutscher-film","category-neues-cinema-steindamm","category-uncategorized","tag-brennende-betten","tag-filmvorfuehrer-uwe-schulz","tag-ian-duri","tag-neues-cinema","tag-pia-frankenberg"],"_links":{"self":[{"href":"https:\/\/www.medienberatungev.org\/index.php?rest_route=\/wp\/v2\/posts\/13515","targetHints":{"allow":["GET"]}}],"collection":[{"href":"https:\/\/www.medienberatungev.org\/index.php?rest_route=\/wp\/v2\/posts"}],"about":[{"href":"https:\/\/www.medienberatungev.org\/index.php?rest_route=\/wp\/v2\/types\/post"}],"author":[{"embeddable":true,"href":"https:\/\/www.medienberatungev.org\/index.php?rest_route=\/wp\/v2\/users\/2"}],"replies":[{"embeddable":true,"href":"https:\/\/www.medienberatungev.org\/index.php?rest_route=%2Fwp%2Fv2%2Fcomments&post=13515"}],"version-history":[{"count":27,"href":"https:\/\/www.medienberatungev.org\/index.php?rest_route=\/wp\/v2\/posts\/13515\/revisions"}],"predecessor-version":[{"id":30014,"href":"https:\/\/www.medienberatungev.org\/index.php?rest_route=\/wp\/v2\/posts\/13515\/revisions\/30014"}],"wp:attachment":[{"href":"https:\/\/www.medienberatungev.org\/index.php?rest_route=%2Fwp%2Fv2%2Fmedia&parent=13515"}],"wp:term":[{"taxonomy":"category","embeddable":true,"href":"https:\/\/www.medienberatungev.org\/index.php?rest_route=%2Fwp%2Fv2%2Fcategories&post=13515"},{"taxonomy":"post_tag","embeddable":true,"href":"https:\/\/www.medienberatungev.org\/index.php?rest_route=%2Fwp%2Fv2%2Ftags&post=13515"}],"curies":[{"name":"wp","href":"https:\/\/api.w.org\/{rel}","templated":true}]}}