{"id":13563,"date":"2020-12-25T17:30:24","date_gmt":"2020-12-25T17:30:24","guid":{"rendered":"https:\/\/www.medienberatungev.org\/?p=13563"},"modified":"2020-12-28T10:26:14","modified_gmt":"2020-12-28T10:26:14","slug":"warnung-vor-einem-buch","status":"publish","type":"post","link":"https:\/\/www.medienberatungev.org\/?p=13563","title":{"rendered":"Warnung vor einem Buch"},"content":{"rendered":"\n<div class=\"wp-block-group\"><div class=\"wp-block-group__inner-container is-layout-flow wp-block-group-is-layout-flow\">\n<p>Hallo J. noch ist Zeit, Dich vor einem Buch zu warnen, das ich selber gerade absolviert habe. Der Umschlag verspricht viel. Nur schade, dass ich nicht meinem Bauchgef\u00fchl beim Lesen des Wortes &#8222;Rechtsterror&#8220; gefolgt bin. Dahinter steckt meist eine Relativierung. Auch hier. Am Ende sind die Erkenntnisse von Tucholsky wieder da, der sich auf die Z\u00e4hlung beschr\u00e4nkt und verlassen hat. In etwa so: 400 Tote durch Nazis, 4 Tote durch Kommunisten. 2 Nazis verurteilt, nat\u00fcrlich auf Bew\u00e4hrung. Die 4 Kommunisten alle zum Tode verurteilt. Bei Florian Huber kommt es genauso, wird von ihm, aber nur scheinbar, differenzierter dargestellt. Dadurch bleiben die  Versprechungen des Umschlags erhalten und bleiben auf diese Weise unbefriedigt zur\u00fcck, was eigentlich nicht verwundern sollte. Das hat \u00fcbrigens damals schon dein Papa erkannt. Ich erinnere mich an eine Diskussion mit ihm \u00fcber die Besatzungsstreitkr\u00e4fte (Amis), die er kennen gelernt hatte und die immer auf der Suche nach der nationalsozialistischen Ideologie waren und sie nicht finden konnten, was nach Ansicht deines Vaters gar kein Wunder war, weil, die Nazis hatten eben keine Ideologie, das macht auch die Auseinandersetzung mit Ihnen so unm\u00f6glich: Da ist es besser, mal wieder ein paar alte Schallplatten aufzulegen. Gerade habe ich bei mir eine Amiga Pressung (LP) ausgegraben und dort zum ersten mal ein Lied gefunden, das ich ganz toll finde und vorher aber nie bemerkt hatte. Probier doch mal, ob Du den Song in der Runterladeabteilung deiner Generation findest: Es handelt sich um die AMIGA Platte 20 x Beat.  Das Jahr der Ver\u00f6ffentlichung ist 1975. Auf Seite 1 der LP ist das Lied von Nina Hagen und der Gruppe Automobil, das 1974 zum ersten Mal ver\u00f6ffentlicht wurde. Das mit dem Farbfilm, den sie vergessen hat und es ihrem Freund in die Schuhe schieben will. Aber um das Lied geht es nicht. Es geht um das siebte Lied auf Seite eins mit dem Titel: &#8222;Wind, komm, bring den Regen her&#8220;. Die S\u00e4ngerin heisst Kati Kov\u00e1cs  und die Juventus Gruppe spielt dazu. Die Frau kann was, oha!! Es scheint sich um einen Import zu handeln (Ungarn? Slowakei? Tschechien?) aber die Dame singt deutsch, wenn man sie mehrfach geh\u00f6rt hat klingt das durch, aber der Text nicht so richtig, was dem Lied gut bekommt, also eine Suche, die sich lohnt, Nina Hagen mit dem Farbfilm kennen wir ja schon. Wie das Buch heisst. Hab ich vergessen, Jens<\/p>\n<\/div><\/div>\n\n\n\n<div class=\"wp-block-file\"><a href=\"https:\/\/www.medienberatungev.org\/wp-content\/uploads\/2020\/12\/LPAmigaKatiK.pdf\">LPAmigaKatiK<\/a><a href=\"https:\/\/www.medienberatungev.org\/wp-content\/uploads\/2020\/12\/LPAmigaKatiK.pdf\" class=\"wp-block-file__button\" download>Herunterladen<\/a><\/div>\n\n\n\n<p><\/p>\n","protected":false},"excerpt":{"rendered":"<p>Hallo J. noch ist Zeit, Dich vor einem Buch zu warnen, das ich selber gerade absolviert habe. Der Umschlag verspricht viel. Nur schade, dass ich nicht meinem Bauchgef\u00fchl beim Lesen des Wortes &#8222;Rechtsterror&#8220; gefolgt bin. Dahinter steckt meist eine Relativierung. Auch hier. Am Ende sind die Erkenntnisse von Tucholsky wieder da, der sich auf die &hellip; <a href=\"https:\/\/www.medienberatungev.org\/?p=13563\" class=\"more-link\"><span class=\"screen-reader-text\">\u201eWarnung vor einem Buch\u201c<\/span> weiterlesen<\/a><\/p>\n","protected":false},"author":2,"featured_media":0,"comment_status":"open","ping_status":"open","sticky":false,"template":"","format":"standard","meta":{"footnotes":""},"categories":[1844,9,1],"tags":[2868,6337,6334,6338,6339,6333,6336,6341,6335],"class_list":["post-13563","post","type-post","status-publish","format-standard","hentry","category-berlin-buch","category-buchkritik","category-uncategorized","tag-amiga","tag-farbfilm-vergessen","tag-florian-huber","tag-gruppe-automobil","tag-juventus-gruppe","tag-kati-kovacs","tag-nina-hagen","tag-rechtsterror","tag-wind-komm-bring-den-regen-her"],"_links":{"self":[{"href":"https:\/\/www.medienberatungev.org\/index.php?rest_route=\/wp\/v2\/posts\/13563","targetHints":{"allow":["GET"]}}],"collection":[{"href":"https:\/\/www.medienberatungev.org\/index.php?rest_route=\/wp\/v2\/posts"}],"about":[{"href":"https:\/\/www.medienberatungev.org\/index.php?rest_route=\/wp\/v2\/types\/post"}],"author":[{"embeddable":true,"href":"https:\/\/www.medienberatungev.org\/index.php?rest_route=\/wp\/v2\/users\/2"}],"replies":[{"embeddable":true,"href":"https:\/\/www.medienberatungev.org\/index.php?rest_route=%2Fwp%2Fv2%2Fcomments&post=13563"}],"version-history":[{"count":4,"href":"https:\/\/www.medienberatungev.org\/index.php?rest_route=\/wp\/v2\/posts\/13563\/revisions"}],"predecessor-version":[{"id":13586,"href":"https:\/\/www.medienberatungev.org\/index.php?rest_route=\/wp\/v2\/posts\/13563\/revisions\/13586"}],"wp:attachment":[{"href":"https:\/\/www.medienberatungev.org\/index.php?rest_route=%2Fwp%2Fv2%2Fmedia&parent=13563"}],"wp:term":[{"taxonomy":"category","embeddable":true,"href":"https:\/\/www.medienberatungev.org\/index.php?rest_route=%2Fwp%2Fv2%2Fcategories&post=13563"},{"taxonomy":"post_tag","embeddable":true,"href":"https:\/\/www.medienberatungev.org\/index.php?rest_route=%2Fwp%2Fv2%2Ftags&post=13563"}],"curies":[{"name":"wp","href":"https:\/\/api.w.org\/{rel}","templated":true}]}}