{"id":13617,"date":"2021-01-04T14:37:36","date_gmt":"2021-01-04T14:37:36","guid":{"rendered":"https:\/\/www.medienberatungev.org\/?p=13617"},"modified":"2021-03-26T11:15:02","modified_gmt":"2021-03-26T11:15:02","slug":"endlich-ein-denkmal-fuer-die-zwangsarbeiter","status":"publish","type":"post","link":"https:\/\/www.medienberatungev.org\/?p=13617","title":{"rendered":"Endlich: Ein Denkmal f\u00fcr die ZwangsarbeiterInnen und -arbeiter"},"content":{"rendered":"\n<figure class=\"wp-block-image size-large is-resized\"><img loading=\"lazy\" decoding=\"async\" src=\"https:\/\/www.medienberatungev.org\/wp-content\/uploads\/2021\/01\/P1110381klein.jpg\" alt=\"\" class=\"wp-image-13619\" width=\"636\" height=\"477\"\/><\/figure>\n\n\n\n<p><\/p>\n\n\n\n<p class=\"has-drop-cap\">Der Senat tut etwas. Es tut sich was. Auf dem Gel\u00e4nde des Heiligengeistfeldes. Man sucht nach Blindg\u00e4ngern aus dem zweiten Weltkrieg und der Senat hat es sich nicht nehmen lassen und Geld in die Hand genommen, um endlich ein Denkmal f\u00fcr die Menschen zu errichten, die 1942-43 diesen Bunker errichtet haben. Bravo. Das ist gelebte Erinnerungskultur! Erinnerungskultur mit Fahrstuhl! Wenn sie das noch erlebt h\u00e4tten. Sie haben diesen Bunker nicht freiwillig gebaut. Sie wurden, wie der Name Zwangsarbeit schon sagt, dazu gezwungen. Und so finden sich auch heute noch viele Blindg\u00e4nger.  Mit Graben hat das wenig zu tun. Und damit sie keine Treppen steigen m\u00fcssen, bekommen sie Fahrst\u00fchle, die dem ehemaligen Flakbunker hinzugef\u00fcgt werden. Neunundneunzig Jahre lang. Und alles ohne Luftballons.<\/p>\n\n\n\n<div class=\"wp-block-image\"><figure class=\"alignright size-large is-resized\"><img loading=\"lazy\" decoding=\"async\" src=\"https:\/\/www.medienberatungev.org\/wp-content\/uploads\/2021\/01\/P1110384klein.jpg\" alt=\"\" class=\"wp-image-13624\" width=\"313\" height=\"235\"\/><\/figure><\/div>\n\n\n\n<figure class=\"wp-block-image size-large is-resized\"><img loading=\"lazy\" decoding=\"async\" src=\"https:\/\/www.medienberatungev.org\/wp-content\/uploads\/2021\/01\/P1110383klein.jpg\" alt=\"\" class=\"wp-image-13623\" width=\"283\" height=\"212\"\/><\/figure>\n\n\n\n<div class=\"wp-block-image\"><figure class=\"alignleft size-large is-resized\"><img loading=\"lazy\" decoding=\"async\" src=\"https:\/\/www.medienberatungev.org\/wp-content\/uploads\/2020\/10\/milpferd_einauge-1024x686.jpg\" alt=\"\" class=\"wp-image-13124\" width=\"161\" height=\"107\" srcset=\"https:\/\/www.medienberatungev.org\/wp-content\/uploads\/2020\/10\/milpferd_einauge-1024x686.jpg 1024w, https:\/\/www.medienberatungev.org\/wp-content\/uploads\/2020\/10\/milpferd_einauge-300x201.jpg 300w, https:\/\/www.medienberatungev.org\/wp-content\/uploads\/2020\/10\/milpferd_einauge-768x515.jpg 768w, https:\/\/www.medienberatungev.org\/wp-content\/uploads\/2020\/10\/milpferd_einauge.jpg 1070w\" sizes=\"auto, (max-width: 161px) 85vw, 161px\" \/><\/figure><\/div>\n\n\n\n<div class=\"wp-block-image\"><figure class=\"alignright size-large is-resized\"><img loading=\"lazy\" decoding=\"async\" src=\"https:\/\/www.medienberatungev.org\/wp-content\/uploads\/2020\/01\/image.png\" alt=\"\" class=\"wp-image-10572\" width=\"172\" height=\"116\" srcset=\"https:\/\/www.medienberatungev.org\/wp-content\/uploads\/2020\/01\/image.png 720w, https:\/\/www.medienberatungev.org\/wp-content\/uploads\/2020\/01\/image-300x203.png 300w\" sizes=\"auto, (max-width: 172px) 85vw, 172px\" \/><\/figure><\/div>\n\n\n\n<div class=\"wp-block-image\"><figure class=\"aligncenter size-large is-resized\"><img loading=\"lazy\" decoding=\"async\" src=\"https:\/\/www.medienberatungev.org\/wp-content\/uploads\/2021\/01\/IMG_8154DenkmalZwangsarbeiterklein.jpg\" alt=\"\" class=\"wp-image-13645\" width=\"643\" height=\"643\"\/><\/figure><\/div>\n\n\n\n<p>Fotos Jens Meyer <\/p>\n\n\n\n<div class=\"wp-block-image\"><figure class=\"aligncenter size-large is-resized\"><img loading=\"lazy\" decoding=\"async\" src=\"https:\/\/www.medienberatungev.org\/wp-content\/uploads\/2021\/01\/IMG_8199-1024x1024.jpg\" alt=\"Denkmal\" class=\"wp-image-13653\" width=\"642\" height=\"642\"\/><\/figure><\/div>\n\n\n\n<figure class=\"wp-block-image size-large is-resized\"><img loading=\"lazy\" decoding=\"async\" src=\"https:\/\/www.medienberatungev.org\/wp-content\/uploads\/2021\/03\/88x31.png\" alt=\"\" class=\"wp-image-14451\" width=\"199\" height=\"70\"\/><\/figure>\n\n\n\n<p><\/p>\n","protected":false},"excerpt":{"rendered":"<p>Der Senat tut etwas. Es tut sich was. Auf dem Gel\u00e4nde des Heiligengeistfeldes. Man sucht nach Blindg\u00e4ngern aus dem zweiten Weltkrieg und der Senat hat es sich nicht nehmen lassen und Geld in die Hand genommen, um endlich ein Denkmal f\u00fcr die Menschen zu errichten, die 1942-43 diesen Bunker errichtet haben. Bravo. Das ist gelebte &hellip; <a href=\"https:\/\/www.medienberatungev.org\/?p=13617\" class=\"more-link\"><span class=\"screen-reader-text\">\u201eEndlich: Ein Denkmal f\u00fcr die ZwangsarbeiterInnen und -arbeiter\u201c<\/span> weiterlesen<\/a><\/p>\n","protected":false},"author":2,"featured_media":0,"comment_status":"open","ping_status":"open","sticky":false,"template":"","format":"standard","meta":{"footnotes":""},"categories":[1988,4679,5875,2449,2037,2455,5665,5750,2359,1607,2680,4220,1606,4613,2720,2790,3420,2489,1245,945,16,1833,1305,6342,45,4403,123,1],"tags":[3710,6343,399,2390,6344,5401,5402],"class_list":["post-13617","post","type-post","status-publish","format-standard","hentry","category-1988","category-4679","category-5875","category-2449","category-2037","category-2455","category-5665","category-5750","category-2359","category-1607","category-2680","category-4220","category-1606","category-4613","category-2720","category-arbeiter","category-arbeiterin","category-deutsches-reich","category-fotoarchiv-jens-meyer","category-fotos","category-hamburg","category-hamburger","category-hamburger-dom","category-kz-konzentrationslager","category-nsdap","category-obrigkeit","category-spd","category-uncategorized","tag-3710","tag-6343","tag-denkmal","tag-heiligengeistfeld","tag-hochbunker","tag-zwangsarbeiter","tag-zwangsarbeiterinnen"],"_links":{"self":[{"href":"https:\/\/www.medienberatungev.org\/index.php?rest_route=\/wp\/v2\/posts\/13617","targetHints":{"allow":["GET"]}}],"collection":[{"href":"https:\/\/www.medienberatungev.org\/index.php?rest_route=\/wp\/v2\/posts"}],"about":[{"href":"https:\/\/www.medienberatungev.org\/index.php?rest_route=\/wp\/v2\/types\/post"}],"author":[{"embeddable":true,"href":"https:\/\/www.medienberatungev.org\/index.php?rest_route=\/wp\/v2\/users\/2"}],"replies":[{"embeddable":true,"href":"https:\/\/www.medienberatungev.org\/index.php?rest_route=%2Fwp%2Fv2%2Fcomments&post=13617"}],"version-history":[{"count":23,"href":"https:\/\/www.medienberatungev.org\/index.php?rest_route=\/wp\/v2\/posts\/13617\/revisions"}],"predecessor-version":[{"id":14513,"href":"https:\/\/www.medienberatungev.org\/index.php?rest_route=\/wp\/v2\/posts\/13617\/revisions\/14513"}],"wp:attachment":[{"href":"https:\/\/www.medienberatungev.org\/index.php?rest_route=%2Fwp%2Fv2%2Fmedia&parent=13617"}],"wp:term":[{"taxonomy":"category","embeddable":true,"href":"https:\/\/www.medienberatungev.org\/index.php?rest_route=%2Fwp%2Fv2%2Fcategories&post=13617"},{"taxonomy":"post_tag","embeddable":true,"href":"https:\/\/www.medienberatungev.org\/index.php?rest_route=%2Fwp%2Fv2%2Ftags&post=13617"}],"curies":[{"name":"wp","href":"https:\/\/api.w.org\/{rel}","templated":true}]}}