{"id":14407,"date":"2021-03-12T16:58:59","date_gmt":"2021-03-12T16:58:59","guid":{"rendered":"https:\/\/www.medienberatungev.org\/?p=14407"},"modified":"2021-10-15T09:25:00","modified_gmt":"2021-10-15T09:25:00","slug":"buerger-beobachten-das-fernsehen","status":"publish","type":"post","link":"https:\/\/www.medienberatungev.org\/?p=14407","title":{"rendered":"B\u00fcrger beobachten das Fernsehen"},"content":{"rendered":"\n<p><\/p>\n\n\n\n<p class=\"has-drop-cap\"><strong>Hallo J.<\/strong> Na, da hat aber ein B\u00fcrger das Fernsehen sehr genau beobachtet! Falls mir was einf\u00e4llt, womit man dich besch\u00e4ftigen oder unterhalten kann, mache ich nat\u00fcrlich sofort Mitteilung.<\/p>\n\n\n\n<p class=\"has-drop-cap\"><strong>Hallo S.<\/strong> Seit dem die weltweite Krankheit da ist, schaue ich au\u00dferordentlich viel Fernsehen. Gerne sehe ich die Virologinnen aller L\u00e4nder. Besonders gerne die attraktive Virologin aus dem Hamburger UKE, aber auch der Herr von Scharitee in Berlin gef\u00e4llt mir gut.<\/p>\n\n\n\n<p><strong>Hallo J. <\/strong>Ich gucke nicht, ich lese nur. Das finde ich leichter verdaulich. <strong>Hallo S.<\/strong> Besonders interessieren mich immer die Antworten auf die immer wieder gestellten Fragen, als da w\u00e4ren: Warum es in New York so wenig Beatmungsger\u00e4te und so viele K\u00fchlwagen gibt. <strong>Hallo J.<\/strong> Das weiss ich allerdings auch nicht. Warum denn?  <strong>Hallo S.<\/strong> Die Antworten fehlen. Das ist vermutlich geheim. Die Sender, die mir die freundliche Genossenschaft zur Verf\u00fcgung stellt, haben jetzt \u00f6fter Motten (meint die Mehrzahl von Motto) an verschiedenen Stellen des \u00fcbertragenen Bildes. Hier die Zusammenstellung, die ich extra durch Beobachtung f\u00fcr Dich hergestellt habe, weil Du bestimmt diese Sender alle nicht beobachtest. <strong>Hallo J.<\/strong> In der Tat. <strong>Hallo S.<\/strong> NDR Drittes Programm Hamburg links oben steht:<strong> Der Norden h\u00e4lt zusammen <\/strong>(leider wird nicht mitgeteilt, was oder wen der Norden da zusammen h\u00e4lt und wer denn eigentlich dieser Norden ist). <strong>Hallo J.<\/strong> Na, das ist doch richtiges Deutsch. Auch wenns nat\u00fcrlich nicht wahr ist.  <strong>Hallo S.<\/strong> Der BR (3. Programm) rechts oben:<strong> &#8222;daheim bleiben&#8220;.<\/strong> Man wei\u00df nicht recht, sollen nur die Bayern daheim bleiben oder auch die anderen St\u00e4mme? <strong>Hallo J.<\/strong> Richtet sich vielleicht nur an die s\u00fcdlichen St\u00e4mme, die &#8222;daheim&#8220; sagen und nicht &#8222;zuhause&#8220; (wozu wir ja gleich noch kommen).  <strong>Hallo S.<\/strong> Der WDR schreibt einfach nur (links oben)<strong> Zuhause<\/strong> und das in einem Wort, was immer das sein soll. <strong>Hallo J<\/strong>. Ist beides richtig, zusammen und getrennt. Und als Substantiv muss man es sogar zusammen schreiben: &#8222;mein Zuhause&#8220;. <strong>Hallo S.<\/strong> Heute morgen um 9.00 Uhr hatten sie eine gute Sendung mit Armin Maiwald \u00fcber seinen Papa. <strong>Hallo J<\/strong>. Du siehst morgens um 9 Uhr fern? Das ist aber schon ein bisschen besorgniserregend. <strong>Hallo S<\/strong>. Leider ist die Sendung mit der Maus in gewisser Weise auch schon verst\u00fcmmelt. Sie passen sich an den Rest des Programmes an, das kein Bild mehr \u00fcber den Sender geht, wo nicht mindestens ein Klavier im Hintergrund zu h\u00f6ren ist.  <strong>Hallo J<\/strong>. Ja, der Zug ist abgefahren. Leider. <strong>Hallo S<\/strong>. Dabei f\u00e4llt mir noch auf, wann hat das eigentlich mit den Namens-M\u00fctzen f\u00fcr die Mikros angefangen? Ich mein, weil jedes Mikro jetzt eine M\u00fctze auf hat! Damit es wieder in die richtige Kiste reinkommt? Und das auch niemand vergisst, wem das Mikro geh\u00f6rt? Damit der Dieb, wenn er es klaut, wenigstens ein schlechtes Gewissen hat!? Der mu\u00df ihm dann die M\u00fctze wegnehmen und dann kommt der Wind ins Mikro. Oder warum mu\u00df das Mikro st\u00e4ndig seine Herkunft zeigen? Weil die Leute immer bl\u00f6der werden? Fr\u00fcher haben nur kleine Zeichen darauf aufmerksam gemacht, dass das MKH 451 von Sennheiser hergestellt worden ist! <strong>Hallo J<\/strong>. Das weiss ich nicht, ist aber eine interessante Beobachtung.  <strong>Hallo S<\/strong>. Der HR schreibt: <strong>zusammenhalten <\/strong>(ebenfalls in einen Wort)  <strong>Hallo J<\/strong>. Geh\u00f6rt sich auch so. Die Faustregel lautet, wenn der erste Wortteil betont wird (in diesem Fall &#8222;zusammen&#8220;), wird das Verb zusammengeschrieben. <strong> Hallo S<\/strong>. Wo man nicht recht weiss, ob sich das nur an die Frankfurter mit ihren W\u00fcrstchen wendet. Haben nicht auch die Kameraden fr\u00fcher immer zusammen gehalten, wenn sie pl\u00fcndern waren? <strong>Hallo J<\/strong>. Ja, das ist eins dieser politisch verd\u00e4chtigen W\u00f6rter, die sich f\u00fcr praktisch alle Zwecke eignen. <strong>Hallo S<\/strong>. Der MDR titelt (links oben):<strong> ZUHAUSE # MITEINDANDERSTARK <\/strong>(Beide Worte in Gro\u00dfbuchstaben mit der Raute von Angela dazwischen und zusammengeschrieben (vermutlich um Platz zu sparen) <strong>Hallo J<\/strong>. Nee, das hat mit Platz sparen nichts zu tun; das ist ein hashtag. Falls du jetzt, was ich f\u00fcr wahrscheinlich halte, sagst, &#8222;wassn das&#8220;, schlage ich vor, dass du mal nachguckst, was es ist (hier zum Beispiel: <a href=\"https:\/\/brucker-solutions.de\/was-ist-ein-hashtag-und-wofuer-braucht-man-es\/\">https:\/\/brucker-solutions.de\/was-ist-ein-hashtag-und-wofuer-braucht-man-es\/<\/a>); du wirst es zwar selber wahrscheinlich nie brauchen, aber es erleichtert die Kommunikation mit der j\u00fcngeren Generation. Und das ist doch zumindest ein bisschen n\u00fctzlicher als auswendig zu lernen, welche Verben zusammengeschrieben werden. <strong>Hallo S<\/strong>. Der SWR hat es auch mit den Gro\u00dfbuchstaben und schreibt <strong>F\u00dcR EUCH DA&nbsp;<\/strong>(Vermutlich ist der Sendeplatz gemeint, der eben da ist, wo er jetzt ist und nicht woanders, sonst w\u00fcrde da ja jetzt stehen: <strong>F\u00dcR EUCH JETZT HIER<\/strong>. <strong>Hallo J. <\/strong>Na, das ist jetzt aber schon sehr kleinkr\u00e4merisch. <strong>Hallo S<\/strong>. Und nun kommst Du,&nbsp;und nicht, dass Du schreibst, ich h\u00e4tte diesen Text nur geschrieben, weil ich Cleopatra und Caesar nicht mehr habe aushalten k\u00f6nnen. <strong>Hallo J<\/strong>. Ja, irgendwie ist mir auch langweilig. <strong>Hallo S<\/strong>. Ja, das merk ich. <strong>Hallo J<\/strong>. Ich habe einen Freund im l\u00e4ndlichen Kanada, den die Viruskrise direkt nach einer extrem unsch\u00f6nen Scheidung und dem Auszug aus dem gemeinsam bewohnten Haus erwischte, und zwar in einem Trailer auf dem Gel\u00e4nde eines Hunde\u00fcbungsplatzes (heisst das so?) ohne Klo, Herd und K\u00fchlschrank. Dort wollte er eigentlich nur ein paar Wochen bleiben, bis eine neue Wohnung gefunden war, und dann kann das (der?) Virus. Nun sitzt er da und kann nicht weg. Das Internet reicht nicht aus zum Filme gucken, und so hat er sich denn auf den Weg zur n\u00e4chsten Tankstelle begeben (ich weiss aus eigener Erfahrung, dass die im l\u00e4ndlichen Ontario gern mal 60 km weit weg sind) in der Hoffnung, da einen Armvoll DVDs zu ergattern, aber die Idee hatten schon andere gehabt, und es gab noch genau drei, und zwar folgende:- die erste Staffel von<strong> &#8222;Kojak&#8220;- Robocop 3<\/strong>&#8211; einen <strong>Kung Fu-Film<\/strong> auf chinesisch. Die hat er dann alle gekauft und guckt sie sich seitdem reihum an. Ich fand das todkomisch (hab&#8216; ich ihm nat\u00fcrlich nicht gesagt) und habe gedacht, da m\u00fcsste doch eigentlich jemand mit einen Sinn f\u00fcr Tragikomik einen Film draus machen. Falls mir was einf\u00e4llt, womit man dich besch\u00e4ftigen oder unterhalten kann, mache ich nat\u00fcrlich sofort Mitteilung. <strong>S<\/strong>.<\/p>\n\n\n\n<p class=\"has-drop-cap\"><strong>Tagebucheintrag Montag, d. 6. April 2020 Die Antennenanlage des BVE der Firma P\u0178UR bietet an:<\/strong> <strong>N3<\/strong> Der Norden h\u00e4lt zusammen; <strong>BR<\/strong> daheim bleiben; <strong>WDR<\/strong> ZUHAUSE   ZUHAUSE  (2 X;  <strong>HR<\/strong> # zusammenhalten; <strong>MDR<\/strong> ZUHAUSE # MITEINANDER STARK;      <strong>SWR <\/strong>F\u00dcR EUCH DA;     <strong> SR<\/strong> Zusammenhalten; <strong> Doku<\/strong> WirBleibenZuhause;                         <strong>Pro 7<\/strong> Wir Bleiben Zuhause; <strong>RBB<\/strong> (habe ich mir nicht notiert) &#8211; ist immer besonders bl\u00f6de-    z. B. schreiben sie auf ihre Autos den frommen Wunsch:<strong> Nur nicht langweilen<\/strong>. (Hat vermutlich jemand von ihnen im Internet das Zitat von Kurt T. gelesen, vermutlich der Pf\u00f6rtner)<\/p>\n\n\n\n<div class=\"wp-block-image\"><figure class=\"alignleft size-large is-resized\"><img loading=\"lazy\" decoding=\"async\" src=\"https:\/\/www.medienberatungev.org\/wp-content\/uploads\/2021\/03\/SFBPommernalleeKlein.jpg\" alt=\"\" class=\"wp-image-14446\" width=\"328\" height=\"220\" srcset=\"https:\/\/www.medienberatungev.org\/wp-content\/uploads\/2021\/03\/SFBPommernalleeKlein.jpg 713w, https:\/\/www.medienberatungev.org\/wp-content\/uploads\/2021\/03\/SFBPommernalleeKlein-300x202.jpg 300w\" sizes=\"auto, (max-width: 328px) 85vw, 328px\" \/><\/figure><\/div>\n\n\n\n<div class=\"wp-block-image\"><figure class=\"alignright size-large is-resized\"><img loading=\"lazy\" decoding=\"async\" src=\"https:\/\/www.medienberatungev.org\/wp-content\/uploads\/2021\/03\/P1090010KinderamZaunkleinkontrast.jpg\" alt=\"\" class=\"wp-image-14443\" width=\"224\" height=\"224\" srcset=\"https:\/\/www.medienberatungev.org\/wp-content\/uploads\/2021\/03\/P1090010KinderamZaunkleinkontrast.jpg 500w, https:\/\/www.medienberatungev.org\/wp-content\/uploads\/2021\/03\/P1090010KinderamZaunkleinkontrast-300x300.jpg 300w, https:\/\/www.medienberatungev.org\/wp-content\/uploads\/2021\/03\/P1090010KinderamZaunkleinkontrast-150x150.jpg 150w\" sizes=\"auto, (max-width: 224px) 85vw, 224px\" \/><\/figure><\/div>\n\n\n\n<div class=\"wp-block-image\"><figure class=\"alignleft size-large is-resized\"><img loading=\"lazy\" decoding=\"async\" src=\"https:\/\/www.medienberatungev.org\/wp-content\/uploads\/2021\/01\/Tieresehendichan1klein.jpg\" alt=\"\" class=\"wp-image-13767\" width=\"217\" height=\"154\" srcset=\"https:\/\/www.medienberatungev.org\/wp-content\/uploads\/2021\/01\/Tieresehendichan1klein.jpg 500w, https:\/\/www.medienberatungev.org\/wp-content\/uploads\/2021\/01\/Tieresehendichan1klein-300x212.jpg 300w\" sizes=\"auto, (max-width: 217px) 85vw, 217px\" \/><\/figure><\/div>\n\n\n\n<div class=\"wp-block-image\"><figure class=\"alignright size-large is-resized\"><img loading=\"lazy\" decoding=\"async\" src=\"https:\/\/www.medienberatungev.org\/wp-content\/uploads\/2020\/01\/image.png\" alt=\"\" class=\"wp-image-10572\" width=\"156\" height=\"106\" srcset=\"https:\/\/www.medienberatungev.org\/wp-content\/uploads\/2020\/01\/image.png 720w, https:\/\/www.medienberatungev.org\/wp-content\/uploads\/2020\/01\/image-300x203.png 300w\" sizes=\"auto, (max-width: 156px) 85vw, 156px\" \/><\/figure><\/div>\n\n\n\n<div class=\"wp-block-image\"><figure class=\"alignright size-large is-resized\"><img loading=\"lazy\" decoding=\"async\" src=\"https:\/\/www.medienberatungev.org\/wp-content\/uploads\/2021\/10\/cameraman-05.jpg\" alt=\"\" class=\"wp-image-16556\" width=\"152\" height=\"206\" srcset=\"https:\/\/www.medienberatungev.org\/wp-content\/uploads\/2021\/10\/cameraman-05.jpg 332w, https:\/\/www.medienberatungev.org\/wp-content\/uploads\/2021\/10\/cameraman-05-222x300.jpg 222w\" sizes=\"auto, (max-width: 152px) 85vw, 152px\" \/><figcaption>Der Kameramann<br><\/figcaption><\/figure><\/div>\n","protected":false},"excerpt":{"rendered":"<p>Hallo J. Na, da hat aber ein B\u00fcrger das Fernsehen sehr genau beobachtet! Falls mir was einf\u00e4llt, womit man dich besch\u00e4ftigen oder unterhalten kann, mache ich nat\u00fcrlich sofort Mitteilung. Hallo S. Seit dem die weltweite Krankheit da ist, schaue ich au\u00dferordentlich viel Fernsehen. Gerne sehe ich die Virologinnen aller L\u00e4nder. Besonders gerne die attraktive Virologin &hellip; <a href=\"https:\/\/www.medienberatungev.org\/?p=14407\" class=\"more-link\"><span class=\"screen-reader-text\">\u201eB\u00fcrger beobachten das Fernsehen\u201c<\/span> weiterlesen<\/a><\/p>\n","protected":false},"author":2,"featured_media":0,"comment_status":"open","ping_status":"open","sticky":false,"template":"","format":"standard","meta":{"footnotes":""},"categories":[2720,6595,6275,6108,6413,1],"tags":[6616,6630,6613,6614,6623,6624,6622,6621,6625,6627,6617,6619,3567,6629,6626,131,6628,1274,1576,6615,6620],"class_list":["post-14407","post","type-post","status-publish","format-standard","hentry","category-2720","category-6595","category-35-mm-film","category-abstand-halten-zur-bloed-zeitung","category-dokumentarfilm","category-uncategorized","tag-armin-maiwald","tag-cleopatra","tag-daheim-bleiben","tag-der-norden-haelt-zusammen","tag-fuer-euch-da","tag-fuer-euch-jetzt-hier","tag-hashtag","tag-kameraden","tag-kojak","tag-kung-fu","tag-mdr","tag-mikromuetze","tag-ndr","tag-rbb","tag-robocop-3","tag-sendung-mit-der-maus","tag-sr","tag-swr","tag-wdr","tag-zuhause","tag-zusammenhalten"],"_links":{"self":[{"href":"https:\/\/www.medienberatungev.org\/index.php?rest_route=\/wp\/v2\/posts\/14407","targetHints":{"allow":["GET"]}}],"collection":[{"href":"https:\/\/www.medienberatungev.org\/index.php?rest_route=\/wp\/v2\/posts"}],"about":[{"href":"https:\/\/www.medienberatungev.org\/index.php?rest_route=\/wp\/v2\/types\/post"}],"author":[{"embeddable":true,"href":"https:\/\/www.medienberatungev.org\/index.php?rest_route=\/wp\/v2\/users\/2"}],"replies":[{"embeddable":true,"href":"https:\/\/www.medienberatungev.org\/index.php?rest_route=%2Fwp%2Fv2%2Fcomments&post=14407"}],"version-history":[{"count":38,"href":"https:\/\/www.medienberatungev.org\/index.php?rest_route=\/wp\/v2\/posts\/14407\/revisions"}],"predecessor-version":[{"id":16574,"href":"https:\/\/www.medienberatungev.org\/index.php?rest_route=\/wp\/v2\/posts\/14407\/revisions\/16574"}],"wp:attachment":[{"href":"https:\/\/www.medienberatungev.org\/index.php?rest_route=%2Fwp%2Fv2%2Fmedia&parent=14407"}],"wp:term":[{"taxonomy":"category","embeddable":true,"href":"https:\/\/www.medienberatungev.org\/index.php?rest_route=%2Fwp%2Fv2%2Fcategories&post=14407"},{"taxonomy":"post_tag","embeddable":true,"href":"https:\/\/www.medienberatungev.org\/index.php?rest_route=%2Fwp%2Fv2%2Ftags&post=14407"}],"curies":[{"name":"wp","href":"https:\/\/api.w.org\/{rel}","templated":true}]}}