{"id":14456,"date":"2021-03-16T15:05:32","date_gmt":"2021-03-16T15:05:32","guid":{"rendered":"https:\/\/www.medienberatungev.org\/?p=14456"},"modified":"2021-03-17T12:41:39","modified_gmt":"2021-03-17T12:41:39","slug":"telefonat-mit-einem-spekulanten","status":"publish","type":"post","link":"https:\/\/www.medienberatungev.org\/?p=14456","title":{"rendered":"Telefonat mit einem Spekulanten (Schanze 75 GmbH)"},"content":{"rendered":"\n<p class=\"has-drop-cap\"> <strong>Ein Telefonat mit einem Spekulanten<\/strong> <strong>31. Mai 2010  15.20 Uhr &#8211; 15.35 Uhr<\/strong>              <strong>15.20 Uhr<\/strong>. Zuhause. Es klingelt. Mein Telefon. Es meldet sich ein Herr Stefan *. Er sei der Hausbesitzer des Schanzenhofes und habe eben mit der Palette telefoniert und man habe ihm gesagt,  da\u00df man nicht zust\u00e4ndig sei, sondern der Herr Meyer. Ich denke, wer hat denn dem Arschloch meine private Telefonnummer gegeben? Ob ich denn der richtige sei? Wenn er mit dem Verein  Schanzenhof telefonieren wolle, dann w\u00e4re ich schon der richtige Ansprechpartner, antworte ich. Wie das denn w\u00e4re?  Ich verstehe nicht, was er meint. Das ist der Verein der Mieter des Schanzenhofes, meine Antwort. Ich sei im Vorstand dieses Vereins und noch zwei andere Personen. Ob das denn nicht der Herr Krisp sei? Nein, antworte ich, der Herr Krisp ist vom Kino. Er erkl\u00e4rt, er sei ja f\u00fcr den direkten Weg. Und es h\u00e4tte diese Beschwerden gegeben und da habe er eben die andere Firma gew\u00e4hlt. Aber wenn es denn so sei, dass die Mieter die Leute von der Palette haben wollten, dann sei das in Ordnung. Soweit ich wei\u00df, entgegne ich, gab es keine Beschwerde der Volkshochschule, sondern die Volkshochschule wollte lediglich f\u00fcr das Treppenhaus in der Schanzenstrasse einen dritten Reinigungstermin. Das sei wohl aus Sicht der Palette kein Problem. Dann  w\u00fcrde ja aber der Preis steigen, sein Einwand. Das w\u00e4re ja f\u00fcr den Hausbesitzer kein Problem, weil ja die Kosten der Reinigung ohnehin von den Mietern getragen werden. Und da gab es unter der Mietern auch Einigkeit. Ja, wer denn \u00fcberhaupt in dem Verein sei? Seine Frage. Alle Altmieter, die seit 1991 im Gewerbehof Schanzenhof Mieter seien, meine Antwort. Wer denn da rausfalle? Alle, die mit der DIC Mietvertr\u00e4ge h\u00e4tten. Also z. B. die Sportschule Asia Sports u.a. . Die Nebenkosten werden ja vermutlich \u00fcber die Betriebskosten verteilt und die Asia Sportschule hat kein Treppenhaus. Ja, das die Mieter die Kosten der Reinigung \u00fcbernehmen, das h\u00e4tte er gerne schriftlich. Meine Antwort: Es gibt von der Zusammenkunft der Mieter ein Protokoll. <\/p>\n\n\n\n<p class=\"has-drop-cap\">Da haben wir gerade den Eingang malen lassen und zwei Tage sp\u00e4ter sei schon wieder was an der Wand. Der Herr Krause * h\u00e4tte vorgeschlagen, da eine \u00dcberwachungskamera . . . als Attrappe hinzuh\u00e4ngen, das w\u00fcrde die abschrecken. Da kann ich nur von abraten, das w\u00fcrde das nur anheizen. Besser w\u00e4re es ein paar Graffitik\u00fcnstler  zu engagieren, die das ganze kunstvoll ausmalen. Graffiti verhindert man am besten mit Graffiti. Ja, ham sie da Kontakte? Ich bin bereit. Ich werde mich mal umh\u00f6ren. Und den Kontakt bez\u00fcglich der Treppenhausreinigung macht man am besten \u00fcber den Rechtsanwalt Matthias Neuling ***. Ja, das habe er \u00fcberhaupt nicht verstanden, von wem der denn eigentlich beauftragt wurde. Naja, vom Verein Schanzenhof. Er gibt mir seine Telefonnummern und f\u00fcr den Notfall seine H\u00e4ndinunmmer ( ) Aber die Sekret\u00e4rin weiss auch Bescheid. Seine B\u00fcronummer () <strong>Ende des Telefonats 15.35 Uhr  <\/strong><\/p>\n\n\n\n<p> * Stefan = Mario Stephan (Spekulant, Einer der beiden Spekulanten der Schanze 75 GmbH, der andere Inhaber: Bent Jensen; beide (meines Wissen nach), nicht verstorben)<\/p>\n\n\n\n<p>\n** Krause\nHausmeister angestellt bei der VHS (inzwischen verstorben)<\/p>\n\n\n\n<p> *** Dr. Matthias Neuling Rechtsanwalt (hat damals den Verein Schanzenhof e. V. vertreten)<\/p>\n\n\n\n<figure class=\"wp-block-image size-large\"><img loading=\"lazy\" decoding=\"async\" width=\"1024\" height=\"1001\" src=\"https:\/\/www.medienberatungev.org\/wp-content\/uploads\/2018\/02\/Montblanc21989-1024x1001.jpg\" alt=\"Fotograf Jens Meyer 1989\" class=\"wp-image-5490\"\/><\/figure>\n\n\n\n<figure class=\"wp-block-image size-large\"><img loading=\"lazy\" decoding=\"async\" width=\"1024\" height=\"755\" src=\"https:\/\/www.medienberatungev.org\/wp-content\/uploads\/2018\/05\/MontblancF\u00fcllerKontrolle-1024x755.jpg\" alt=\"\" class=\"wp-image-6286\"\/><\/figure>\n","protected":false},"excerpt":{"rendered":"<p>Ein Telefonat mit einem Spekulanten 31. Mai 2010 15.20 Uhr &#8211; 15.35 Uhr 15.20 Uhr. Zuhause. Es klingelt. Mein Telefon. Es meldet sich ein Herr Stefan *. Er sei der Hausbesitzer des Schanzenhofes und habe eben mit der Palette telefoniert und man habe ihm gesagt, da\u00df man nicht zust\u00e4ndig sei, sondern der Herr Meyer. Ich &hellip; <a href=\"https:\/\/www.medienberatungev.org\/?p=14456\" class=\"more-link\"><span class=\"screen-reader-text\">\u201eTelefonat mit einem Spekulanten (Schanze 75 GmbH)\u201c<\/span> weiterlesen<\/a><\/p>\n","protected":false},"author":2,"featured_media":0,"comment_status":"open","ping_status":"open","sticky":false,"template":"","format":"standard","meta":{"footnotes":""},"categories":[6633,2393,5516,2392,1884,6636,1216,6638,6639,6635,6637,1180,6634,1],"tags":[1140,1147,1141,1161],"class_list":["post-14456","post","type-post","status-publish","format-standard","hentry","category-6633","category-2393","category-5516","category-2392","category-3001-kino-2","category-bent-jensen","category-bodenspekulation","category-dic-gmbh","category-garffiti","category-mario-stephan","category-schanze-75-gmbh","category-schanzenhof-2","category-spekulant","category-uncategorized","tag-bent-jensen","tag-dic","tag-mario-stephan","tag-schanzenhof"],"_links":{"self":[{"href":"https:\/\/www.medienberatungev.org\/index.php?rest_route=\/wp\/v2\/posts\/14456","targetHints":{"allow":["GET"]}}],"collection":[{"href":"https:\/\/www.medienberatungev.org\/index.php?rest_route=\/wp\/v2\/posts"}],"about":[{"href":"https:\/\/www.medienberatungev.org\/index.php?rest_route=\/wp\/v2\/types\/post"}],"author":[{"embeddable":true,"href":"https:\/\/www.medienberatungev.org\/index.php?rest_route=\/wp\/v2\/users\/2"}],"replies":[{"embeddable":true,"href":"https:\/\/www.medienberatungev.org\/index.php?rest_route=%2Fwp%2Fv2%2Fcomments&post=14456"}],"version-history":[{"count":13,"href":"https:\/\/www.medienberatungev.org\/index.php?rest_route=\/wp\/v2\/posts\/14456\/revisions"}],"predecessor-version":[{"id":14470,"href":"https:\/\/www.medienberatungev.org\/index.php?rest_route=\/wp\/v2\/posts\/14456\/revisions\/14470"}],"wp:attachment":[{"href":"https:\/\/www.medienberatungev.org\/index.php?rest_route=%2Fwp%2Fv2%2Fmedia&parent=14456"}],"wp:term":[{"taxonomy":"category","embeddable":true,"href":"https:\/\/www.medienberatungev.org\/index.php?rest_route=%2Fwp%2Fv2%2Fcategories&post=14456"},{"taxonomy":"post_tag","embeddable":true,"href":"https:\/\/www.medienberatungev.org\/index.php?rest_route=%2Fwp%2Fv2%2Ftags&post=14456"}],"curies":[{"name":"wp","href":"https:\/\/api.w.org\/{rel}","templated":true}]}}