{"id":1473,"date":"2016-07-12T15:51:46","date_gmt":"2016-07-12T15:51:46","guid":{"rendered":"http:\/\/www.medienberatungev.org\/?p=1473"},"modified":"2025-05-01T14:58:55","modified_gmt":"2025-05-01T14:58:55","slug":"wurde-martin-luther-ermordet","status":"publish","type":"post","link":"https:\/\/www.medienberatungev.org\/?p=1473","title":{"rendered":"Martin Luther (guckt lieber weg)"},"content":{"rendered":"\n<figure class=\"wp-block-image size-large\"><img decoding=\"async\" src=\"https:\/\/www.medienberatungev.org\/wp-content\/uploads\/2016\/08\/neueglockenmichel.jpg\" alt=\"\" class=\"wp-image-2896\"\/><\/figure>\n\n\n<div class=\"wp-block-image\">\n<figure class=\"alignleft size-large is-resized\"><img loading=\"lazy\" decoding=\"async\" width=\"800\" height=\"800\" src=\"https:\/\/www.medienberatungev.org\/wp-content\/uploads\/2021\/09\/IMG_8514klein-1.jpg\" alt=\"\" class=\"wp-image-16147\" style=\"width:233px;height:233px\"\/><\/figure>\n<\/div>\n\n<div class=\"wp-block-image\">\n<figure class=\"alignleft size-large is-resized\"><img loading=\"lazy\" decoding=\"async\" width=\"768\" height=\"1024\" src=\"https:\/\/www.medienberatungev.org\/wp-content\/uploads\/2016\/05\/lutherohnek1gedreht-768x1024.jpg\" alt=\"Martin Luther\" class=\"wp-image-1266\" style=\"width:236px;height:314px\"\/><figcaption class=\"wp-element-caption\">Dr. Martin Luther (mit Buch) am 22. Mai 2016<\/figcaption><\/figure>\n<\/div>\n\n<div class=\"wp-block-image\">\n<figure class=\"alignleft size-large is-resized\"><img loading=\"lazy\" decoding=\"async\" width=\"300\" height=\"400\" src=\"https:\/\/www.medienberatungev.org\/wp-content\/uploads\/2016\/07\/WurdeLutherermordet-e1572988214368.jpg\" alt=\"Martin Luther\" class=\"wp-image-1472\" style=\"width:251px;height:335px\"\/><figcaption class=\"wp-element-caption\">Martin Luther<\/figcaption><\/figure>\n<\/div>\n\n<div class=\"wp-block-image\">\n<figure class=\"alignright size-large is-resized\"><img loading=\"lazy\" decoding=\"async\" width=\"590\" height=\"1024\" src=\"https:\/\/www.medienberatungev.org\/wp-content\/uploads\/2021\/09\/MartinLutherDieter-Pforte-590x1024.jpg\" alt=\"\" class=\"wp-image-16199\" style=\"width:162px;height:281px\"\/><\/figure>\n<\/div>\n\n\n<p class=\"has-drop-cap\"> Kardinal Bibbiena: \u201cMoischele steht vor a kirche. Tate, was is dos f\u00fcr a haus mit dem hohen Turm? Moischele, dos ist a kirche? Was is a kirche? Nun, die goim sagen, do wohnt der liebe Gott. Aber tate, der liebe gott wohnt doch im himmel. Sollst recht habn, wohnen tut er im himmel, aber do drinnen hat er sein gsch\u00e4ft. (Beide lachen) Der Heilige Vater <em>(Der Papst kommt auf das Podest. Er tr\u00e4gt Stiefel und um den Hals eine lange Kette.)\u201c. <\/em>                                                                         (Aus dem Theaterst\u00fcck von Dieter Forte: Martin Luther &amp; Thomas M\u00fcnzer oder Die Einf\u00fchrung der Buchhaltung. Verlag Klaus Wagenbach. Berlin 1971.                    (Seite 15)<\/p>\n\n\n<div class=\"wp-block-image\">\n<figure class=\"alignright size-large is-resized\"><a href=\"https:\/\/www.medienberatungev.org\/wp-content\/uploads\/2018\/08\/milpferd_einauge-e1671899244730.jpg\"><img loading=\"lazy\" decoding=\"async\" width=\"1024\" height=\"686\" src=\"https:\/\/www.medienberatungev.org\/wp-content\/uploads\/2018\/08\/milpferd_einauge-1024x686.jpg\" alt=\"\" class=\"wp-image-7687\" style=\"width:221px;height:auto\"\/><\/a><figcaption class=\"wp-element-caption\">Zeichnung Helga Bachmann<\/figcaption><\/figure>\n<\/div>\n\n<div class=\"wp-block-image\">\n<figure class=\"aligncenter size-full is-resized\"><a href=\"https:\/\/www.medienberatungev.org\/wp-content\/uploads\/2016\/08\/By-nc-sa_color.png\"><img loading=\"lazy\" decoding=\"async\" width=\"720\" height=\"486\" src=\"https:\/\/www.medienberatungev.org\/wp-content\/uploads\/2016\/08\/By-nc-sa_color.png\" alt=\"Creative commons.org\" class=\"wp-image-1755\" style=\"width:221px;height:149px\" srcset=\"https:\/\/www.medienberatungev.org\/wp-content\/uploads\/2016\/08\/By-nc-sa_color.png 720w, https:\/\/www.medienberatungev.org\/wp-content\/uploads\/2016\/08\/By-nc-sa_color-300x202.png 300w\" sizes=\"auto, (max-width: 709px) 85vw, (max-width: 909px) 67vw, (max-width: 984px) 61vw, (max-width: 1362px) 45vw, 600px\" \/><\/a><\/figure>\n<\/div>","protected":false},"excerpt":{"rendered":"<p>Kardinal Bibbiena: \u201cMoischele steht vor a kirche. Tate, was is dos f\u00fcr a haus mit dem hohen Turm? Moischele, dos ist a kirche? Was is a kirche? Nun, die goim sagen, do wohnt der liebe Gott. Aber tate, der liebe gott wohnt doch im himmel. Sollst recht habn, wohnen tut er im himmel, aber do &hellip; <a href=\"https:\/\/www.medienberatungev.org\/?p=1473\" class=\"more-link\"><span class=\"screen-reader-text\">\u201eMartin Luther (guckt lieber weg)\u201c<\/span> weiterlesen<\/a><\/p>\n","protected":false},"author":2,"featured_media":0,"comment_status":"open","ping_status":"open","sticky":false,"template":"","format":"standard","meta":{"footnotes":""},"categories":[1288,1245,945,1789,1791,1304],"tags":[3650,3743,1300,47,1794],"class_list":["post-1473","post","type-post","status-publish","format-standard","hentry","category-bezirk-hamburg-mitte","category-fotoarchiv-jens-meyer","category-fotos","category-hauptpastor","category-heinrich-kuhfuss","category-michaelis-kirche-hamburg","tag-dr-martin-luther","tag-heinrich-kuhfuss","tag-michaelis-kirche","tag-michel","tag-michel-shop"],"_links":{"self":[{"href":"https:\/\/www.medienberatungev.org\/index.php?rest_route=\/wp\/v2\/posts\/1473","targetHints":{"allow":["GET"]}}],"collection":[{"href":"https:\/\/www.medienberatungev.org\/index.php?rest_route=\/wp\/v2\/posts"}],"about":[{"href":"https:\/\/www.medienberatungev.org\/index.php?rest_route=\/wp\/v2\/types\/post"}],"author":[{"embeddable":true,"href":"https:\/\/www.medienberatungev.org\/index.php?rest_route=\/wp\/v2\/users\/2"}],"replies":[{"embeddable":true,"href":"https:\/\/www.medienberatungev.org\/index.php?rest_route=%2Fwp%2Fv2%2Fcomments&post=1473"}],"version-history":[{"count":31,"href":"https:\/\/www.medienberatungev.org\/index.php?rest_route=\/wp\/v2\/posts\/1473\/revisions"}],"predecessor-version":[{"id":29066,"href":"https:\/\/www.medienberatungev.org\/index.php?rest_route=\/wp\/v2\/posts\/1473\/revisions\/29066"}],"wp:attachment":[{"href":"https:\/\/www.medienberatungev.org\/index.php?rest_route=%2Fwp%2Fv2%2Fmedia&parent=1473"}],"wp:term":[{"taxonomy":"category","embeddable":true,"href":"https:\/\/www.medienberatungev.org\/index.php?rest_route=%2Fwp%2Fv2%2Fcategories&post=1473"},{"taxonomy":"post_tag","embeddable":true,"href":"https:\/\/www.medienberatungev.org\/index.php?rest_route=%2Fwp%2Fv2%2Ftags&post=1473"}],"curies":[{"name":"wp","href":"https:\/\/api.w.org\/{rel}","templated":true}]}}