{"id":15078,"date":"2021-06-02T14:13:20","date_gmt":"2021-06-02T14:13:20","guid":{"rendered":"https:\/\/www.medienberatungev.org\/?p=15078"},"modified":"2025-08-14T16:28:31","modified_gmt":"2025-08-14T16:28:31","slug":"deutsches-patentamt","status":"publish","type":"post","link":"https:\/\/www.medienberatungev.org\/?p=15078","title":{"rendered":"Meine kurze Karriere beim Deutschen Patentamt in Berlin"},"content":{"rendered":"<div class=\"wp-block-image\">\n<figure class=\"alignleft size-full is-resized\"><a href=\"https:\/\/www.medienberatungev.org\/wp-content\/uploads\/2024\/12\/Berlin-im-M2klein.jpg\"><img loading=\"lazy\" decoding=\"async\" width=\"800\" height=\"528\" src=\"https:\/\/www.medienberatungev.org\/wp-content\/uploads\/2024\/12\/Berlin-im-M2klein.jpg\" alt=\"\" class=\"wp-image-29312\" style=\"width:296px;height:auto\" srcset=\"https:\/\/www.medienberatungev.org\/wp-content\/uploads\/2024\/12\/Berlin-im-M2klein.jpg 800w, https:\/\/www.medienberatungev.org\/wp-content\/uploads\/2024\/12\/Berlin-im-M2klein-300x198.jpg 300w, https:\/\/www.medienberatungev.org\/wp-content\/uploads\/2024\/12\/Berlin-im-M2klein-768x507.jpg 768w\" sizes=\"auto, (max-width: 709px) 85vw, (max-width: 909px) 67vw, (max-width: 984px) 61vw, (max-width: 1362px) 45vw, 600px\" \/><\/a><\/figure>\n<\/div>\n\n<p><a href=\"https:\/\/www.medienberatungev.org\/wp-content\/uploads\/2021\/06\/INFOBugDeutschesPatentamt3Seiten-3.pdf\">INFOBugDeutschesPatentamt3Seiten<\/a><\/p>\n\n\n<p> Abschrift  (erschienen am 5. Januar 1976 im INFO BUG  (INFO BERLINER UNDOGMATISCHE GRUPPEN) ) Nr. 88 und 89 Seite 7 und Seite 17. \u00dcberschrift in  Faksimile:<strong> Der Pr\u00e4sident des Deutschen Patentamts.<\/strong> Daneben die Postanschrift (Ebenfalls im Faksimile: <strong> 1000 Berlin 61, den  . . . . 1976. . . .    Postanschrift: Deutsches Patentamt. Dienststelle Berlin. 1000 Berlin 61. Gitschiner Str. 97 &#8211; 103. Fernruf (030) 25 80 61 App. &#8230;.  Fernschreiber 01836 04<\/strong><\/p>\n\n\n<p><a href=\"https:\/\/www.medienberatungev.org\/wp-content\/uploads\/2021\/06\/InfoBug-88-Seite-7.odt\">PDF InfoBug 88 Seite 7<\/a><\/p>\n\n\n<p><strong>ARBEITSDIENST (modern)<\/strong><\/p>\n\n\n\n<p class=\"has-drop-cap\">Arbeitslose sind schlecht dran. Wer zudem noch von einer Fach- oder Hochschule kommt und ins ABM-Programm (ABM = Arbeits Beschaffungs Ma\u00dfnahmen), wie sie es sch\u00fcchtern nennen (es gab mal einen, der nannte es Arbeitsdienst und baute damit die vielger\u00fchmten Autobahnen), der kann nicht mal mehr richtig weinen. Ich jedenfalls bin jetzt &#8222;eingegliedert&#8220; in den Arbeitsproze\u00df. Das sieht dann folgenderma\u00dfen aus: Zun\u00e4chst ein Vortrag auf dem Arbeitsamt:<strong> \u00bbMan sei ja nun schon bald ein halbes Jahr arbeitslos, wie man sich das denn denke?<\/strong>\u00ab Ich sage: <strong>\u00bbIch denke &#8211; da\u00df man mir doch eine Arbeit vermitteln solle, drau\u00dfen steht ja schlie\u00dflich als Beruf  &#8222;Arbeitsvermittler&#8220; dran\u00ab<\/strong>. <strong> \u00bbDie Arbeit, die sie suchen, die gibts nicht\u00ab  Welchen Beruf ich denn stattdessen ausf\u00fchren wolle?<\/strong>  <strong>\u00bbSchlie\u00dflich k\u00f6nnte ich doch nicht immer von der Bundesanstalt f\u00fcr Arbeit leben\u00ab,<\/strong>  <strong>\u00bbWieso\u00ab<\/strong>, sage ich,  <strong>\u00bbsie leben ja auch davon\u00ab<\/strong>.  (Kleine Anmerkung von 2021. Der Arbeitsvermittler bei der <strong> \u00bbZBF Agentur\u00ab <\/strong>in Berlin Steglitz hatte den Namen, ich schw\u00f6rs, <strong>Knebel)<\/strong><\/p>\n\n\n\n<p class=\"has-drop-cap\">Keine Antwort. Endlich hat er den Schuldigen an der Krise gefunden: Ich gebe zu, ich bin Schuld an den 1,2 Millionen Arbeitslosen. Als ich das endlich eingesehen habe, wei\u00df der Vermittler auch gleich eine L\u00f6sung &#8211; : so keine Arbeit ist, mu\u00df welche beschafft werden. <strong>Herr Stingel (*)<\/strong>  gibt schlie\u00dflich nicht umsonst 600 Mio. aus, um am Jahresende den Aufschwung zu verk\u00fcnden.<\/p>\n\n\n\n<p class=\"has-drop-cap\">Ich kaufe mir eine Flasche Schnaps, ziehe meine schmutzigste Hose an &#8211; auch ein paar kaputte Schuhe habe ich noch &#8211; und stelle mich zwangsweise vor (andernfalls Sperre der Arbeitslosenhilfe f\u00fcr 4 Wochen). Es n\u00fctzt alles nichts &#8211; der  \u00bbSenator f\u00fcr Arbeit und Soziales\u00ab stellt mich ein.  \u00bbDeutsches Patentamt\u00ab hat er f\u00fcr mich vorgesehen. (Und da lese ich immer in der Zeitung, das man erst \u00fcberpr\u00fcft wird, bevor der \u00f6ffentliche Dienst jemand einstellt &#8211; Ich beschwere mich  &#8211; so unpolitisch sei ich doch nun auch nicht,  und Flugbl\u00e4tter habe ich auch schon unterzeichnet).<\/p>\n\n\n\n<p class=\"has-drop-cap\"><strong>400<\/strong> Personen sind auf dem Patentamt &#8211; 150 kommen jetzt noch per Arbeitsdienst dazu. Als ich ankomme, sitzen schon 50 beim Personalchef im B\u00fcro. H\u00f6ll hei\u00dft der Mensch, hat einen Bart und einen Kursus in der Psychologischen Betriebsf\u00fchrung absolviert. Obwohl er keine Arbeit zu vergeben hat, fragt er jeden,  \u00bbwas er denn bisher so gemacht habe\u00ab (einige fallen auch auf den Schwindel rein und bringen noch Zeugnisse mit) \u00bbund wo denn wohl der richtige Platz f\u00fcr ihn sei\u00ab -.  Dann sagt er mit sch\u00f6ner Regelm\u00e4\u00dfigkeit immer das gleiche: <strong> \u00bbKopierer, Keller, Sortieren, Ablegen von Akten\u00ab. <\/strong> <\/p>\n\n\n\n<p class=\"has-drop-cap\"><strong>A<\/strong>nschlie\u00dfend erkl\u00e4rt er jedem, was denn in diesem Patentamt (auf den Schr\u00e4nken und Regalen leuchtet die Geschichte des Hauses &#8211; sie tragen teilweise noch die Hakenkreuze, oder auch die kaiserlichen Inschriften oder einfach Reichspatentamt) eigentlich gemacht wird. Nach einer Woche habe ich dann auch raus: f\u00fcr 50 Oberregierungsr\u00e4te arbeiten 350 Leute zu, als ANG (Angestellter) oder als ABM (Arbeitsdienst) oder als ARB (Arbeiter). Wer l\u00e4nger hier ist, wird verr\u00fcckt. Man sie das an denen, die l\u00e4nger hier sind. (Fortsetzung folgt) <\/p>\n\n\n\n<p class=\"has-drop-cap\"><strong>(*) Stingel<\/strong> = Er nannte sich damals <strong>Pr\u00e4sident<\/strong> dieser Beh\u00f6rde. Handschriftliche Anmerkung des INFO BUG Layouters: aber bitte mit 1-zeiligem Abstand &#8211; Papier ist immer noch teuer.  <\/p>\n\n\n\n<p class=\"has-drop-cap\"><strong>V<\/strong>ermutlich hatte ich meinen Artikel mit 1,5 zeiligen Abstand geschrieben, was dazu gef\u00fchrt hat, dass mein Artikel vor der Ver\u00f6ffentlichung noch mal mit einzeiligem Abstand abgeschrieben werden mu\u00dfte. Ebenfalls der zweite Teil, der eine Woche sp\u00e4ter in Nummer 89 auf Seite 17 ver\u00f6ffentlicht wurde.   Mit einer \u00dcberschrift (Schablone <em><strong>75 Grad Normschrift<\/strong><\/em>, wie sie auch in den Berichtsheften der <strong>Maschinenschlosserlehrlinge<\/strong> (Auszubildende hiessen sie erst sp\u00e4ter)  zum Einsatz kam).<\/p>\n\n\n\n<p><strong> <\/strong><em><strong>A R B E I T S D I E N S T<\/strong><\/em><strong><em> <\/em>  Deutsches Patentamt Dienstelle Berlin 2. Teil<\/strong><\/p>\n\n\n\n<p><strong>Holz arbeitet<\/strong> !<em><strong> <\/strong><\/em> <em><strong>\u00bbSie sind ja noch jung, vielleicht, wenn sie sich bew\u00e4hren, werden sie dort auch fest angestellt\u00ab.<\/strong><\/em> so der Vermittler auf dem Arbeitsamt (Knebel). Kein Interesse bei mir, kein Wunder, die meisten fangen an zu trinken, es gab mal einen, den haben sie jeden morgen nach Fr\u00fchst\u00fcck schon \u00fcber den Platz in der <strong>Auslegehalle<\/strong> tragen m\u00fcssen. Aber die fliegen dann doch raus. Es gibt eine Versammlung- alle Arbeitsdienstleute werden zusammengerufen, ein Vertrauensmann scheidet, ein anderer soll nachr\u00fccken. Der Pr\u00e4sident (Des Deutschen Patentamtes) erstattet Bericht. Die F\u00fclle der anstehenden Aufgaben, die Haushaltbeschr\u00e4nkungen &#8211; jeder kann ihm seine Sorgen vortragen, ein richtiger Vater. Da gibt es einige Schonbaldrentner, die haben welche, sie sollen rausfliegen, 15 an der Zahl, ja wenn er das rechtzeitig gewu\u00dft h\u00e4tte &#8211; aber jetzt &#8211; <em> <strong>\u00bbman hat mich hintergangen\u00ab<\/strong> <\/em>-. Wie das mit der Festanstellung \u00e4lterer &#8222;EINSATZ&#8220; Leute aussieht, ja eine Lohnempf\u00e4ngerstelle wird demn\u00e4chst frei, kein Interesse bei den ABM-Gehaltsempf\u00e4ngern. <\/p>\n\n\n<div class=\"wp-block-image is-resized\">\n<figure class=\"alignleft size-large\"><img loading=\"lazy\" decoding=\"async\" width=\"800\" height=\"800\" src=\"https:\/\/www.medienberatungev.org\/wp-content\/uploads\/2021\/06\/IMG_8314klein.jpg\" alt=\"\" class=\"wp-image-15104\" style=\"width:289px;height:auto\" srcset=\"https:\/\/www.medienberatungev.org\/wp-content\/uploads\/2021\/06\/IMG_8314klein.jpg 800w, https:\/\/www.medienberatungev.org\/wp-content\/uploads\/2021\/06\/IMG_8314klein-300x300.jpg 300w, https:\/\/www.medienberatungev.org\/wp-content\/uploads\/2021\/06\/IMG_8314klein-150x150.jpg 150w, https:\/\/www.medienberatungev.org\/wp-content\/uploads\/2021\/06\/IMG_8314klein-768x768.jpg 768w\" sizes=\"auto, (max-width: 709px) 85vw, (max-width: 909px) 67vw, (max-width: 984px) 61vw, (max-width: 1362px) 45vw, 600px\" \/><\/figure>\n<\/div>\n\n\n<p class=\"has-drop-cap\">Ein scheidender Vertrauensarzt ist Jemandem in den Arsch gekrochen: die Belohnung: gleich zu Anfang Gruppe D das sind 200,&#8211; DM mehr als andere bekommen. Eine Dokumentation hat jeder vor sich liegen. Es  gibt Leute, die sprechen \u00f6ffentlich von Schiebung. Er rechtfertigt sich, wenn man eben so gut sei wie er, einen so wichtigen Posten hier beim Patentamt verantwortlich ausf\u00fclle, dann k\u00f6nne man auch Gruppe D erreichen. Innerhalb von 10 Minuten erkl\u00e4rt er der Versammlung, was f\u00fcr ein t\u00fcchtiger Mensch er sei. Unausgesprochen greift er die anderen damit an &#8211; soda\u00df seine Lobrede von vielen Zwischenrufen unterbrochen wird. Die meisten betrachten das jetzt als Theaterst\u00fcck und nicht mal so sehr gutes, der Ersatzmann fehlt immer noch kurz vor Feierabend, also wird schnell gew\u00e4hlt &#8211; die Kandidaten sagen nicht viel mehr als Alter, Familienstand &#8211; niemand kennt niemand. Und der Pr\u00e4sident lacht, jetzt sind die 15 armen Schweine, die sie vorzeitig (vor neuer Arbeitslosengeldberechtigung) rausgeschmissen (nat\u00fcrlich ohne wissen des Pr\u00e4sidenten) haben, denkt niemand mehr. Mein Nebenmann fl\u00fcstert mir ins Ohr, wenn es so viele Baldrentner gibt, die das hier machen wollen, warum zwingt man denn uns in dieses Idiotenaktenhaus. Ja,. warum eigentlich? &#8211; Bis bald Ihr Diplomsoziologen!! Anonym (weil 1976) Endlich kann ich mich outen. Aber ich lasse es. Der sp\u00e4te Ruhm bekommt mir nicht. <strong>Stinki M\u00fcller.<\/strong> <\/p>\n\n\n\n<figure class=\"wp-block-image size-large is-resized\"><img loading=\"lazy\" decoding=\"async\" width=\"800\" height=\"800\" src=\"https:\/\/www.medienberatungev.org\/wp-content\/uploads\/2021\/06\/IMG_8323dieZeitvergehtundHolzauch.jpg\" alt=\"\" class=\"wp-image-15099\" style=\"width:402px;height:auto\" srcset=\"https:\/\/www.medienberatungev.org\/wp-content\/uploads\/2021\/06\/IMG_8323dieZeitvergehtundHolzauch.jpg 800w, https:\/\/www.medienberatungev.org\/wp-content\/uploads\/2021\/06\/IMG_8323dieZeitvergehtundHolzauch-300x300.jpg 300w, https:\/\/www.medienberatungev.org\/wp-content\/uploads\/2021\/06\/IMG_8323dieZeitvergehtundHolzauch-150x150.jpg 150w, https:\/\/www.medienberatungev.org\/wp-content\/uploads\/2021\/06\/IMG_8323dieZeitvergehtundHolzauch-768x768.jpg 768w\" sizes=\"auto, (max-width: 709px) 85vw, (max-width: 909px) 67vw, (max-width: 984px) 61vw, (max-width: 1362px) 45vw, 600px\" \/><figcaption class=\"wp-element-caption\"><strong>Holz arbeitet !<\/strong><\/figcaption><\/figure>\n\n\n<div class=\"wp-block-image\">\n<figure class=\"aligncenter size-full\"><a href=\"https:\/\/www.medienberatungev.org\/wp-content\/uploads\/2025\/08\/SWN-55-17.jpg\"><img loading=\"lazy\" decoding=\"async\" width=\"800\" height=\"531\" src=\"https:\/\/www.medienberatungev.org\/wp-content\/uploads\/2025\/08\/SWN-55-17.jpg\" alt=\"\" class=\"wp-image-30642\" srcset=\"https:\/\/www.medienberatungev.org\/wp-content\/uploads\/2025\/08\/SWN-55-17.jpg 800w, https:\/\/www.medienberatungev.org\/wp-content\/uploads\/2025\/08\/SWN-55-17-300x199.jpg 300w, https:\/\/www.medienberatungev.org\/wp-content\/uploads\/2025\/08\/SWN-55-17-768x510.jpg 768w\" sizes=\"auto, (max-width: 709px) 85vw, (max-width: 909px) 67vw, (max-width: 984px) 61vw, (max-width: 1362px) 45vw, 600px\" \/><\/a><figcaption class=\"wp-element-caption\">Agfapan 100 200 ASA mit Neofin rot Foto Helmut Sch\u00f6nberger <\/figcaption><\/figure>\n<\/div>\n\n<div class=\"wp-block-image is-resized\">\n<figure class=\"alignleft size-large\"><img loading=\"lazy\" decoding=\"async\" width=\"800\" height=\"800\" src=\"https:\/\/www.medienberatungev.org\/wp-content\/uploads\/2021\/06\/IMG_8320ohneGriffeklein.jpg\" alt=\"\" class=\"wp-image-15108\" style=\"width:219px;height:auto\" srcset=\"https:\/\/www.medienberatungev.org\/wp-content\/uploads\/2021\/06\/IMG_8320ohneGriffeklein.jpg 800w, https:\/\/www.medienberatungev.org\/wp-content\/uploads\/2021\/06\/IMG_8320ohneGriffeklein-300x300.jpg 300w, https:\/\/www.medienberatungev.org\/wp-content\/uploads\/2021\/06\/IMG_8320ohneGriffeklein-150x150.jpg 150w, https:\/\/www.medienberatungev.org\/wp-content\/uploads\/2021\/06\/IMG_8320ohneGriffeklein-768x768.jpg 768w\" sizes=\"auto, (max-width: 709px) 85vw, (max-width: 909px) 67vw, (max-width: 984px) 61vw, (max-width: 1362px) 45vw, 600px\" \/><figcaption class=\"wp-element-caption\"><strong>Auch dieses Holz arbeitet !<\/strong><\/figcaption><\/figure>\n<\/div>\n\n\n<figure class=\"wp-block-image size-large is-resized\"><img loading=\"lazy\" decoding=\"async\" width=\"800\" height=\"800\" src=\"https:\/\/www.medienberatungev.org\/wp-content\/uploads\/2021\/06\/IMG_8313klein.jpg\" alt=\"\" class=\"wp-image-15106\" style=\"width:208px;height:auto\" srcset=\"https:\/\/www.medienberatungev.org\/wp-content\/uploads\/2021\/06\/IMG_8313klein.jpg 800w, https:\/\/www.medienberatungev.org\/wp-content\/uploads\/2021\/06\/IMG_8313klein-300x300.jpg 300w, https:\/\/www.medienberatungev.org\/wp-content\/uploads\/2021\/06\/IMG_8313klein-150x150.jpg 150w, https:\/\/www.medienberatungev.org\/wp-content\/uploads\/2021\/06\/IMG_8313klein-768x768.jpg 768w\" sizes=\"auto, (max-width: 709px) 85vw, (max-width: 909px) 67vw, (max-width: 984px) 61vw, (max-width: 1362px) 45vw, 600px\" \/><\/figure>\n\n\n\n<p><\/p>\n\n\n<div class=\"wp-block-image is-resized\">\n<figure class=\"alignright size-large\"><img loading=\"lazy\" decoding=\"async\" width=\"500\" height=\"354\" src=\"https:\/\/www.medienberatungev.org\/wp-content\/uploads\/2016\/06\/Tieresehendichan1klein.jpg\" alt=\"\" class=\"wp-image-14959\" style=\"width:175px;height:auto\" srcset=\"https:\/\/www.medienberatungev.org\/wp-content\/uploads\/2016\/06\/Tieresehendichan1klein.jpg 500w, https:\/\/www.medienberatungev.org\/wp-content\/uploads\/2016\/06\/Tieresehendichan1klein-300x212.jpg 300w\" sizes=\"auto, (max-width: 500px) 85vw, 500px\" \/><\/figure>\n<\/div>","protected":false},"excerpt":{"rendered":"<p>INFOBugDeutschesPatentamt3Seiten Abschrift (erschienen am 5. Januar 1976 im INFO BUG (INFO BERLINER UNDOGMATISCHE GRUPPEN) ) Nr. 88 und 89 Seite 7 und Seite 17. \u00dcberschrift in Faksimile: Der Pr\u00e4sident des Deutschen Patentamts. Daneben die Postanschrift (Ebenfalls im Faksimile: 1000 Berlin 61, den . . . . 1976. . . . Postanschrift: Deutsches Patentamt. Dienststelle Berlin. &hellip; <a href=\"https:\/\/www.medienberatungev.org\/?p=15078\" class=\"more-link\"><span class=\"screen-reader-text\">\u201eMeine kurze Karriere beim Deutschen Patentamt in Berlin\u201c<\/span> weiterlesen<\/a><\/p>\n","protected":false},"author":2,"featured_media":0,"comment_status":"open","ping_status":"open","sticky":false,"template":"","format":"standard","meta":{"footnotes":""},"categories":[5928,5929,5930,5931,4619,1988,2049,5549,4995,2790,3420,2920,1908,199,1231,1845,5523,1245,1618,945,5524,5525,5552,5547,5088,1,77,2702],"tags":[6778,3776,6782,6787,6788,6777,5577,6784,6780,6783,1350,6786,6789,6790],"class_list":["post-15078","post","type-post","status-publish","format-standard","hentry","category-5928","category-5929","category-5930","category-5931","category-4619","category-1988","category-2049","category-5549","category-4995","category-arbeiter","category-arbeiterin","category-arbeiterklasse","category-arbeitsamt","category-berlin","category-berlin-kreuzberg","category-berlin-west","category-berliner-undogmatischer-gruppen","category-fotoarchiv-jens-meyer","category-fotografen","category-fotos","category-info-bug","category-info-bug-100-umschlag","category-sponti","category-spontis","category-stinki-mueller","category-uncategorized","category-westberlin","category-zusammensprudeln","tag-abm","tag-arbeitsamt","tag-arbeitsvermittler","tag-auslegehalle","tag-berlin-steglitz","tag-deutsches-patentamt","tag-info-bug","tag-oeffentlicher-dienst","tag-praesident-2","tag-senator-fuer-arbeit-und-soziales","tag-steglitz","tag-stingl","tag-zbf","tag-zbf-agentur"],"_links":{"self":[{"href":"https:\/\/www.medienberatungev.org\/index.php?rest_route=\/wp\/v2\/posts\/15078","targetHints":{"allow":["GET"]}}],"collection":[{"href":"https:\/\/www.medienberatungev.org\/index.php?rest_route=\/wp\/v2\/posts"}],"about":[{"href":"https:\/\/www.medienberatungev.org\/index.php?rest_route=\/wp\/v2\/types\/post"}],"author":[{"embeddable":true,"href":"https:\/\/www.medienberatungev.org\/index.php?rest_route=\/wp\/v2\/users\/2"}],"replies":[{"embeddable":true,"href":"https:\/\/www.medienberatungev.org\/index.php?rest_route=%2Fwp%2Fv2%2Fcomments&post=15078"}],"version-history":[{"count":101,"href":"https:\/\/www.medienberatungev.org\/index.php?rest_route=\/wp\/v2\/posts\/15078\/revisions"}],"predecessor-version":[{"id":30672,"href":"https:\/\/www.medienberatungev.org\/index.php?rest_route=\/wp\/v2\/posts\/15078\/revisions\/30672"}],"wp:attachment":[{"href":"https:\/\/www.medienberatungev.org\/index.php?rest_route=%2Fwp%2Fv2%2Fmedia&parent=15078"}],"wp:term":[{"taxonomy":"category","embeddable":true,"href":"https:\/\/www.medienberatungev.org\/index.php?rest_route=%2Fwp%2Fv2%2Fcategories&post=15078"},{"taxonomy":"post_tag","embeddable":true,"href":"https:\/\/www.medienberatungev.org\/index.php?rest_route=%2Fwp%2Fv2%2Ftags&post=15078"}],"curies":[{"name":"wp","href":"https:\/\/api.w.org\/{rel}","templated":true}]}}