{"id":15206,"date":"2021-06-12T22:17:38","date_gmt":"2021-06-12T22:17:38","guid":{"rendered":"https:\/\/www.medienberatungev.org\/?p=15206"},"modified":"2023-02-10T18:27:29","modified_gmt":"2023-02-10T18:27:29","slug":"in-erinnerung-an-fanny-mueller","status":"publish","type":"post","link":"https:\/\/www.medienberatungev.org\/?p=15206","title":{"rendered":"In Erinnerung an Fanny M\u00fcller. (I) + (II)"},"content":{"rendered":"<p><a href=\"https:\/\/www.medienberatungev.org\/wp-content\/uploads\/2021\/06\/Zur-Erinnerung-an-Fanny-M\u00fcller-Zw\u00f6f.pdf\">Zur-Erinnerung-an-Fanny-M\u00fcller-Zw\u00f6lf Texte<\/a><\/p>\n\n\n<p class=\"has-drop-cap\">Leider gibt es auf der Internet Seite der Titanic nur einen Text von Ihr. Ich habe mir deshalb erlaubt &#8211; und sie h\u00e4tte es sicher auch getan &#8211; die Texte auf den Scanner gelegt, und anl\u00e4sslich ihres Geburtstages, der in ein paar Tagen  kommt (geb. am 17. Juli 1941 in Helmste (weiss der Teufel, wo das ist)), hier noch mal, f\u00fcr die Nachgeborenen, die ja bekanntlich keine B\u00fccher mehr lesen, zur Verf\u00fcgung gestellt. Gestorben ist Fanny M\u00fcller, die ja in Wahrheit anders hiess (siehe Wikipedia.de), im Alter von 74 Jahren am 17. Mai 2016. Und Budni gibt es immer noch. Und der ber\u00fchmte S\u00e4nger (Rex Gildo) war nicht nur bei Budni, sondern auch bei den ber\u00fchmten Punkern , die vor der Flora zusammen gekommen waren. (Nicht vergessen soll man auch die Drogerie Kloppenburg, gibts die noch?, die Rex Gildo engagiert und hoffentlich auch bezahlt hat). Auf dem Foto von Marily Stroux sieht es so aus, als singe nur der mitgebrachte Hund (vorne im Bild) und gar nicht Rex Gildo, der ber\u00fchmte S\u00e4nger!<\/p>\n\n\n\n<figure class=\"wp-block-image size-large is-resized\"><img loading=\"lazy\" decoding=\"async\" src=\"https:\/\/www.medienberatungev.org\/wp-content\/uploads\/2016\/10\/marliy-Stroux1-760x1024.jpg\" alt=\"Rex Gildo und Fans vor der Flora\" class=\"wp-image-2056\" width=\"652\" height=\"878\"\/><figcaption>Foto Marily Stroux<br><\/figcaption><\/figure>\n\n\n\n<div class=\"wp-block-image\"><figure class=\"alignright size-large is-resized\"><img loading=\"lazy\" decoding=\"async\" src=\"https:\/\/www.medienberatungev.org\/wp-content\/uploads\/2016\/06\/Tieresehendichan1klein.jpg\" alt=\"\" class=\"wp-image-14959\" width=\"231\" height=\"164\" srcset=\"https:\/\/www.medienberatungev.org\/wp-content\/uploads\/2016\/06\/Tieresehendichan1klein.jpg 500w, https:\/\/www.medienberatungev.org\/wp-content\/uploads\/2016\/06\/Tieresehendichan1klein-300x212.jpg 300w\" sizes=\"auto, (max-width: 231px) 85vw, 231px\" \/><\/figure><\/div>\n\n\n\n<p class=\"has-drop-cap\">In der Titanic erschienen (vermutlich): Zwanzig Kolumnen von Fanny M\u00fcller. Leider habe ich nur neunzehn davon gesammelt. Das Heft vom Juli 1996 fehlt. Vermutlich (Juli) urlaubsbedingt!<\/p>\n\n\n\n<p>Was Fanny M\u00fcller damals nicht beantworten konnte, nun k\u00f6nnen wir es,. Mit Hilfe dieser komfortablen Suchmaschinen. Die befragte Suchmaschine \u00fcbersetzt wie folgt (Von Deutsch nach Englisch): <strong>&#8222;Nun mach aber mal halblang, du Klapskalli!&#8220;=                               &#8222;Now do it halfway, you Klapskalli!&#8220;<\/strong><\/p>\n\n\n<p><a href=\"https:\/\/www.medienberatungev.org\/wp-content\/uploads\/2021\/06\/ZurErinnerung-an-FannyM\u00fcllerSieben1996-Titanic.pdf\">PDF ZurErinnerung-an-FannyM\u00fcllerSieben1996-<\/a><\/p>\n<p><a href=\"https:\/\/www.medienberatungev.org\/wp-content\/uploads\/2021\/06\/ZurErinnerung-an-FannyM\u00fcllerSieben1996-Titanic.pdf\">Titanic<\/a><a href=\"https:\/\/www.medienberatungev.org\/wp-content\/uploads\/2021\/06\/PDFFannyM\u00fcller19TexteausderTitanic.pdf\">PDF FannyM\u00fcller19TexteausderTitanic<\/a><\/p>\n\n\n<p><\/p>\n","protected":false},"excerpt":{"rendered":"<p>Zur-Erinnerung-an-Fanny-M\u00fcller-Zw\u00f6lf Texte Leider gibt es auf der Internet Seite der Titanic nur einen Text von Ihr. Ich habe mir deshalb erlaubt &#8211; und sie h\u00e4tte es sicher auch getan &#8211; die Texte auf den Scanner gelegt, und anl\u00e4sslich ihres Geburtstages, der in ein paar Tagen kommt (geb. am 17. Juli 1941 in Helmste (weiss der &hellip; <a href=\"https:\/\/www.medienberatungev.org\/?p=15206\" class=\"more-link\"><span class=\"screen-reader-text\">\u201eIn Erinnerung an Fanny M\u00fcller. (I) + (II)\u201c<\/span> weiterlesen<\/a><\/p>\n","protected":false},"author":2,"featured_media":0,"comment_status":"open","ping_status":"open","sticky":false,"template":"","format":"standard","meta":{"footnotes":""},"categories":[5836,2359,6794,6823,6826,6793,6820,16,463,2151,6828,6827,6829,6824,6825,6822,6821,1180,971,1137,1432,4304,1744,2344,1],"tags":[6813,6810,2734,6792,6798,6808,6818,6812,6791,1266,6819,6803,6809,6800,6795,6801,6811,1614,6817,8274,6807,6806,1615,1267,6799,6804,3858],"class_list":["post-15206","post","type-post","status-publish","format-standard","hentry","category-1000-toepfe","category-2359","category-6794","category-budni","category-budnikowsky","category-fanny-mueller","category-flora","category-hamburg","category-hamburg-altona","category-hamburg-eimsbuettel","category-ingeborg-glock","category-ivan-budnikowsky","category-john-cleese","category-klappenburg","category-kloppenburg","category-rex-gildo","category-rote-flora","category-schanzenhof-2","category-schanzenviertel","category-schanzenviertel-hamburg","category-sternschanze","category-taz","category-taz-hamburg","category-titanic","category-uncategorized","tag-armani","tag-asbest","tag-budapester-strasse","tag-budni","tag-carl-voscherau","tag-dieter-thomas-heck","tag-drogerie-kloppenburg","tag-esoterikmesse","tag-fanny-mueller","tag-flora","tag-hansen-kino-schulterblatt","tag-hossa","tag-iduna-hochhaus","tag-klappskalli","tag-klapskalli","tag-kloppenburg","tag-leipziger-buchmesse","tag-marily-stroux","tag-now-do-it-halfway-you-klapskalli","tag-nun-mach-aber-mal-halblang-du-klapskalli","tag-oogen","tag-orsloecker","tag-rex-gildo","tag-rote-flora","tag-silly-walks","tag-taverna-romana","tag-titanic"],"_links":{"self":[{"href":"https:\/\/www.medienberatungev.org\/index.php?rest_route=\/wp\/v2\/posts\/15206","targetHints":{"allow":["GET"]}}],"collection":[{"href":"https:\/\/www.medienberatungev.org\/index.php?rest_route=\/wp\/v2\/posts"}],"about":[{"href":"https:\/\/www.medienberatungev.org\/index.php?rest_route=\/wp\/v2\/types\/post"}],"author":[{"embeddable":true,"href":"https:\/\/www.medienberatungev.org\/index.php?rest_route=\/wp\/v2\/users\/2"}],"replies":[{"embeddable":true,"href":"https:\/\/www.medienberatungev.org\/index.php?rest_route=%2Fwp%2Fv2%2Fcomments&post=15206"}],"version-history":[{"count":42,"href":"https:\/\/www.medienberatungev.org\/index.php?rest_route=\/wp\/v2\/posts\/15206\/revisions"}],"predecessor-version":[{"id":18446,"href":"https:\/\/www.medienberatungev.org\/index.php?rest_route=\/wp\/v2\/posts\/15206\/revisions\/18446"}],"wp:attachment":[{"href":"https:\/\/www.medienberatungev.org\/index.php?rest_route=%2Fwp%2Fv2%2Fmedia&parent=15206"}],"wp:term":[{"taxonomy":"category","embeddable":true,"href":"https:\/\/www.medienberatungev.org\/index.php?rest_route=%2Fwp%2Fv2%2Fcategories&post=15206"},{"taxonomy":"post_tag","embeddable":true,"href":"https:\/\/www.medienberatungev.org\/index.php?rest_route=%2Fwp%2Fv2%2Ftags&post=15206"}],"curies":[{"name":"wp","href":"https:\/\/api.w.org\/{rel}","templated":true}]}}