{"id":1562,"date":"2016-08-09T23:06:22","date_gmt":"2016-08-09T23:06:22","guid":{"rendered":"http:\/\/www.medienberatungev.org\/?p=1562"},"modified":"2025-05-01T11:29:37","modified_gmt":"2025-05-01T11:29:37","slug":"belle-alliance-kino-am-schulterblatt-von-jeremias-und-frida-henschel","status":"publish","type":"post","link":"https:\/\/www.medienberatungev.org\/?p=1562","title":{"rendered":"BELLE=ALLIANCE, VORF\u00dcHRUNG LEBENDER PHOTOGRAPHIEN! Kino von Frida und Jeremias (James) Henschel"},"content":{"rendered":"<figure id=\"attachment_3044\" aria-describedby=\"caption-attachment-3044\" style=\"width: 641px\" class=\"wp-caption alignleft\"><a href=\"http:\/\/www.medienberatungev.org\/wp-content\/uploads\/2016\/08\/IMG_5612Bellealliance.jpg\"><img loading=\"lazy\" decoding=\"async\" class=\" wp-image-3044\" src=\"http:\/\/www.medienberatungev.org\/wp-content\/uploads\/2016\/08\/IMG_5612Bellealliance-1024x768.jpg\" alt=\"Alte Postkarte Belle Alliance Vorf\u00fchrung lebender Photographien\" width=\"641\" height=\"481\"><\/a><figcaption id=\"caption-attachment-3044\" class=\"wp-caption-text\">Alte Postkarte: BELLE =ALLIANCE VORF\u00dcHRUNG LEBENDER PHOTOGRAPHIEN!&nbsp; (Das Foto entstand vermutlich <strong>Anfang 1906<\/strong>) PS: Die Vorf\u00fchrung lebender Photographien wurde im<strong> Januar 1906<\/strong> er\u00f6ffnet. Ulrich Mott hat das richtige Er\u00f6ffnungsdatum&nbsp; herausgefunden. Im Staatsarchiv von Hamburg gibt es eine Feuerwehrakte \u00fcber das Belle Alliance Kino. Danach ist der Er\u00f6ffnungstermin, der 28. April 1906 gewesen (Ein Sonnabend). Das macht Sinn. Zwar begann der Mietvertrag am 1. Januar 1906. Aber das Kino&nbsp; mu\u00dfte ja erst eingebaut werden: Projektoren,&nbsp; Bestuhlung, Leinwand. &nbsp;&nbsp;&nbsp;&nbsp;&nbsp;&nbsp;&nbsp;&nbsp;&nbsp;&nbsp;&nbsp;&nbsp;&nbsp;&nbsp;&nbsp;&nbsp;&nbsp;&nbsp;&nbsp;&nbsp;&nbsp;&nbsp;&nbsp;&nbsp;&nbsp;&nbsp;&nbsp;&nbsp;&nbsp;&nbsp;&nbsp;&nbsp;&nbsp;&nbsp;&nbsp;&nbsp;&nbsp;&nbsp;&nbsp;&nbsp;&nbsp;&nbsp;&nbsp;&nbsp;&nbsp;&nbsp;&nbsp;&nbsp;&nbsp;&nbsp;&nbsp;&nbsp;&nbsp;&nbsp;&nbsp;&nbsp;&nbsp;&nbsp;&nbsp;&nbsp;&nbsp;&nbsp;&nbsp;&nbsp;&nbsp;&nbsp;&nbsp;&nbsp;&nbsp;&nbsp;&nbsp;&nbsp;&nbsp;&nbsp;&nbsp;&nbsp;&nbsp;&nbsp;&nbsp;&nbsp;&nbsp;&nbsp;&nbsp;&nbsp;&nbsp;&nbsp;&nbsp;&nbsp;&nbsp;&nbsp;&nbsp;&nbsp;&nbsp;&nbsp;&nbsp;&nbsp;&nbsp;&nbsp;&nbsp;&nbsp;&nbsp;&nbsp;&nbsp;&nbsp;&nbsp;&nbsp;&nbsp;&nbsp;&nbsp;&nbsp;&nbsp;&nbsp;&nbsp;&nbsp;&nbsp;&nbsp;&nbsp;&nbsp;&nbsp;&nbsp;&nbsp;&nbsp;&nbsp;&nbsp;&nbsp;&nbsp;&nbsp;&nbsp;&nbsp;&nbsp;&nbsp;&nbsp;&nbsp;&nbsp;&nbsp;&nbsp;&nbsp;&nbsp;&nbsp;&nbsp;&nbsp;&nbsp;&nbsp;&nbsp;&nbsp;&nbsp;&nbsp;&nbsp;&nbsp;&nbsp;&nbsp;&nbsp;&nbsp;&nbsp;&nbsp;&nbsp;&nbsp;&nbsp;&nbsp;&nbsp;&nbsp;&nbsp;&nbsp;&nbsp;&nbsp;&nbsp;&nbsp;&nbsp;&nbsp;&nbsp;&nbsp;&nbsp;&nbsp;&nbsp;&nbsp;&nbsp;&nbsp;&nbsp;&nbsp;&nbsp;&nbsp;&nbsp;&nbsp;&nbsp;&nbsp;&nbsp;&nbsp;&nbsp;&nbsp;&nbsp;&nbsp;&nbsp;&nbsp;&nbsp;&nbsp;&nbsp;&nbsp;&nbsp;&nbsp;&nbsp;&nbsp;&nbsp;&nbsp;&nbsp;&nbsp;&nbsp;&nbsp;&nbsp;&nbsp;&nbsp;&nbsp;&nbsp;&nbsp;&nbsp;&nbsp;&nbsp;&nbsp;&nbsp;&nbsp;&nbsp;&nbsp;&nbsp;&nbsp;&nbsp;&nbsp;&nbsp;&nbsp;&nbsp;&nbsp;&nbsp;&nbsp;&nbsp;&nbsp;&nbsp;&nbsp;&nbsp;&nbsp;&nbsp;&nbsp;&nbsp;&nbsp;&nbsp;&nbsp;&nbsp;&nbsp;&nbsp;&nbsp;&nbsp;&nbsp;&nbsp;&nbsp;&nbsp;&nbsp;&nbsp;&nbsp;&nbsp;&nbsp;&nbsp;&nbsp;&nbsp;&nbsp;&nbsp;&nbsp;&nbsp;&nbsp;&nbsp;&nbsp;&nbsp;&nbsp;&nbsp;&nbsp;&nbsp;&nbsp;&nbsp;&nbsp;&nbsp;&nbsp;&nbsp;&nbsp;&nbsp;&nbsp;&nbsp;&nbsp;&nbsp;&nbsp;&nbsp;&nbsp;&nbsp;&nbsp;&nbsp;&nbsp;&nbsp;&nbsp;&nbsp;&nbsp;&nbsp;&nbsp;&nbsp;&nbsp;&nbsp;&nbsp;&nbsp;&nbsp;&nbsp;&nbsp;&nbsp;&nbsp;&nbsp;&nbsp;&nbsp;&nbsp;&nbsp;&nbsp;&nbsp;&nbsp;&nbsp;&nbsp;&nbsp;&nbsp;&nbsp;&nbsp;&nbsp;&nbsp;&nbsp;&nbsp;&nbsp;&nbsp;&nbsp;&nbsp;&nbsp;&nbsp;&nbsp;&nbsp;&nbsp;&nbsp;&nbsp;&nbsp;&nbsp;&nbsp;&nbsp;&nbsp;&nbsp;&nbsp;&nbsp;&nbsp;&nbsp;&nbsp;&nbsp;&nbsp;&nbsp;&nbsp;&nbsp;&nbsp;&nbsp;&nbsp;&nbsp;&nbsp;&nbsp;&nbsp;&nbsp;&nbsp;&nbsp;&nbsp;&nbsp;&nbsp;&nbsp;&nbsp;&nbsp;&nbsp;&nbsp;&nbsp;&nbsp;&nbsp;&nbsp;&nbsp;&nbsp;&nbsp;&nbsp;&nbsp; &nbsp; &nbsp; &nbsp; &nbsp; &nbsp; &nbsp; &nbsp; &nbsp; &nbsp; &nbsp; &nbsp;&nbsp; <strong>Das Foto f\u00fcr die Postkarte ist vermutlich Anfang 1906 (Elektrische Stra\u00dfenbahn) entstanden.<\/strong><\/figcaption><\/figure>\n<p><a href=\"http:\/\/www.medienberatungev.org\/wp-content\/uploads\/2018\/04\/P1040448.jpg\"><img loading=\"lazy\" decoding=\"async\" class=\"aligncenter size-large wp-image-6186\" src=\"http:\/\/www.medienberatungev.org\/wp-content\/uploads\/2018\/04\/P1040448-1024x684.jpg\" alt=\"P1040448\" width=\"640\" height=\"427\"><\/a>Foto vom Donnerstag, d. 26. April 2018 (112 Jahre sp\u00e4ter)<a href=\"http:\/\/www.medienberatungev.org\/wp-content\/uploads\/2017\/02\/fridabiancajeremiashenschel1930.jpg\"><img loading=\"lazy\" decoding=\"async\" class=\"wp-image-2207 size-large\" src=\"http:\/\/www.medienberatungev.org\/wp-content\/uploads\/2017\/02\/fridabiancajeremiashenschel1930-1024x668.jpg\" alt=\"Friderike, Jeremias und Bianca Henschel 18. Oktober 1930 Horst Urich Sass (der Enkel)\" width=\"640\" height=\"417\"><\/a><\/p>\n<p>Frederica, Jeremias (James) und Bianca Henschel. (Das Foto entstand am 18. Oktober 1930 vor dem Hotel Europ\u00e4ischer Hof,&nbsp; Baden Baden, Deutschland).<\/p>\n<p><strong>Versuch einer Biografie: <\/strong>Friederica Blumenthal&nbsp; ist am 17. Oktober 1865 als Tochter von Max und Pauline (geb. Ludewig) Blumenthal in L\u00fcbeck geboren. 1883 wohnen sie in der&nbsp; B\u00f6ttcherstrasse 265 in L\u00fcbeck und ziehen 1885 in die B\u00f6ttcherstrasse 17 um. Friederica ist das erste Kind der Blumenthals. Bis 1888 folgen 12 Geschwister. Am 21. April 1887 heiratet Frida Blumenthal in Hamburg den Hamburger Kaufmann Jeremias Henschel, der sich sp\u00e4ter James Henschel nennt.<\/p>\n<p>Jeremias Henschel wird am 5. Februar 1863 als Sohn von Abraham Israel Henschel und&nbsp; seiner Frau Caroline Henschel geb. Joseph in Hamburg geboren. Vater Abraham Israel Henschel handelt mit Stoffen und Herrenkleidung.&nbsp;<\/p>\n<p>Jeremias Henschel kommt als Sch\u00fcler in die Talmud Tora Schule. Dort wird er von seinem Lehrer Daniel Wormser verpr\u00fcgelt und dabei so ungl\u00fccklich gegen einen Schrank gesto\u00dfen, dass sein rechtes Bein sp\u00e4ter amputiert werden muss. Im Kleiderhandel ist Jeremias Henschel nicht besonders erfolgreich. 1891 wird das Konkursverfahren er\u00f6ffnet. Am 6. 12. 1892 wird die Firma gel\u00f6scht.<\/p>\n<p>In der Zeitschrift Liskor &#8211; Erinnern Nr. 14 auf Seite 14 schreibt J\u00fcrgen Sielemann: <span style=\"font-family: Ubuntu;\">[<\/span>&#8222;In den ersten Jahren nach der Jahrhundertwende wandte sich Jeremias Henschel einer ganz neuen Branche zu und hatte damit gro\u00dfen Erfolg. Das Hamburger Adressbuch von 1908 offenbart das N\u00e4here: &#8222;James Henschel, Lebende Photographien, Hammerbrookstr. 76.&#8220; Den Vornamen James hatte er nach dem Konkurs zum Gebrauch im Gesch\u00e4ftsleben als Ersatz f\u00fcr den unmodern klingenden Namen Jeremias angenommen.&#8220; (Seite 14, Liskor-Erinnern).<span style=\"font-family: Ubuntu;\">]&nbsp;<\/span><\/p>\n<p>Ein Interview mit James Henschel \u00fcber seine T\u00e4tigkeit als Kinounternehmer ist in der LBB (LichtBildB\u00fchne) vom <strong>16. August 1930<\/strong> abgedruckt: Dort berichtet James Henschel, das BELLE=ALLIANCE habe nur einen schwarzen Tag erlebt. Das war der Tag, an dem der Michel, die Michaelis Kirche, brannte. <strong>Dienstag, den<\/strong> <strong>3. Juli 1906<\/strong>. Die gesamte Tageskasse<strong> (1.400 Pl\u00e4tze)<\/strong> wies nur<strong> 56,00 Mark<\/strong> auf. Die LBB war eine <strong>Tageszeitung,&nbsp;<\/strong> erschien in Berlin und wurde von dem j\u00fcdischen Verleger <strong>Karl Wolffsohn<\/strong> herausgegeben.<\/p>\n<p>Karl Wolffsohn war ebenfalls Kinobesitzer und betrieb in Berlin und Essen zwei gro\u00dfe Kinos, die den Namen <strong>&#8222;Lichtburg&#8220;<\/strong> hatten.<\/p>\n<p>Die Kinos und der Verlag der LBB (Lichtbildb\u00fchne) wurden ihm geraubt. Im Nazi Sprech hie\u00df das:<em> &#8222;Das Kino wurde arisiert&#8220;<\/em>. Er&nbsp; fl\u00fcchtete aus Deutschland. 1949 kehrte er zur\u00fcck und k\u00e4mpfte vor Gericht um die R\u00fcckgabe seines Eigentums. Das Ende der Prozesse erlebte er nicht mehr. Er starb am <strong>6. Dezember 1957 in Berlin<\/strong>.<\/p>\n<p>Ein so gro\u00dfes Kino,&nbsp; wie das <strong>BELLE=ALLIANCE<\/strong> von<strong> Frida<\/strong> und <strong>James Henschel<\/strong> gibt es in Hamburg nicht mehr. Der gr\u00f6\u00dfte Saal befindet sich im Cinemaxx Kino am Dammtor Bahnhof&nbsp; (2017). Der Saal 1 hat aber nur 1001 Sitzpl\u00e4tze. Der Baubeginn war im Dezember 1995.<a href=\"http:\/\/www.medienberatungev.org\/wp-content\/uploads\/2016\/08\/CinemaxxMai1996.jpg\"><img loading=\"lazy\" decoding=\"async\" class=\"wp-image-3048 alignright\" src=\"http:\/\/www.medienberatungev.org\/wp-content\/uploads\/2016\/08\/CinemaxxMai1996-703x1024.jpg\" alt=\"Baubeginn Dezember 1995 Aufnahme Mai 1996 Foto Jens Meyer Saal 1 soll Tausendundeinen Sitzplatz bekommen\" width=\"302\" height=\"440\"><\/a><\/p>\n<p>Die Aufnahme ist Mai 1996 entstanden. Das Foto zeigt den Bau des Saales Nr. 1.<br \/>Foto Jens Meyer, Saal 1 soll Tausendundeinen Sitzplatz bekommen.<\/p>\n<p><a href=\"http:\/\/www.medienberatungev.org\/wp-content\/uploads\/2016\/08\/By-nc-sa_color.png\"><img loading=\"lazy\" decoding=\"async\" class=\"alignleft wp-image-1755\" src=\"http:\/\/www.medienberatungev.org\/wp-content\/uploads\/2016\/08\/By-nc-sa_color.png\" alt=\"By-nc-sa_color\" width=\"133\" height=\"90\" srcset=\"https:\/\/www.medienberatungev.org\/wp-content\/uploads\/2016\/08\/By-nc-sa_color.png 720w, https:\/\/www.medienberatungev.org\/wp-content\/uploads\/2016\/08\/By-nc-sa_color-300x202.png 300w\" sizes=\"auto, (max-width: 133px) 85vw, 133px\" \/><\/a> Foto Jens Meyer<a href=\"http:\/\/www.medienberatungev.org\/wp-content\/uploads\/2016\/01\/IMG_3013.jpg\"><img loading=\"lazy\" decoding=\"async\" class=\"alignleft wp-image-1170\" src=\"http:\/\/www.medienberatungev.org\/wp-content\/uploads\/2016\/01\/IMG_3013-1024x681.jpg\" alt=\"IMG_3013\" width=\"133\" height=\"88\"><\/a><a href=\"http:\/\/www.medienberatungev.org\/wp-content\/uploads\/2016\/08\/Schulterblatt115vor1894.jpg\"><img loading=\"lazy\" decoding=\"async\" class=\"aligncenter wp-image-6207\" src=\"http:\/\/www.medienberatungev.org\/wp-content\/uploads\/2016\/08\/Schulterblatt115vor1894-1024x736.jpg\" alt=\"Schulterblatt115vor1894\" width=\"718\" height=\"516\"><\/a>BELLE=ALLIANCE. Das Foto ist vor dem 5. M\u00e4rz 1894 entstanden. (Pferde Stra\u00dfembahn). An diesem Tag wurde die Pferdebahn durch eine elektrische Stra\u00dfenbahn ersetzt. Der Umbau vom Ballsaal in das Theater Lebender Photographien ist im Jahr 1905 erfolgt.&nbsp;<\/p>\n<p>Als das Kino er\u00f6ffnet wurde, am 28. April 1906, da fuhr bereits die elektrische Stra\u00dfenbahn an der Altonaer Ringlinie. Standort: Schulterblatt 115, Eimsb\u00fctteler Strasse 2. Betreiber des Kinos war das Ehepaar Henschel. (oben abgebildet). Frida Henschel (geb. Blumenthal) und Jeremias&nbsp; (genannt James) Henschel.<\/p>\n<p>James Henschel war ein j\u00fcdischer Kaufmann, der zusammen mit seiner Gattin seit <strong>Dezember 1905<\/strong> ein Kino in Hamburg Altona &gt;<strong>Helios Theater<\/strong>&lt; mit<strong> 500<\/strong> Sitzpl\u00e4tzen betrieb. Das <strong>BELLE=ALLIANCE<\/strong> hatte <strong>1400<\/strong> Sitzpl\u00e4tze und wurde am 28. April 1906 er\u00f6ffnet. Das Geb\u00e4ude wurde im zweiten Weltkrieg 1943 zerst\u00f6rt. Die Information \u00fcber die Anzahl der Sitzpl\u00e4tze stammt aus einem Interview mit James Henschel, das in der<strong> LBB (LichtBildB\u00fchne)<\/strong> vom 16. August 1930 erschienen ist. Autor des Artikels ist Hermann Lobbes.<\/p>\n<p><a href=\"http:\/\/www.medienberatungev.org\/?attachment_id=4842\" rel=\"attachment wp-att-4842\">lbb_beil2ff<\/a><a href=\"http:\/\/www.medienberatungev.org\/?attachment_id=7994\" rel=\"attachment wp-att-7994\"><img loading=\"lazy\" decoding=\"async\" class=\"wp-image-7994 alignright\" src=\"http:\/\/www.medienberatungev.org\/wp-content\/uploads\/2018\/10\/Tieresehendichan3klein.jpg\" alt=\"\" width=\"113\" height=\"86\"><\/a><a href=\"http:\/\/www.medienberatungev.org\/?attachment_id=8677\" rel=\"attachment wp-att-8677\"><img loading=\"lazy\" decoding=\"async\" class=\" wp-image-8677 alignleft\" src=\"http:\/\/www.medienberatungev.org\/wp-content\/uploads\/2019\/03\/aabe22271fbed594697401ee4edd1d35.jpg\" alt=\"\" width=\"355\" height=\"541\"><\/a> &nbsp;&nbsp;&nbsp;&nbsp;&nbsp;&nbsp;&nbsp;&nbsp;&nbsp;&nbsp;&nbsp;&nbsp;&nbsp;&nbsp;&nbsp;&nbsp;&nbsp;&nbsp;&nbsp; Das Foto von Wilhelm Vogt, der Kassenr\u00e4uber von K\u00f6penick, verhaftet am 26. Oktober 1906, bezieht sich auf die beiliegende PDF der Lichtbildb\u00fchne von 1930. Dort beschreibt James Henschel den Erfolg des zweiten Films in seinem Kino Belle Alliance, als er den Film: &#8222;Der Hauptmann von K\u00f6penick&#8220; (produziert von Buderus aus Hannover) erfolgreich gezeigt hat. Ein Kassenschlager. Das Bild habe ich bei Wikipedia gefunden. Vermutlich ist die Aufnahme von einem Polizisten bei der Verhaftung von Wilhelm Voigt entstanden. Wenn der Mann gewu\u00dft h\u00e4tte, wieviel mit seiner Geschichte verdient werden kann, dann h\u00e4tte er sich vielleicht die Filmrechte gesichert, f\u00e4llt mir dazu 2019 ein.<\/p>\n\n<div class=\"wp-block-image is-resized\">\n<figure class=\"alignleft size-large\"><a href=\"https:\/\/www.medienberatungev.org\/wp-content\/uploads\/2024\/03\/LichtburgEssen-scaled.jpg\"><img loading=\"lazy\" decoding=\"async\" width=\"1024\" height=\"765\" src=\"https:\/\/www.medienberatungev.org\/wp-content\/uploads\/2024\/03\/LichtburgEssen-1024x765.jpg\" alt=\"\" class=\"wp-image-25946\" srcset=\"https:\/\/www.medienberatungev.org\/wp-content\/uploads\/2024\/03\/LichtburgEssen-1024x765.jpg 1024w, https:\/\/www.medienberatungev.org\/wp-content\/uploads\/2024\/03\/LichtburgEssen-300x224.jpg 300w, https:\/\/www.medienberatungev.org\/wp-content\/uploads\/2024\/03\/LichtburgEssen-768x574.jpg 768w, https:\/\/www.medienberatungev.org\/wp-content\/uploads\/2024\/03\/LichtburgEssen-1536x1148.jpg 1536w, https:\/\/www.medienberatungev.org\/wp-content\/uploads\/2024\/03\/LichtburgEssen-2048x1531.jpg 2048w, https:\/\/www.medienberatungev.org\/wp-content\/uploads\/2024\/03\/LichtburgEssen-1200x897.jpg 1200w\" sizes=\"auto, (max-width: 709px) 85vw, (max-width: 909px) 67vw, (max-width: 1362px) 62vw, 840px\" \/><\/a><figcaption class=\"wp-element-caption\">Lichtburg Essen<\/figcaption><\/figure>\n<\/div>\n\n<div class=\"wp-block-image\">\n<figure class=\"alignright size-large is-resized\"><a href=\"https:\/\/www.medienberatungev.org\/wp-content\/uploads\/2024\/03\/LichttburgBerlin.jpg\"><img loading=\"lazy\" decoding=\"async\" width=\"1024\" height=\"770\" src=\"https:\/\/www.medienberatungev.org\/wp-content\/uploads\/2024\/03\/LichttburgBerlin-1024x770.jpg\" alt=\"\" class=\"wp-image-25988\" style=\"width:283px;height:212px\" srcset=\"https:\/\/www.medienberatungev.org\/wp-content\/uploads\/2024\/03\/LichttburgBerlin-1024x770.jpg 1024w, https:\/\/www.medienberatungev.org\/wp-content\/uploads\/2024\/03\/LichttburgBerlin-300x225.jpg 300w, https:\/\/www.medienberatungev.org\/wp-content\/uploads\/2024\/03\/LichttburgBerlin-768x577.jpg 768w, https:\/\/www.medienberatungev.org\/wp-content\/uploads\/2024\/03\/LichttburgBerlin-1536x1154.jpg 1536w, https:\/\/www.medienberatungev.org\/wp-content\/uploads\/2024\/03\/LichttburgBerlin-1200x902.jpg 1200w, https:\/\/www.medienberatungev.org\/wp-content\/uploads\/2024\/03\/LichttburgBerlin.jpg 2020w\" sizes=\"auto, (max-width: 709px) 85vw, (max-width: 909px) 67vw, (max-width: 1362px) 62vw, 840px\" \/><\/a><figcaption class=\"wp-element-caption\">Lichtburg Berlin Gesundbrunnen<\/figcaption><\/figure>\n<\/div>\n\n<div class=\"wp-block-image is-resized\">\n<figure class=\"aligncenter size-large\"><img loading=\"lazy\" decoding=\"async\" width=\"500\" height=\"318\" src=\"https:\/\/www.medienberatungev.org\/wp-content\/uploads\/2020\/04\/AltePostkarteBelleAllianceKInoum1910klein1.png\" alt=\"\" class=\"wp-image-11216\" srcset=\"https:\/\/www.medienberatungev.org\/wp-content\/uploads\/2020\/04\/AltePostkarteBelleAllianceKInoum1910klein1.png 500w, https:\/\/www.medienberatungev.org\/wp-content\/uploads\/2020\/04\/AltePostkarteBelleAllianceKInoum1910klein1-300x191.png 300w\" sizes=\"auto, (max-width: 500px) 85vw, 500px\" \/><figcaption class=\"wp-element-caption\">Alte Postkarte Belle=Alliance Vorf\u00fchrung lebender Photographien <br><\/figcaption><\/figure>\n<\/div>\n\n\n<figure class=\"wp-block-image size-large is-resized\"><img loading=\"lazy\" decoding=\"async\" width=\"434\" height=\"1024\" src=\"https:\/\/www.medienberatungev.org\/wp-content\/uploads\/2016\/08\/KinoanzeigeFremdenblatt1911klein-434x1024.png\" alt=\"Fremdenblatt Anzeige\" class=\"wp-image-11222\" style=\"width:334px;height:789px\" srcset=\"https:\/\/www.medienberatungev.org\/wp-content\/uploads\/2016\/08\/KinoanzeigeFremdenblatt1911klein-434x1024.png 434w, https:\/\/www.medienberatungev.org\/wp-content\/uploads\/2016\/08\/KinoanzeigeFremdenblatt1911klein-127x300.png 127w, https:\/\/www.medienberatungev.org\/wp-content\/uploads\/2016\/08\/KinoanzeigeFremdenblatt1911klein-768x1812.png 768w, https:\/\/www.medienberatungev.org\/wp-content\/uploads\/2016\/08\/KinoanzeigeFremdenblatt1911klein-651x1536.png 651w, https:\/\/www.medienberatungev.org\/wp-content\/uploads\/2016\/08\/KinoanzeigeFremdenblatt1911klein.png 800w\" sizes=\"auto, (max-width: 434px) 85vw, 434px\" \/><\/figure>\n\n\n<div class=\"wp-block-image is-resized\">\n<figure class=\"alignright size-large\"><a href=\"https:\/\/www.medienberatungev.org\/wp-content\/uploads\/2024\/03\/Lichtburg-Berlin-Gesundbrunnen-scaled.jpg\"><img loading=\"lazy\" decoding=\"async\" width=\"829\" height=\"1024\" src=\"https:\/\/www.medienberatungev.org\/wp-content\/uploads\/2024\/03\/Lichtburg-Berlin-Gesundbrunnen-829x1024.jpg\" alt=\"\" class=\"wp-image-25990\" srcset=\"https:\/\/www.medienberatungev.org\/wp-content\/uploads\/2024\/03\/Lichtburg-Berlin-Gesundbrunnen-829x1024.jpg 829w, https:\/\/www.medienberatungev.org\/wp-content\/uploads\/2024\/03\/Lichtburg-Berlin-Gesundbrunnen-243x300.jpg 243w, https:\/\/www.medienberatungev.org\/wp-content\/uploads\/2024\/03\/Lichtburg-Berlin-Gesundbrunnen-768x948.jpg 768w, https:\/\/www.medienberatungev.org\/wp-content\/uploads\/2024\/03\/Lichtburg-Berlin-Gesundbrunnen-1244x1536.jpg 1244w, https:\/\/www.medienberatungev.org\/wp-content\/uploads\/2024\/03\/Lichtburg-Berlin-Gesundbrunnen-1659x2048.jpg 1659w, https:\/\/www.medienberatungev.org\/wp-content\/uploads\/2024\/03\/Lichtburg-Berlin-Gesundbrunnen-1200x1481.jpg 1200w\" sizes=\"auto, (max-width: 709px) 85vw, (max-width: 909px) 67vw, (max-width: 984px) 61vw, (max-width: 1362px) 45vw, 600px\" \/><\/a><figcaption class=\"wp-element-caption\">Lichtburg Berlin Gesundbrunnen<\/figcaption><\/figure>\n<\/div>\n\n\n<figure class=\"wp-block-image size-large\"><a href=\"https:\/\/www.medienberatungev.org\/wp-content\/uploads\/2018\/08\/NilpferdeinAuge2-e1671899264838.jpg\"><img loading=\"lazy\" decoding=\"async\" width=\"1024\" height=\"525\" src=\"https:\/\/www.medienberatungev.org\/wp-content\/uploads\/2018\/08\/NilpferdeinAuge2-1024x525.jpg\" alt=\"\" class=\"wp-image-7686\"\/><\/a><figcaption class=\"wp-element-caption\">Zeichnung Helga Bachmann<\/figcaption><\/figure>\n\n\n\n<p><\/p>\n","protected":false},"excerpt":{"rendered":"<p>Foto vom Donnerstag, d. 26. April 2018 (112 Jahre sp\u00e4ter) Frederica, Jeremias (James) und Bianca Henschel. (Das Foto entstand am 18. Oktober 1930 vor dem Hotel Europ\u00e4ischer Hof,&nbsp; Baden Baden, Deutschland). Versuch einer Biografie: Friederica Blumenthal&nbsp; ist am 17. Oktober 1865 als Tochter von Max und Pauline (geb. Ludewig) Blumenthal in L\u00fcbeck geboren. 1883 wohnen &hellip; <a href=\"https:\/\/www.medienberatungev.org\/?p=1562\" class=\"more-link\"><span class=\"screen-reader-text\">\u201eBELLE=ALLIANCE, VORF\u00dcHRUNG LEBENDER PHOTOGRAPHIEN! Kino von Frida und Jeremias (James) Henschel\u201c<\/span> weiterlesen<\/a><\/p>\n","protected":false},"author":2,"featured_media":0,"comment_status":"open","ping_status":"open","sticky":false,"template":"","format":"standard","meta":{"footnotes":""},"categories":[1245,1618,945,16,1895,6,1049,10,1],"tags":[2433,3785,3878,3850,2429,3618,57,822,120,2430,3549,3599,11,2448,3603,3540,1986,46,3733,3622,1300,1272,2431,3619],"class_list":["post-1562","post","type-post","status-publish","format-standard","hentry","category-fotoarchiv-jens-meyer","category-fotografen","category-fotos","category-hamburg","category-hamburg-dammtor","category-im-kino","category-kinobesitzer","category-kinogeschichte","category-uncategorized","tag-2433","tag-3785","tag-3878","tag-3850","tag-bellealliance","tag-beverly-hills","tag-bianca-henschel","tag-bianca-kahn","tag-cinemaxx","tag-eimsbuetteler-strasse-1","tag-frida-henschel","tag-hamburg-altona","tag-henschel","tag-hermann-lobbes","tag-james-henschel","tag-jeremias-henschel","tag-karl-wolffsohn","tag-kino","tag-lbb","tag-licht-bild-buehne","tag-michaelis-kirche","tag-schulterblatt","tag-tageskasse","tag-usa"],"_links":{"self":[{"href":"https:\/\/www.medienberatungev.org\/index.php?rest_route=\/wp\/v2\/posts\/1562","targetHints":{"allow":["GET"]}}],"collection":[{"href":"https:\/\/www.medienberatungev.org\/index.php?rest_route=\/wp\/v2\/posts"}],"about":[{"href":"https:\/\/www.medienberatungev.org\/index.php?rest_route=\/wp\/v2\/types\/post"}],"author":[{"embeddable":true,"href":"https:\/\/www.medienberatungev.org\/index.php?rest_route=\/wp\/v2\/users\/2"}],"replies":[{"embeddable":true,"href":"https:\/\/www.medienberatungev.org\/index.php?rest_route=%2Fwp%2Fv2%2Fcomments&post=1562"}],"version-history":[{"count":91,"href":"https:\/\/www.medienberatungev.org\/index.php?rest_route=\/wp\/v2\/posts\/1562\/revisions"}],"predecessor-version":[{"id":29027,"href":"https:\/\/www.medienberatungev.org\/index.php?rest_route=\/wp\/v2\/posts\/1562\/revisions\/29027"}],"wp:attachment":[{"href":"https:\/\/www.medienberatungev.org\/index.php?rest_route=%2Fwp%2Fv2%2Fmedia&parent=1562"}],"wp:term":[{"taxonomy":"category","embeddable":true,"href":"https:\/\/www.medienberatungev.org\/index.php?rest_route=%2Fwp%2Fv2%2Fcategories&post=1562"},{"taxonomy":"post_tag","embeddable":true,"href":"https:\/\/www.medienberatungev.org\/index.php?rest_route=%2Fwp%2Fv2%2Ftags&post=1562"}],"curies":[{"name":"wp","href":"https:\/\/api.w.org\/{rel}","templated":true}]}}