{"id":1564,"date":"2016-08-09T23:14:15","date_gmt":"2016-08-09T23:14:15","guid":{"rendered":"http:\/\/www.medienberatungev.org\/?p=1564"},"modified":"2025-05-01T11:22:47","modified_gmt":"2025-05-01T11:22:47","slug":"die-ddr-ein-in-der-welt-geachteter-staat-alte-postkarte","status":"publish","type":"post","link":"https:\/\/www.medienberatungev.org\/?p=1564","title":{"rendered":"Die DDR &#8211; ein in der Welt geachteter Staat. Eine gar nicht so alte  Postkarte"},"content":{"rendered":"<p><a href=\"http:\/\/www.medienberatungev.org\/wp-content\/uploads\/2016\/08\/IMG_0659.jpg\"><img loading=\"lazy\" decoding=\"async\" class=\"alignleft size-full wp-image-1565\" src=\"http:\/\/www.medienberatungev.org\/wp-content\/uploads\/2016\/08\/IMG_0659.jpg\" alt=\"IMG_0659\" width=\"4000\" height=\"3000\"><\/a><\/p>\n\n\n<p>Die Fotografie stammt von Sieghard Liebe aus Leipzig. Die Aufnahme entstand in Sch\u00f6na, (wo immer das ist) im Dezember 1984. Vertrieb (was immer das ist) Bien und Giersch Projektagentur GmbH. (www-panorama-berlin.de)<\/p>\n\n\n\n<p><strong>Es ergab sich ein Briefwechsel zu diesem Schild: <\/strong><\/p>\n\n\n\n<p><strong>Das Schild kenne ich. Jahrelang fuhr ich mit dem Fahrrad daran vorbei. Immer war ich versucht aus dem a ein \u00e4 zu machen. Ich war zu feige. F\u00fcrchtete die Konsequenzen: Arbeitsplatzverlust oder Gerichtsverfahren wegen Verleumdung der DDR.  <\/strong><\/p>\n\n\n\n<p><strong>Noch ein Dialog \u00fcber die Postkarte:<\/strong><\/p>\n\n\n\n<p>Hallo R., ich hab die Postkarte jetzt noch mal auf den Skenner gelegt und mir das Bild genauer angesehen. Da h\u00e4tte man\/frau ja eine Leiter gebraucht, um das Schild an der richtigen Stelle zu versch\u00f6nern und eigentlich entlarvt sich das Ding ja von selbst (das kann doch keiner ernst gemeint haben, das ist ja viel zu komisch)  und jetzt mit Fotoshop ist das ja auch viel einfacher, daf\u00fcr h\u00e4tte sich der Knast sicher nicht gelohnt, sch\u00f6nen Tag noch. J.<\/p>\n\n\n\n<p>Hallo J., ich muss Sie entt\u00e4uschen. Ich musste noch 10 Jahre auf mein Auto warten, damit ich eine Leiter transportieren konnte und hoffte in der Mangelwirtschaft bis dahin eine Leiter und die Farbe zu erstehen. Doch dann kam die Wende und meine Probleme hatten sich gel\u00f6st. Noch viel Spa\u00df und halten sie Abstand.<\/p>\n\n\n<div class=\"wp-block-image\">\n<figure class=\"alignright size-large is-resized\"><a href=\"https:\/\/www.medienberatungev.org\/wp-content\/uploads\/2018\/08\/milpferd_einauge-e1671899244730.jpg\"><img loading=\"lazy\" decoding=\"async\" width=\"1024\" height=\"686\" src=\"https:\/\/www.medienberatungev.org\/wp-content\/uploads\/2018\/08\/milpferd_einauge-1024x686.jpg\" alt=\"\" class=\"wp-image-7687\" style=\"width:152px;height:auto\"\/><\/a><figcaption class=\"wp-element-caption\">Zeichnung Helga Bachmann<\/figcaption><\/figure>\n<\/div>","protected":false},"excerpt":{"rendered":"<p>Die Fotografie stammt von Sieghard Liebe aus Leipzig. Die Aufnahme entstand in Sch\u00f6na, (wo immer das ist) im Dezember 1984. Vertrieb (was immer das ist) Bien und Giersch Projektagentur GmbH. (www-panorama-berlin.de) Es ergab sich ein Briefwechsel zu diesem Schild: Das Schild kenne ich. Jahrelang fuhr ich mit dem Fahrrad daran vorbei. Immer war ich versucht &hellip; <a href=\"https:\/\/www.medienberatungev.org\/?p=1564\" class=\"more-link\"><span class=\"screen-reader-text\">\u201eDie DDR &#8211; ein in der Welt geachteter Staat. Eine gar nicht so alte  Postkarte\u201c<\/span> weiterlesen<\/a><\/p>\n","protected":false},"author":2,"featured_media":0,"comment_status":"open","ping_status":"open","sticky":false,"template":"","format":"standard","meta":{"footnotes":""},"categories":[84,1245,945],"tags":[1383,3560,6640,1384,5801,870,1385,5799,5800,1386],"class_list":["post-1564","post","type-post","status-publish","format-standard","hentry","category-ddr","category-fotoarchiv-jens-meyer","category-fotos","tag-alte-postkarte","tag-ddr","tag-dezember-1984","tag-ein-in-der-welt-geachteter-staat","tag-leibzwick","tag-leipzig","tag-schild","tag-schoena","tag-sieghard-liebe","tag-strasse"],"_links":{"self":[{"href":"https:\/\/www.medienberatungev.org\/index.php?rest_route=\/wp\/v2\/posts\/1564","targetHints":{"allow":["GET"]}}],"collection":[{"href":"https:\/\/www.medienberatungev.org\/index.php?rest_route=\/wp\/v2\/posts"}],"about":[{"href":"https:\/\/www.medienberatungev.org\/index.php?rest_route=\/wp\/v2\/types\/post"}],"author":[{"embeddable":true,"href":"https:\/\/www.medienberatungev.org\/index.php?rest_route=\/wp\/v2\/users\/2"}],"replies":[{"embeddable":true,"href":"https:\/\/www.medienberatungev.org\/index.php?rest_route=%2Fwp%2Fv2%2Fcomments&post=1564"}],"version-history":[{"count":10,"href":"https:\/\/www.medienberatungev.org\/index.php?rest_route=\/wp\/v2\/posts\/1564\/revisions"}],"predecessor-version":[{"id":29022,"href":"https:\/\/www.medienberatungev.org\/index.php?rest_route=\/wp\/v2\/posts\/1564\/revisions\/29022"}],"wp:attachment":[{"href":"https:\/\/www.medienberatungev.org\/index.php?rest_route=%2Fwp%2Fv2%2Fmedia&parent=1564"}],"wp:term":[{"taxonomy":"category","embeddable":true,"href":"https:\/\/www.medienberatungev.org\/index.php?rest_route=%2Fwp%2Fv2%2Fcategories&post=1564"},{"taxonomy":"post_tag","embeddable":true,"href":"https:\/\/www.medienberatungev.org\/index.php?rest_route=%2Fwp%2Fv2%2Ftags&post=1564"}],"curies":[{"name":"wp","href":"https:\/\/api.w.org\/{rel}","templated":true}]}}