{"id":15738,"date":"2021-08-30T08:37:26","date_gmt":"2021-08-30T08:37:26","guid":{"rendered":"https:\/\/www.medienberatungev.org\/?p=15738"},"modified":"2026-04-15T05:46:46","modified_gmt":"2026-04-15T05:46:46","slug":"gunther-schmitz-folgende-akten-sind-sofort-zu-vernichten","status":"publish","type":"post","link":"https:\/\/www.medienberatungev.org\/?p=15738","title":{"rendered":"Briefe an Wiebeke (X-10) Einzelheiten \u00fcber Mord und M\u00f6rder"},"content":{"rendered":"\n<h2 class=\"wp-block-heading\">\u00dcber den Fotograf Joseph Schorer (1894-1946) <\/h2>\n\n\n<div class=\"wp-block-image is-resized\">\n<figure class=\"alignright size-full\"><a href=\"https:\/\/www.medienberatungev.org\/wp-content\/uploads\/2022\/06\/Roemische-Zahlen-am-Heck.jpg\"><img loading=\"lazy\" decoding=\"async\" width=\"220\" height=\"330\" src=\"https:\/\/www.medienberatungev.org\/wp-content\/uploads\/2022\/06\/Roemische-Zahlen-am-Heck.jpg\" alt=\"Romische Zahlen am BUG\" class=\"wp-image-17347\" style=\"width:145px;height:auto\" srcset=\"https:\/\/www.medienberatungev.org\/wp-content\/uploads\/2022\/06\/Roemische-Zahlen-am-Heck.jpg 220w, https:\/\/www.medienberatungev.org\/wp-content\/uploads\/2022\/06\/Roemische-Zahlen-am-Heck-200x300.jpg 200w\" sizes=\"auto, (max-width: 220px) 85vw, 220px\" \/><\/a><figcaption class=\"wp-element-caption\">R\u00f6mische Zahlen <\/figcaption><\/figure>\n<\/div>\n\n<div class=\"wp-block-image\">\n<figure class=\"alignleft size-large is-resized\"><a href=\"https:\/\/www.medienberatungev.org\/wp-content\/uploads\/2021\/08\/Joseph-Schorer-Grindelallee-79klein.jpg\"><img loading=\"lazy\" decoding=\"async\" width=\"775\" height=\"1024\" src=\"https:\/\/www.medienberatungev.org\/wp-content\/uploads\/2021\/08\/Joseph-Schorer-Grindelallee-79klein-775x1024.jpg\" alt=\"\" class=\"wp-image-31387\" style=\"aspect-ratio:0.7568324972696407;width:168px;height:auto\" srcset=\"https:\/\/www.medienberatungev.org\/wp-content\/uploads\/2021\/08\/Joseph-Schorer-Grindelallee-79klein-775x1024.jpg 775w, https:\/\/www.medienberatungev.org\/wp-content\/uploads\/2021\/08\/Joseph-Schorer-Grindelallee-79klein-227x300.jpg 227w, https:\/\/www.medienberatungev.org\/wp-content\/uploads\/2021\/08\/Joseph-Schorer-Grindelallee-79klein-768x1015.jpg 768w, https:\/\/www.medienberatungev.org\/wp-content\/uploads\/2021\/08\/Joseph-Schorer-Grindelallee-79klein.jpg 800w\" sizes=\"auto, (max-width: 709px) 85vw, (max-width: 909px) 67vw, (max-width: 984px) 61vw, (max-width: 1362px) 45vw, 600px\" \/><\/a><figcaption class=\"wp-element-caption\">Foto Joseph Schorer. Hamburg,  Grindelallee 79. 1. April 1933<\/figcaption><\/figure>\n<\/div>\n\n\n<p class=\"has-drop-cap\">Hallo Wiebeke, da muss ich erst mal nachsehen. Ich hatte zwar in den Archiven schon viele Fotos von <strong>Joseph Schorer<\/strong> gesehen, aber sonst mich nicht mit ihm oder seiner Biografie besch\u00e4ftigt. Also auf Deine Frage habe ich folgendes herausgefunden:<\/p>\n\n\n\n<p class=\"has-drop-cap\">Auftr\u00e4ge erhielt er auch von der Industrie und von privater Seite. Weil er sich weigerte, in die NSDAP einzutreten, verlor er im Dritten Reich manchen Auftraggeber, so das &#8222;Hamburger Tageblatt&#8220;. <\/p>\n\n\n<div class=\"wp-block-image\">\n<figure class=\"alignleft size-large is-resized\"><a href=\"https:\/\/www.medienberatungev.org\/wp-content\/uploads\/2021\/08\/1938-Schorer.jpg\"><img loading=\"lazy\" decoding=\"async\" width=\"740\" height=\"1024\" src=\"https:\/\/www.medienberatungev.org\/wp-content\/uploads\/2021\/08\/1938-Schorer-740x1024.jpg\" alt=\"Hindenburg Haus am Holstenplatz (sp\u00e4ter Karl Muck Platz, sp\u00e4ter Johannes Brahms Platz)\" class=\"wp-image-31431\" style=\"aspect-ratio:0.7226566301424223;width:171px;height:auto\" srcset=\"https:\/\/www.medienberatungev.org\/wp-content\/uploads\/2021\/08\/1938-Schorer-740x1024.jpg 740w, https:\/\/www.medienberatungev.org\/wp-content\/uploads\/2021\/08\/1938-Schorer-217x300.jpg 217w, https:\/\/www.medienberatungev.org\/wp-content\/uploads\/2021\/08\/1938-Schorer-768x1063.jpg 768w, https:\/\/www.medienberatungev.org\/wp-content\/uploads\/2021\/08\/1938-Schorer.jpg 867w\" sizes=\"auto, (max-width: 709px) 85vw, (max-width: 909px) 67vw, (max-width: 984px) 61vw, (max-width: 1362px) 45vw, 600px\" \/><\/a><figcaption class=\"wp-element-caption\">Foto Joseph Schorer. April 1938. Hindenburghaus des D. H. V. (Hochhaus von 1931) am Holstenplatz, (sp\u00e4ter Karl Muck Platz, sp\u00e4ter Johannes Brahms Platz)<\/figcaption><\/figure>\n<\/div>\n\n\n<p class=\"has-drop-cap\">Nach dem Zweiten Weltkrieg er\u00f6ffnete er ein Fotogesch\u00e4ft in Hamburg. Wegen angeblichen Handels mit Kameras der Wehrmacht wurde er denunziert, von einem englischen Milit\u00e4rgericht f\u00fcr schuldig befunden, inhaftiert und im Gef\u00e4ngnis misshandelt. Kurz darauf wieder entlassen, starb er 1946, wohl an den Folgen der Haft. <\/p>\n\n\n\n<p class=\"has-drop-cap\">Joseph Schorer wurde 1894 in Mindelheim bei Augsburg geboren. Von 1907 bis 1910 besuchte er die Gewerbliche Fortbildungsschule Mindelheim und parallel dazu ging er von 1908 bis 1911 in seiner Heimatstadt bei dem Fotografen Anton Krumm in die Lehre. Anschlie\u00dfend arbeitete er in Berlin und ab 1913 in Hamburg. Nach dem Ersten Weltkrieg, in dem er an der franz\u00f6sischen Front eingesetzt war, lebte er zun\u00e4chst in Mindelheim, zog aber 1922 erneut nach Hamburg. Als freischaffender Fotograf belieferte er die verschiedensten Zeitungen in Hamburg (&#8222;Hamburger Tageblatt&#8220;, &#8222;Hamburger Anzeiger&#8220;, &#8222;Fremdenblatt&#8220;) und Zeitungen in Berlin und London. <\/p>\n\n\n<div class=\"wp-block-image\">\n<figure class=\"alignright size-full is-resized\"><a href=\"https:\/\/www.medienberatungev.org\/wp-content\/uploads\/2026\/03\/IMG_1223klein.jpg\"><img loading=\"lazy\" decoding=\"async\" width=\"500\" height=\"500\" src=\"https:\/\/www.medienberatungev.org\/wp-content\/uploads\/2026\/03\/IMG_1223klein.jpg\" alt=\"\" class=\"wp-image-31532\" style=\"width:127px;height:auto\" srcset=\"https:\/\/www.medienberatungev.org\/wp-content\/uploads\/2026\/03\/IMG_1223klein.jpg 500w, https:\/\/www.medienberatungev.org\/wp-content\/uploads\/2026\/03\/IMG_1223klein-300x300.jpg 300w, https:\/\/www.medienberatungev.org\/wp-content\/uploads\/2026\/03\/IMG_1223klein-150x150.jpg 150w\" sizes=\"auto, (max-width: 500px) 85vw, 500px\" \/><\/a><figcaption class=\"wp-element-caption\">9 x 12 Glasplattenkamera Foto Jens Meyer<\/figcaption><\/figure>\n<\/div>\n\n\n<p class=\"has-drop-cap\">Als Pressefotograf nahm Joseph Schorer vor allem das Zeitgeschehen im Hamburg der 20er bis 40er Jahre mit den Schwerpunkten Drittes Reich, Krieg und Zerst\u00f6rung ins Visier. Daneben finden sich aber auch kulturelle und Sport-Ereignisse (Olympische Sommerspiele 1936 in Berlin und andere) sowie historische Pers\u00f6nlichkeiten. Den Text habe ich nat\u00fcrlich abgeschrieben. Obwohl Du mit Deinem Einwand nat\u00fcrlich Recht hast. Abschreiben war gestern. Heute heisst es \u00fcbersetzt: <strong>Markieren und Einf\u00fcgen<\/strong>. (Ist auch weniger Arbeit, man kann aber (wegen der Suchmaschinen) auch leichter dabei erwischt werden. Also gefunden habe ich den Text hier: <strong>(Text aus: Bildarchiv Deutsches Historisches Museum DHM, Berlin, Am Zeughausmarkt 1-2, 10117 Berlin)<\/strong>.<\/p>\n\n\n\n<p class=\"has-drop-cap\">Aus dem Namensverzeichnis des Hamburger Adressbuches von 1940: <strong>Joseph Schorer, Presse, Bildbericht. Colonnaden 46 (II. Stock)<\/strong>. In verschiedenen Archiven gibt es viele Aufnahmen von Joseph Schorer.<\/p>\n\n\n\n<figure class=\"wp-block-image size-large is-resized\"><img decoding=\"async\" src=\"https:\/\/www.medienberatungev.org\/wp-content\/uploads\/2021\/08\/SondergerichtAltona-1024x600.jpg\" alt=\"Verhandlungssaal des Altonaer Sondergerichts (um den 8. Mai 1933)\" class=\"wp-image-15740\"\/><figcaption class=\"wp-element-caption\"><strong>Bildunterschrift:<\/strong>  &#8222;Verhandlungssaal des Altonaer Sondergerichtes, um den 8. Mai 1933. Im Proze\u00df wegen des Altonaer Blutsonntags wurden gegen August L\u00fctgens, Bruno Tesch, Walter M\u00f6ller und Karl Wolff die ersten politischen Todesurteile des NS-Regimes gef\u00e4llt.&#8220; Foto von Joseph Schorer. Aus dem Buch: Arbeiterbewegung in Hamburg, Seite 279. Fotoarchiv V\u00f6lkerhof Radbruch. VSA Verlag 1988<\/figcaption><\/figure>\n\n\n<div class=\"wp-block-image is-resized\">\n<figure class=\"aligncenter size-large\"><img loading=\"lazy\" decoding=\"async\" width=\"900\" height=\"900\" src=\"https:\/\/www.medienberatungev.org\/wp-content\/uploads\/2021\/08\/IMG_8525Kontrastklein.jpg\" alt=\"\" class=\"wp-image-15805\"\/><\/figure>\n<\/div>\n\n\n<p class=\"has-drop-cap\">Bei Betrachtung des Stadtplanes von 1932 und des Fotos vom Montag, d. 18. Juli 1932 (?) gerate ich ins Gr\u00fcbeln. Ist das Foto wirklich an der Ecke <strong>Gro\u00dfe Marienstra\u00dfe \u2013 Gro\u00dfe Johannisstra\u00dfe <\/strong>entstanden? Die Stra\u00dfenecke sieht auf dem Foto fast rechtwinklig (90 Grad) aus. Auf dem Stadtplan von 1932 gibt es an dieser Ecke keinen rechten Winkel. Fotoshop gab es damals noch nicht. Der Winkel hat keine 90 Grad, das sind h\u00f6chstens 70 Grad, wenn die Zeichnung im Stadtplan stimmt. Von welcher Ecke aus wurde dieses Foto gemacht? Und in welche Richtung ist das Polizeifahrzeug gefahren? Es scheint so, als fahre das Polizeifahrzeug (wie haben die das fr\u00fcher genannt?) bergab. Die Fotografin k\u00f6nnte auch an der Ecke Gro\u00dfe Marienstra\u00dfe, Kleine Marienstra\u00dfe gestanden haben. Dann w\u00e4re das Polizeifahrzeug in Richtung der Stra\u00dfe Kleine Freiheit gefahren. Die Unzerstra\u00dfe gibt es noch. Und den j\u00fcdischen Friedhof auch. Die Unzerstra\u00dfe scheint ihre Lage nicht ver\u00e4ndert zu haben. Sie f\u00fchrt im Rechten Winkel auf die Gro\u00dfe Bergstra\u00dfe, die an dieser Stelle nach dem Krieg in Louise Schr\u00f6derstra\u00dfe umbenannt wurde.<\/p>\n\n\n\n<p class=\"has-drop-cap\">Hallo Wiebeke, vielleicht hast Du ja Recht und Louise Schr\u00f6der hat diese Stra\u00dfen-Umbenennung auch wirklich verdient, weil sie bei der Erfindung des Grundgesetzes (der BRD) als einzige Frau darauf bestanden hatte, das dort steht, das die Frauen gleichberechtigt sind. Na, denn. <\/p>\n\n\n\n<p class=\"has-drop-cap\">Bleibt die Vermutung, der Fotograf oder die Fotografin, deren Namen wir nicht kennen, stand in der Kleinen Johannisstra\u00dfe (die es ebenfalls nicht mehr gibt) und hat das Polizeifahrzeug von dort aus fotografiert. Auch die beiden Radfahrer, die auf dem Foto zu sehen sind, fahren bergab. Vielleicht ist das Foto an einer anderen Ecke entstanden? In Frage k\u00e4me die heutige Paul Roosenstra\u00dfe, die damals (1932) Gro\u00dfe Roosenstra\u00dfe hie\u00df. Vielleicht ist es die Ecke Paul Roosenstra\u00dfe \/ Bernstorffstra\u00dfe (vorher: Adolphstra\u00dfe) entstanden? Aber nicht der. Sieht man doch. Dieser Adolph wurde mit ph geschrieben.<\/p>\n\n\n<div class=\"wp-block-image is-resized\">\n<figure class=\"aligncenter size-large\"><img loading=\"lazy\" decoding=\"async\" width=\"900\" height=\"675\" src=\"https:\/\/www.medienberatungev.org\/wp-content\/uploads\/2021\/08\/P1120066KleinKontrast.jpg\" alt=\"\" class=\"wp-image-15834\" srcset=\"https:\/\/www.medienberatungev.org\/wp-content\/uploads\/2021\/08\/P1120066KleinKontrast.jpg 900w, https:\/\/www.medienberatungev.org\/wp-content\/uploads\/2021\/08\/P1120066KleinKontrast-300x225.jpg 300w, https:\/\/www.medienberatungev.org\/wp-content\/uploads\/2021\/08\/P1120066KleinKontrast-768x576.jpg 768w\" sizes=\"auto, (max-width: 709px) 85vw, (max-width: 909px) 67vw, (max-width: 1362px) 62vw, 840px\" \/><\/figure>\n<\/div>\n\n<div class=\"wp-block-image is-resized\">\n<figure class=\"aligncenter size-large\"><img loading=\"lazy\" decoding=\"async\" width=\"1024\" height=\"820\" src=\"https:\/\/www.medienberatungev.org\/wp-content\/uploads\/2021\/08\/RichterReisef\u00fchrer1912-1024x820.jpg\" alt=\"\" class=\"wp-image-15840\" srcset=\"https:\/\/www.medienberatungev.org\/wp-content\/uploads\/2021\/08\/RichterReisef\u00fchrer1912-1024x820.jpg 1024w, https:\/\/www.medienberatungev.org\/wp-content\/uploads\/2021\/08\/RichterReisef\u00fchrer1912-300x240.jpg 300w, https:\/\/www.medienberatungev.org\/wp-content\/uploads\/2021\/08\/RichterReisef\u00fchrer1912-768x615.jpg 768w, https:\/\/www.medienberatungev.org\/wp-content\/uploads\/2021\/08\/RichterReisef\u00fchrer1912-1536x1229.jpg 1536w, https:\/\/www.medienberatungev.org\/wp-content\/uploads\/2021\/08\/RichterReisef\u00fchrer1912-2048x1639.jpg 2048w\" sizes=\"auto, (max-width: 709px) 85vw, (max-width: 909px) 67vw, (max-width: 1362px) 62vw, 840px\" \/><\/figure>\n<\/div>\n\n\n<p class=\"has-drop-cap\"> Ja sicher, manche R\u00e4tsel lassen sich mit Hilfe des Agora Adressbuches der Uni Hamburg l\u00f6sen. Das Polizeifahrzeug f\u00e4hrt durch die Marienstrasse (Gro\u00dfe). Heute w\u00fcrde man schreiben: Gro\u00dfe Marienstr. Das war offensichtlich 1932 noch nicht Mode. Der Kaffee Tee Kolonialwarenh\u00e4ndler, dessen Laden man auf der rechten Stra\u00dfenseite sieht, geh\u00f6rt Alwin Raupert, der sich als Kolonialwarenh\u00e4ndler in das Adressbuch eintragen lie\u00df. Das Gesch\u00e4ft in der Gro\u00dfen Marienstra\u00dfe Nr. 31 (abgek\u00fcrzt auf dem Stra\u00dfenschild Gr. Marienstr.) ist die Filiale eines gr\u00f6\u00dferen Gesch\u00e4ftes, das Alwin Raupert in der Johannisstra\u00dfe (Gro\u00dfe) Nr. 42 betreibt. Dort geh\u00f6rt ihm auch das Haus. Seine Wohnung ist in der Christianstra\u00dfe 22. Damit w\u00e4ren alle Unklarheiten beseitigt. Die Eintragungen betreffen die Jahre 1930, 1931 und 1932. Ob dieser Mensch etwas gesehen hat, ist nicht \u00fcberliefert. Aber wenigstens wissen wir, wo das Foto aufgenommen wurde und durch welche Stra\u00dfe das Polizeifahrzeug f\u00e4hrt. Das Polizeifahrzeug f\u00e4hrt durch die Gro\u00dfe Marienstra\u00dfe in Richtung Kleine Freiheit, wo die Gro\u00dfe Marienstra\u00dfe endet. <\/p>\n\n\n<div class=\"wp-block-image\">\n<figure class=\"aligncenter size-full is-resized\"><a href=\"https:\/\/www.medienberatungev.org\/wp-content\/uploads\/2021\/08\/ba161663.jpg\"><img loading=\"lazy\" decoding=\"async\" width=\"1327\" height=\"950\" src=\"https:\/\/www.medienberatungev.org\/wp-content\/uploads\/2021\/08\/ba161663.jpg\" alt=\"Mannschaftswagen der Polizei. Fotografiert am 18. Juli 1932\" class=\"wp-image-15828\" style=\"aspect-ratio:1.3968301663160512;width:512px;height:auto\"\/><\/a><figcaption class=\"wp-element-caption\">Gro\u00dfe Marienstra\u00dfe. Altona. Fotografiert am 18. Juli 1932. Fotografin unbekannt..<\/figcaption><\/figure>\n<\/div>\n\n\n<p class=\"has-drop-cap\">Wann das Foto nun wirklich gemacht ist, dar\u00fcber kann man sich weiter den Kopf zerbrechen. An einem Sonntag jedenfalls nicht. Das erkennt man schon an dem offenen Laden von Alwin Raupert. (Ladenschlu\u00dfgesetz). Nur f\u00fcr Nachfragen: Die Uni Hamburg hat die Adressb\u00fccher von Hamburg (heutiges Gebiet) ins Netz gestellt. Das sind nat\u00fcrlich die Adressb\u00fccher von damals. Vor der Vereinigung mit Altona, Wandsbek und so weiter.<\/p>\n\n\n<div class=\"wp-block-image\">\n<figure class=\"alignleft size-full is-resized\"><a href=\"https:\/\/www.medienberatungev.org\/wp-content\/uploads\/2021\/08\/Bueschstrasse-4-A.-Schorer-Hamburger-Adressbuch.png\"><img loading=\"lazy\" decoding=\"async\" width=\"280\" height=\"463\" src=\"https:\/\/www.medienberatungev.org\/wp-content\/uploads\/2021\/08\/Bueschstrasse-4-A.-Schorer-Hamburger-Adressbuch.png\" alt=\"\" class=\"wp-image-31491\" style=\"width:148px;height:auto\" srcset=\"https:\/\/www.medienberatungev.org\/wp-content\/uploads\/2021\/08\/Bueschstrasse-4-A.-Schorer-Hamburger-Adressbuch.png 280w, https:\/\/www.medienberatungev.org\/wp-content\/uploads\/2021\/08\/Bueschstrasse-4-A.-Schorer-Hamburger-Adressbuch-181x300.png 181w\" sizes=\"auto, (max-width: 280px) 85vw, 280px\" \/><\/a><figcaption class=\"wp-element-caption\">Aus dem Adressbuch Stra\u00dfenverzeichnis 1950 B\u00fcschstra\u00dfe 4<\/figcaption><\/figure>\n<\/div>\n\n<div class=\"wp-block-image\">\n<figure class=\"alignright size-full is-resized\"><a href=\"https:\/\/www.medienberatungev.org\/wp-content\/uploads\/2021\/08\/Telefonbuch-Alma-Schorer-Amtliches-Fernsprechbuch-fuer-den-Bezirk-der-Oberpostdirektion-Hamburg.png\"><img loading=\"lazy\" decoding=\"async\" width=\"298\" height=\"409\" src=\"https:\/\/www.medienberatungev.org\/wp-content\/uploads\/2021\/08\/Telefonbuch-Alma-Schorer-Amtliches-Fernsprechbuch-fuer-den-Bezirk-der-Oberpostdirektion-Hamburg.png\" alt=\"\" class=\"wp-image-31494\" style=\"aspect-ratio:0.7286103082678311;width:196px;height:auto\" srcset=\"https:\/\/www.medienberatungev.org\/wp-content\/uploads\/2021\/08\/Telefonbuch-Alma-Schorer-Amtliches-Fernsprechbuch-fuer-den-Bezirk-der-Oberpostdirektion-Hamburg.png 298w, https:\/\/www.medienberatungev.org\/wp-content\/uploads\/2021\/08\/Telefonbuch-Alma-Schorer-Amtliches-Fernsprechbuch-fuer-den-Bezirk-der-Oberpostdirektion-Hamburg-219x300.png 219w\" sizes=\"auto, (max-width: 298px) 85vw, 298px\" \/><\/a><figcaption class=\"wp-element-caption\">Aus dem Fernsprechverzeichnis Hamburg 1952<\/figcaption><\/figure>\n<\/div>\n\n\n<p class=\"has-drop-cap\"><em><strong>Nachtrag 6. M\u00e4rz 2026:<\/strong> <\/em>Im Fernsprechbuch von 1950 ist auf Seite 351 eine <strong>Alma Schorer<\/strong> mit einem Photogesch. Hmb 36, in der B\u00fcschstra\u00dfe 4 eingetragen. Nat\u00fcrlich auch die Nummer ihres Fernsprechers: 34 30 97. Den Eintrag im Fernsprechverzeichnis gibt es bis 1952. Danach hat sie ihren Laden an eine &#8222;Nohl, Frl. G., Fachfotograf&#8220; an gleicher Anschrift (B\u00fcschstra\u00dfe 4, Hmb. 36) abgegeben.<\/p>\n\n\n\n<p class=\"has-drop-cap\">Im Fernsprechverzeichnis von 1953 gibt es an gleicher Anschrift keinen Fachfotografen mehr. WiWe hatte berichtet, dass Joseph Schorer bis 1986 eine Tochter gehabt haette, die Sybille Hetet hie\u00df. So komme ich zu der Vermutung, das <strong>Alma Schorer<\/strong>, geb. Bassel die Ehefrau von Joseph Schorer gewesen ist. <strong>Nachtrag:<\/strong> Ja &#8211; auch Historiker &#8222;verlesen&#8220; sich manchmal. Sybille Hetet ist die Frau, die die Fotos von Joseph Schorer wiedergefunden hat. Die Tochter von Alma und Joseph Schorer hie\u00df <strong>Eva-Maria N\u00f6lter<\/strong>. Ihren &#8222;M\u00e4dchennamen&#8220; kennen wir noch nicht. <strong>Doch,<\/strong> kennen wir jetzt: Sie hie\u00df vor ihrer Heirat            <strong>Eva-Maria Schorer<\/strong>. <\/p>\n\n\n\n<p class=\"has-drop-cap\">Leider gibt es in den Adressbuechern und den Telefonb\u00fcchern immer nur die Vornamen der Ehepartner. Und auch das stimmt in ihrem Falle nicht, wie sich gestern herausgestellt hat. Im Strassenverzeichnis des Adressbuches von Hamburg von 1963 ist unter Wettloop 12 (bisher Bierweg) die Eigent\u00fcmerin des Hauses so eingetragen: Frau N\u00f6lter, E. M. und ihr Gatte ist als Mieter N\u00f6lter, Rolf, Mal. eingetragen. Im Internet Telefonbuch habe ich dann eine Telefonnummer gefunden und nat\u00fcrlich sofort angerufen. Der Anschlu\u00df war noch vorhanden, aber es ist keiner rangegangen. Darauf habe ich einen Brief geschickt und siehe da, zwei Tage sp\u00e4ter hat mich der Sohn Thomas N\u00f6lter angerufen. Er ist 72 Jahre alt und sein Vater ist vor einigen Jahren gestorben. Seine Oma Eva-Maria N\u00f6lter, geb. Schorer hat er noch kennengelernt. Und es gibt auch noch Fotos von seinem Opa. Ihm wurde berichtet, da\u00df sein Opa im Gef\u00e4ngnis mi\u00dfhandelt wurde. Die Nahrung bestand aus Steckr\u00fcben (da sind sie wieder) und die waren schon vergammelt. Er wurde aus dem Gef\u00e4ngnis entlassen und ist am Tag darauf gestorben. Na das ist ja eine Geschichte. Dann ist mir noch aufgefallen, da\u00df in den Brosch\u00fcren der Landeszentrale viele Fotos von Joseph Schorer ver\u00f6ffentlicht wurden, aber der Fotograf wird nicht genannt. Und das entspricht ja nicht den cc Bedingungen. Und nun kommst wieder Du. J.<\/p>\n\n\n\n<p><\/p>\n\n\n\n<p class=\"has-drop-cap\">Hallo Wiebeke, <\/p>\n\n\n\n<p class=\"has-drop-cap\">Alma Schorer hatte eine Schwester mit Namen Bertha, die im Alter von 59 Jahren in Weserm\u00fcnde gestorben ist, wie ich einer Todesanzeige im Hamburger Fremdenblatt vom  Dienstag, d. 27. Juni 1944 entnommen habe. Den Fotoladen hatte Alma Schorer 1952 an ihre Nachfolgerin, Frl. Nohl, G. weiter gegeben. <\/p>\n\n\n\n<p class=\"has-drop-cap\">F\u00fcr Frl. G. Nohl,<\/p>\n\n\n\n<p class=\"has-drop-cap\">wie sie im Strassenverzeichnis des Adressbuches auftaucht ist als Berufsbezeichnung &#8222;Fachfotograf&#8220; angegeben.. Ihre Nachfolgerin hatte den Laden in der B\u00fcschstra\u00dfe 4 bis 1952 gef\u00fchrt. Nach 1952 gibt es in der B\u00fcschstra\u00dfe 4 keinen Eintrag eines Fotoladens. Und noch eine Information habe ich in dem Stra\u00dfenverzeichnis in der B\u00fcschstra\u00dfe entnommen: Obwohl die UFA von der Milit\u00e4rregierung nach 1945 &#8222;zerschlagen&#8220; wurde, ist sie weiterhin mit einem kursiven <em>&#8222;E&#8220;<\/em> als Grundst\u00fcckseigent\u00fcmerin in der B\u00fcschstra\u00dfe 1-6 im Grundbuch eingetragen. Und nun kommst wieder Du, J.<\/p>\n\n\n<div class=\"wp-block-image\">\n<figure class=\"alignleft size-full is-resized\"><a href=\"https:\/\/www.medienberatungev.org\/wp-content\/uploads\/2026\/03\/Grindelallee-79_at-13-28-07-Hamburger-Adressbuch.png\"><img loading=\"lazy\" decoding=\"async\" width=\"330\" height=\"588\" src=\"https:\/\/www.medienberatungev.org\/wp-content\/uploads\/2026\/03\/Grindelallee-79_at-13-28-07-Hamburger-Adressbuch.png\" alt=\"Grindelallee 79 Strassenverzeichnis Adressbuch 1933 (Redaktionsschlu\u00df 13. 09. 1932)\" class=\"wp-image-31498\" style=\"aspect-ratio:0.5612307481508884;width:108px;height:auto\" srcset=\"https:\/\/www.medienberatungev.org\/wp-content\/uploads\/2026\/03\/Grindelallee-79_at-13-28-07-Hamburger-Adressbuch.png 330w, https:\/\/www.medienberatungev.org\/wp-content\/uploads\/2026\/03\/Grindelallee-79_at-13-28-07-Hamburger-Adressbuch-168x300.png 168w\" sizes=\"auto, (max-width: 330px) 85vw, 330px\" \/><\/a><figcaption class=\"wp-element-caption\">Aus dem Adressbuch Stra\u00dfenverzeichnis Hamburg 1933 Grindelallee 79<\/figcaption><\/figure>\n<\/div>\n\n\n<div class=\"wp-block-file\"><a id=\"wp-block-file--media-3f025e71-bcee-4f9b-97e7-a95cc837731d\" href=\"https:\/\/www.medienberatungev.org\/wp-content\/uploads\/2021\/08\/FolgendeAktensichsofortzuvernichtenGunther-Schmitz.pdf\">PDF FolgendeAktensichsofortzuvernichtenGunther-Schmitz<\/a><a href=\"https:\/\/www.medienberatungev.org\/wp-content\/uploads\/2021\/08\/FolgendeAktensichsofortzuvernichtenGunther-Schmitz.pdf\" class=\"wp-block-file__button wp-element-button\" download aria-describedby=\"wp-block-file--media-3f025e71-bcee-4f9b-97e7-a95cc837731d\">Herunterladen<\/a><\/div>\n\n\n\n<div class=\"wp-block-file\"><a id=\"wp-block-file--media-cf868d8f-1cc2-4859-91f1-5b486c491bbe\" href=\"https:\/\/www.medienberatungev.org\/wp-content\/uploads\/2021\/08\/SondergerichtAltona.jpg\">JPG SondergerichtAltona<\/a><a href=\"https:\/\/www.medienberatungev.org\/wp-content\/uploads\/2021\/08\/SondergerichtAltona.jpg\" class=\"wp-block-file__button wp-element-button\" download aria-describedby=\"wp-block-file--media-cf868d8f-1cc2-4859-91f1-5b486c491bbe\">Herunterladen<\/a><\/div>\n\n\n\n<div class=\"wp-block-file\"><a id=\"wp-block-file--media-e29a82ab-aec5-4525-9d66-772a93f6bb9e\" href=\"https:\/\/www.medienberatungev.org\/wp-content\/uploads\/2021\/09\/PDF-R\u00e4tsel-gel\u00f6st-Alwin-RaupertKolonialwaren.pdf\">PDF-R\u00e4tsel-gel\u00f6st-Alwin-RaupertKolonialwaren<\/a><a href=\"https:\/\/www.medienberatungev.org\/wp-content\/uploads\/2021\/09\/PDF-R\u00e4tsel-gel\u00f6st-Alwin-RaupertKolonialwaren.pdf\" class=\"wp-block-file__button wp-element-button\" download aria-describedby=\"wp-block-file--media-e29a82ab-aec5-4525-9d66-772a93f6bb9e\">Herunterladen<\/a><\/div>\n\n\n<div class=\"wp-block-image is-resized\">\n<figure class=\"alignright size-large\"><img decoding=\"async\" src=\"https:\/\/www.medienberatungev.org\/wp-content\/uploads\/2021\/08\/By-nc-sa_color-e1630525890316.png\" alt=\"\" class=\"wp-image-15670\" style=\"width:188px;height:auto\"\/><\/figure>\n<\/div>\n\n<div class=\"wp-block-image\">\n<figure class=\"alignleft size-full is-resized\"><a href=\"https:\/\/www.medienberatungev.org\/wp-content\/uploads\/2026\/03\/IMG_0889klein.jpg\"><img loading=\"lazy\" decoding=\"async\" width=\"800\" height=\"800\" src=\"https:\/\/www.medienberatungev.org\/wp-content\/uploads\/2026\/03\/IMG_0889klein.jpg\" alt=\"\" class=\"wp-image-31437\" style=\"width:216px;height:auto\" srcset=\"https:\/\/www.medienberatungev.org\/wp-content\/uploads\/2026\/03\/IMG_0889klein.jpg 800w, https:\/\/www.medienberatungev.org\/wp-content\/uploads\/2026\/03\/IMG_0889klein-300x300.jpg 300w, https:\/\/www.medienberatungev.org\/wp-content\/uploads\/2026\/03\/IMG_0889klein-150x150.jpg 150w, https:\/\/www.medienberatungev.org\/wp-content\/uploads\/2026\/03\/IMG_0889klein-768x768.jpg 768w\" sizes=\"auto, (max-width: 709px) 85vw, (max-width: 909px) 67vw, (max-width: 984px) 61vw, (max-width: 1362px) 45vw, 600px\" \/><\/a><figcaption class=\"wp-element-caption\">Grindelallee im Februar 2026 Foto Jens Meyer <\/figcaption><\/figure>\n<\/div>\n\n<div class=\"wp-block-image\">\n<figure class=\"alignleft size-full is-resized\"><a href=\"https:\/\/www.medienberatungev.org\/wp-content\/uploads\/2026\/03\/IMG_2357kleinDer-Reisende.jpg\"><img loading=\"lazy\" decoding=\"async\" width=\"800\" height=\"800\" src=\"https:\/\/www.medienberatungev.org\/wp-content\/uploads\/2026\/03\/IMG_2357kleinDer-Reisende.jpg\" alt=\"\" class=\"wp-image-31448\" style=\"width:148px;height:auto\" srcset=\"https:\/\/www.medienberatungev.org\/wp-content\/uploads\/2026\/03\/IMG_2357kleinDer-Reisende.jpg 800w, https:\/\/www.medienberatungev.org\/wp-content\/uploads\/2026\/03\/IMG_2357kleinDer-Reisende-300x300.jpg 300w, https:\/\/www.medienberatungev.org\/wp-content\/uploads\/2026\/03\/IMG_2357kleinDer-Reisende-150x150.jpg 150w, https:\/\/www.medienberatungev.org\/wp-content\/uploads\/2026\/03\/IMG_2357kleinDer-Reisende-768x768.jpg 768w\" sizes=\"auto, (max-width: 709px) 85vw, (max-width: 909px) 67vw, (max-width: 984px) 61vw, (max-width: 1362px) 45vw, 600px\" \/><\/a><figcaption class=\"wp-element-caption\">Foto Jens Meyer  <\/figcaption><\/figure>\n<\/div>\n\n<div class=\"wp-block-image is-resized\">\n<figure class=\"alignright size-large\"><img loading=\"lazy\" decoding=\"async\" width=\"500\" height=\"354\" src=\"https:\/\/www.medienberatungev.org\/wp-content\/uploads\/2016\/06\/Tieresehendichan1klein.jpg\" alt=\"\" class=\"wp-image-14959\" style=\"aspect-ratio:1.4123736326327605;width:161px;height:auto\" srcset=\"https:\/\/www.medienberatungev.org\/wp-content\/uploads\/2016\/06\/Tieresehendichan1klein.jpg 500w, https:\/\/www.medienberatungev.org\/wp-content\/uploads\/2016\/06\/Tieresehendichan1klein-300x212.jpg 300w\" sizes=\"auto, (max-width: 500px) 85vw, 500px\" \/><\/figure>\n<\/div>\n\n\n<figure class=\"wp-block-image size-full is-resized is-style-default\"><a href=\"https:\/\/www.medienberatungev.org\/wp-content\/uploads\/2021\/08\/Screenshot-2026-03-25-at-15-10-55-Hamburger-Adressbuch.png\"><img loading=\"lazy\" decoding=\"async\" width=\"286\" height=\"289\" src=\"https:\/\/www.medienberatungev.org\/wp-content\/uploads\/2021\/08\/Screenshot-2026-03-25-at-15-10-55-Hamburger-Adressbuch.png\" alt=\"\" class=\"wp-image-31618\" style=\"width:286px;height:auto\"\/><\/a><figcaption class=\"wp-element-caption\">Adressbuch Hamburg Strassenverzeichnis 1963 Wettloop Hamburg<\/figcaption><\/figure>\n\n\n<p><a href=\"https:\/\/www.medienberatungev.org\/wp-content\/uploads\/2021\/08\/Vorwort-Roland-Klemig-1.pdf\">Vorwort Roland Klemig\u00a0<\/a>aus dem Buch &#8222;Als Hamburg unter den Nazis lebte&#8220; Verlag Rasch und R\u00f6hring Hamburg 1986<\/p>\n\n\n<p>Hallo Wiebeke, zu dem Vorwort von Roland Klemig aus dem Buch <em>&#8222;Als Hamburg unter den Nazis lebte&#8220; ist anzumerken, das das &#8222;Hamburger Tageblatt&#8220; die Zeitung der Nazis erst ab 1. Januar 1931 erschienen ist. Ein Hausverbot f\u00fcr &#8222;ein Dutzend&#8220; Jahre war 1936 gar nicht m\u00f6glich. Und hier das Zitat: &#8222;Das Hausverbot, das er aus diesem Grunde 1936 beim Hamburger Tageblatt erhielt, obgleich er mehr als ein Dutzend Jahre erfolgreich und gern f\u00fcr diese Zeitung gearbeitet hatte, verst\u00e4rkte seine Abneigung gegen das Regime der Mitl\u00e4ufer noch.&#8220;<\/em> Dutzend ist eben wie Wikipedia schreibt immer noch 12. Ziemlich schwach f\u00fcr den &#8222;Leiter des Bildarchivs, Preussischer Kulturbesitz, Berlin&#8220;, meint J.<\/p>\n\n\n\n<p class=\"has-small-font-size\"><\/p>\n\n\n\n<p class=\"has-medium-font-size\"><\/p>\n\n\n\n<p><\/p>\n","protected":false},"excerpt":{"rendered":"<p>\u00dcber den Fotograf Joseph Schorer (1894-1946) Hallo Wiebeke, da muss ich erst mal nachsehen. Ich hatte zwar in den Archiven schon viele Fotos von Joseph Schorer gesehen, aber sonst mich nicht mit ihm oder seiner Biografie besch\u00e4ftigt. Also auf Deine Frage habe ich folgendes herausgefunden: Auftr\u00e4ge erhielt er auch von der Industrie und von privater &hellip; <a href=\"https:\/\/www.medienberatungev.org\/?p=15738\" class=\"more-link\"><span class=\"screen-reader-text\">\u201eBriefe an Wiebeke (X-10) Einzelheiten \u00fcber Mord und M\u00f6rder\u201c<\/span> weiterlesen<\/a><\/p>\n","protected":false},"author":2,"featured_media":0,"comment_status":"open","ping_status":"open","sticky":false,"template":"","format":"standard","meta":{"footnotes":""},"categories":[10376,10381,1988,4679,5875,2449,2037,2455,5665,5750,2359,1607,2680,4220,1606,1204,2485,1886,2536,4149,6595,10397,10392,6952,519,2790,2920,6947,10396,1302,6945,6946,4158,10394,10393,10400,10399,10378,1618,10377,945,10384,5395,88,6948,16,463,1833,10383,10382,6953,1689,6944,10379,10380,4511,4661,6949,2496,9533,7703,7997,8012,10026,6950,10395,4937,8267,1,6951,7941,2703,4893,7742,9223,2701,2702],"tags":[6941,10387,10359,10358,461,6935,10388,6967,6968,10375,6930,6937,10385,10386,6929,10369,10373,2118,10361,10374,6962,10368,6955,6966,6942,6959,6964,10365,10366,10362,10390,10398,6954,6938,10364,10363,6972,6971,6936,6958,6939,6957,2493,1496,1632,6970,6928,6927,6111,6963,10367,1633,6932,4052,6960,6961,6969,10370,6965,10389,6956,6934,6933,10360,10402,6943,6931],"class_list":["post-15738","post","type-post","status-publish","format-standard","hentry","category-1-april-1933","category-10381","category-1988","category-4679","category-5875","category-2449","category-2037","category-2455","category-5665","category-5750","category-2359","category-1607","category-2680","category-4220","category-1606","category-1204","category-2485","category-1886","category-2536","category-4149","category-6595","category-alma-bassel","category-alma-schorer","category-amtsgericht-altona","category-antisemitismus","category-arbeiter","category-arbeiterklasse","category-august-luetgens","category-bertha-bassel","category-bezirk-hamburg-altona","category-bildarchiv-dhm","category-bruno-tesch","category-deutsches-historisches-museum","category-eva-maria-noelter","category-eva-maria-schorer","category-eva-maria-noelter-2","category-eva-maria-schorer-3","category-fotograf-joseph-schorer","category-fotografen","category-fotografin-alma-schorer","category-fotos","category-fremdenblatt","category-gestapo","category-grindelallee","category-gunther-schmitz","category-hamburg","category-hamburg-altona","category-hamburger","category-hamburger-anzeiger","category-hamburger-taageblatt","category-hans-robinson","category-joseph-goebbels","category-joseph-schorer","category-joseph-schorer-fotograf","category-joseph-schorer-photograph","category-juden","category-juedische-fluechtlinge","category-karl-wolff","category-landgericht-hamburg","category-louis-segall","category-nazis","category-nutzloses-wissen","category-nutzl-oses-wissen","category-raub","category-sondergericht","category-sybille-hetet","category-ufa-palast","category-ufi","category-uncategorized","category-walter-moeller","category-wehrmacht","category-wichtigtuerei","category-wilfried-weinke","category-zufallsfund","category-zusammenbruch","category-zusammensprudelln","category-zusammensprudeln","tag-6-kammer-landgericht-hamburg","tag-alma-bassel","tag-alma-schorer","tag-alma-schorer-fotografin","tag-altona","tag-altonaer-blutsonntag","tag-alwin","tag-alwin-raupert","tag-alwin-raupert-kaffee-tee-kolonialwaren","tag-annemarie-michaelsen","tag-august-luetgens","tag-august-schuberth","tag-bertha-hauguth","tag-bertha-hauguth-geb-bassel","tag-bildarchiv-deutsches-historisches-museum","tag-boykott","tag-bregazzi","tag-bruno-tesch","tag-bueschstrasse-4","tag-colonnaden-46","tag-curt-rothenberger","tag-deutscher-ring","tag-dr-august-schuberth","tag-dr-edward-chapeaurouge","tag-dr-ehlert","tag-dr-hans-heinrich-ehlert","tag-edward-chapeaurouge","tag-eier-grosshandel","tag-eier-grosshandel-eisek-getzler","tag-eisek-getzler","tag-eva-maria-schorer","tag-eva-maria-schorer-2","tag-ferdinand-korn","tag-generalstaatsanwalt-hans-haack","tag-grindelallee-134","tag-grindelallee-79","tag-grosse-johannissstrasse","tag-grosse-marienstrasse","tag-gunther-schmitz","tag-hans-ehlert","tag-hans-haack","tag-hans-heinrich-ehlert","tag-hindenburghaus","tag-holstenplatz","tag-johannes-brahms-platz","tag-johannisstrasse-grosse","tag-joseph-schorer","tag-joseph-schorer-fotograf","tag-juergen-sielemann","tag-justizsenator","tag-karl-muck-plattz","tag-karl-muck-platz","tag-karl-wolff","tag-landeszentrale-fuer-politische-bildung","tag-landgerichtsrat","tag-landgerichtsrat-beim-sondergericht","tag-marienstrasse-grosse","tag-nohl","tag-rassenschanderichter","tag-raupert","tag-rothenberger","tag-sondergericht","tag-sondergericht-altona","tag-sybille-hetet","tag-thomas-noelter","tag-victor-klemperer","tag-walter-moeller"],"_links":{"self":[{"href":"https:\/\/www.medienberatungev.org\/index.php?rest_route=\/wp\/v2\/posts\/15738","targetHints":{"allow":["GET"]}}],"collection":[{"href":"https:\/\/www.medienberatungev.org\/index.php?rest_route=\/wp\/v2\/posts"}],"about":[{"href":"https:\/\/www.medienberatungev.org\/index.php?rest_route=\/wp\/v2\/types\/post"}],"author":[{"embeddable":true,"href":"https:\/\/www.medienberatungev.org\/index.php?rest_route=\/wp\/v2\/users\/2"}],"replies":[{"embeddable":true,"href":"https:\/\/www.medienberatungev.org\/index.php?rest_route=%2Fwp%2Fv2%2Fcomments&post=15738"}],"version-history":[{"count":243,"href":"https:\/\/www.medienberatungev.org\/index.php?rest_route=\/wp\/v2\/posts\/15738\/revisions"}],"predecessor-version":[{"id":31689,"href":"https:\/\/www.medienberatungev.org\/index.php?rest_route=\/wp\/v2\/posts\/15738\/revisions\/31689"}],"wp:attachment":[{"href":"https:\/\/www.medienberatungev.org\/index.php?rest_route=%2Fwp%2Fv2%2Fmedia&parent=15738"}],"wp:term":[{"taxonomy":"category","embeddable":true,"href":"https:\/\/www.medienberatungev.org\/index.php?rest_route=%2Fwp%2Fv2%2Fcategories&post=15738"},{"taxonomy":"post_tag","embeddable":true,"href":"https:\/\/www.medienberatungev.org\/index.php?rest_route=%2Fwp%2Fv2%2Ftags&post=15738"}],"curies":[{"name":"wp","href":"https:\/\/api.w.org\/{rel}","templated":true}]}}