{"id":1626,"date":"2016-08-10T13:57:16","date_gmt":"2016-08-10T13:57:16","guid":{"rendered":"http:\/\/www.medienberatungev.org\/?p=1626"},"modified":"2025-08-26T07:12:19","modified_gmt":"2025-08-26T07:12:19","slug":"hat-er-das-wirklich-verdient","status":"publish","type":"post","link":"https:\/\/www.medienberatungev.org\/?p=1626","title":{"rendered":"Hat er das wirklich verdient? Brief an meinen Neffen."},"content":{"rendered":"<p><a href=\"http:\/\/www.medienberatungev.org\/wp-content\/uploads\/2016\/08\/IMG_4020.jpg\"><img loading=\"lazy\" decoding=\"async\" class=\"alignleft size-full wp-image-1627\" src=\"http:\/\/www.medienberatungev.org\/wp-content\/uploads\/2016\/08\/IMG_4020.jpg\" alt=\"IMG_4020\" width=\"4000\" height=\"3000\" \/><\/a><\/p>\n<p><a href=\"http:\/\/www.medienberatungev.org\/wp-content\/uploads\/2018\/03\/By-nc-sa_color.png\"><img loading=\"lazy\" decoding=\"async\" class=\"wp-image-5796 alignleft\" src=\"http:\/\/www.medienberatungev.org\/wp-content\/uploads\/2018\/03\/By-nc-sa_color.png\" alt=\"By-nc-sa_color\" width=\"169\" height=\"114\" srcset=\"https:\/\/www.medienberatungev.org\/wp-content\/uploads\/2018\/03\/By-nc-sa_color.png 720w, https:\/\/www.medienberatungev.org\/wp-content\/uploads\/2018\/03\/By-nc-sa_color-300x202.png 300w\" sizes=\"auto, (max-width: 169px) 85vw, 169px\" \/><\/a>Fotos Jens Meyer, 26. Mai 2016, 10.08 Uhr <a href=\"http:\/\/www.medienberatungev.org\/wp-content\/uploads\/2016\/01\/IMG_3013.jpg\"><img loading=\"lazy\" decoding=\"async\" class=\"alignleft  wp-image-1170\" src=\"http:\/\/www.medienberatungev.org\/wp-content\/uploads\/2016\/01\/IMG_3013.jpg\" alt=\"IMG_3013\" width=\"140\" height=\"93\" \/><\/a><\/p>\n<p>und um die Frage auch gleich zu beantworten: Ich glaube nicht. Dieses Haus hat eine unselige <a href=\"http:\/\/www.medienberatungev.org\/wp-content\/uploads\/2016\/08\/IMG_4027.jpg\"><img loading=\"lazy\" decoding=\"async\" class=\"aligncenter size-large wp-image-1628\" src=\"http:\/\/www.medienberatungev.org\/wp-content\/uploads\/2016\/08\/IMG_4027-1024x768.jpg\" alt=\"IMG_4027\" width=\"640\" height=\"480\" \/><\/a>Geschichte, die leider bei der Umbennung in &#8222;Helmut Schmidt Haus&#8220; vergessen wurde. Sie beginnt mit dem NSDAP Gauleiter Karl Kaufmann, der sich &#8222;Reichsstatthalter&#8220; nannte. Ein Verbrecher, der dieses Haus erbauen lie\u00df. Karl Kaufmann musste sich niemals f\u00fcr seine Verbrechen vor Gericht verantworten. Bis zum Kriegsende erschien hier die Tageszeitung der NSDAP, das &#8222;Hamburger Tageblatt&#8220;, dessen Herausgeber Karl Kaufmann war. Geschichte kann man nicht verstecken. Auch nicht hinter goldenen Buchstaben. Ein Hinweisschild auf die Geschichte dieses Hauses w\u00fcrde dem Geb\u00e4ude gut tun. Oder sollte es nur vergessen worden sein?<\/p>\n<p><span style=\"font-family: Ubuntu;\"><span style=\"font-size: large;\">Jens M., Brief an meinen Neffen\u00a0 Helmut Schmidt und die Bundeswehr <strong>23. 11. 2015<\/strong> <\/span><\/span><\/p>\n<p><span style=\"font-family: Ubuntu;\"><span style=\"font-size: large;\">Hallo J\u00f6rg, soll ja keiner sp\u00e4ter behaupten, ich w\u00e4re starrsinnig immer bei meinen Ansichten geblieben und h\u00e4tte die nicht \u00fcberpr\u00fcft. Eben war die Staatstrauer, die l\u00e4cherliche, hier zu Ende, da habe ich mir noch mal die Zeit genommen, um zu \u00fcberpr\u00fcfen, ob ich in Hinblick auf H. S. wirklich so falsch liege, wie Du behauptest. Ich habe mir also noch mal die Brosch\u00fcre (\u00fcbrigens mit einem Vorwort von Dr. Wilhelm Drexius (Senator) &#8211; der eine ganz \u00fcble Figur war, aber davon ein andermal. Bestimmt schlimmer als dein Opa, der hat in der Gesundheitsbeh\u00f6rde in der Nazi Zeit \u201cgearbeitet\u201d und sehr fr\u00fch und auch ohne Not des Befehles, in \u201cAlsterdorf\u201d daf\u00fcr gesorgt, da\u00df die behinderten Kinder ins Gas gekommen sind, (der Staatsanwalt Dr. Dietrich Kuhlbrodt hatte ihn mal am Haken) . . . also in der Brosch\u00fcre habe ich noch mal nachgesehen, zu welcher Zeit, die ersten Warnungen kamen.<\/span><\/span><\/p>\n<p><span style=\"font-family: Ubuntu;\"><span style=\"font-size: large;\"><b>16. Februar 8.45 Uhr<\/b> Erste Sturmflutwarnung f\u00fcr die Nacht.<\/span><\/span><\/p>\n<p><span style=\"font-family: Ubuntu;\"><span style=\"font-size: large;\"><b>10.00 Uhr <\/b>Tiefbauamt l\u00f6st Alarmstufe II aus.<\/span><\/span><\/p>\n<p><span style=\"font-family: Ubuntu;\"><span style=\"font-size: large;\"><b>11.00 Uhr <\/b>DHI warnt die Nordseek\u00fcste vor schwerer Sturmflut, Rundfunk \u00fcbernimmt die Nachricht. Die Hamburger Feuerwehr wird durch Fernschreiben an alle Wachen alarmiert.<\/span><\/span><\/p>\n<p><span style=\"font-family: Ubuntu;\"><span style=\"font-size: large;\"><b>11.30<\/b> <b>Uhr <\/b>Orkanwarnung an alle Feuerschiffe<\/span><\/span><\/p>\n<p><span style=\"font-family: Ubuntu;\"><span style=\"font-size: large;\"><b>12.30 <\/b> <b>Uhr <\/b>Alarm f\u00fcr Bereitschaftspolizei, die Schutzpolizeischule, Orkanwarnung an die Schutzpolizei. (Das war schlie\u00dflich die Beh\u00f6rde, der dieser Helmut Schmidt vorstand). Auch Fernsehen gab es damals schon.<\/span><\/span><\/p>\n<p><span style=\"font-family: Ubuntu;\"><span style=\"font-size: large;\"><b>13.00 Uhr <\/b>Bezirksamt Harburg gibt Alarmstufe III, Bergedorf II<\/span><\/span><\/p>\n<p><span style=\"font-family: Ubuntu;\"><span style=\"font-size: large;\"><b>13.30 Uhr <\/b>Das Standortkommando wird auf einen m\u00f6glicherweise erforderlichen Katastropheneinsatz hingewiesen.<\/span><\/span><\/p>\n<p><span style=\"font-family: Ubuntu;\"><span style=\"font-size: large;\"><b>14.05<\/b> <b>Uhr <\/b>Befehl an die Polizeigruppen West und S\u00fcd Einsatzst\u00e4be bilden, Geschwindigkeitskontrollen abbrechen, auf Gesch\u00e4ftszimmerpersonal zur\u00fcckgreifen.<\/span><\/span><\/p>\n<p><span style=\"font-family: Ubuntu;\"><span style=\"font-size: large;\"><b>17.25 Uhr <\/b>Warnung an die Abonnenten des Sturmwarndienstes, Feuerwehr, Wasserschutzpolizei, THW, HEW, u. a. Diese Warnung wird laufend \u00fcber Polizeifunk verbreitet.<\/span><\/span><\/p>\n<p><span style=\"font-family: Ubuntu;\"><span style=\"font-size: large;\"><b>20.33<\/b> <b>Uhr <\/b>Warnung \u00fcber Rundfunk NDR Mittelwelle sehr schwere Sturmflut<\/span><\/span><\/p>\n<p><span style=\"font-family: Ubuntu;\"><span style=\"font-size: large;\"><b>21.00 Uhr <\/b>Die Abteilung Wasserwirtschaft erh\u00e4lt die Meldung \u00fcber das Hochwasser in der Nacht, das f\u00fcr<\/span><\/span><\/p>\n<p><span style=\"font-family: Ubuntu;\"><span style=\"font-size: large;\"><b>3.46<\/b> <b>Uhr <\/b>Uhr (Sonnabend 17.2.1962) eine H\u00f6he von 4,70 m \u00fcber Normalnull erwarten l\u00e4\u00dft. Darauf hin wird die h\u00f6chste, nach dem Alarmkalender erst f\u00fcr Wasserst\u00e4nde \u00fcber 4,70 m vorgesehene Alarmstufe gegeben.<\/span><\/span><\/p>\n<p><span style=\"font-family: Ubuntu;\"><span style=\"font-size: large;\"><b>21.45 Uhr <\/b>Wiederholung der Rundfunkwarnung.<\/span><\/span><\/p>\n<p><span style=\"font-family: Ubuntu;\"><span style=\"font-size: large;\"><b>22.15<\/b> <b>Uhr <\/b>Wiederholung der Warnung \u00fcber das Fernsehen (Tagesschau) usw.<\/span><\/span><\/p>\n<p><span style=\"font-family: Ubuntu;\"><span style=\"font-size: large;\"><b>0.10 Uhr <\/b>Die Polizei alarmiert mit Blaulicht, Sirenen und Lautsprechern die Wilhelmsburger Bev\u00f6lkerung.<\/span><\/span><\/p>\n<p><span style=\"font-family: Ubuntu;\"><span style=\"font-size: large;\">Der Polizeisenator trinkt sich einen in Berlin. Als Helmut Schmidt die Bundeswehr mobilisiert, sind 300 Personen aus Wilhelmsburg schon ertrunken. Und zwar vorwiegend die, die in Laubenkolonien gewohnt haben. Darunter die f\u00fcnf Kinder der Familie Bennewitz aus Waltershof: Brigitte (4 Jahre), Christa (5 Jahre), Angelika (7 Jahre), Holger (8 Jahre) und R\u00fcdiger (9 Jahre). Ich war damals tats\u00e4chlich erst 15 Jahre alt und meldete mich freiwillig, wurde aber nicht genommen, weil die Eisenbahngleise und die Stra\u00dfen von Bergedorf nach Hamburg untersp\u00fclt waren, soda\u00df man nicht in die \u00fcberschwemmten Gebiete kam. Und du warst erst zwei Jahre alt. Anbei noch das Foto von den nicht gebrauchten Gittern. Das mu\u00dfte doch noch mal geschrieben werden. Jens<a href=\"http:\/\/www.medienberatungev.org\/wp-content\/uploads\/2016\/08\/abspergitterwurdennichtgebraucht2.jpg\"><img loading=\"lazy\" decoding=\"async\" class=\"aligncenter size-large wp-image-5899\" src=\"http:\/\/www.medienberatungev.org\/wp-content\/uploads\/2016\/08\/abspergitterwurdennichtgebraucht2-1024x768.jpg\" alt=\"abspergitterwurdennichtgebraucht2\" width=\"640\" height=\"480\" \/><\/a><\/span><\/span><a href=\"http:\/\/www.medienberatungev.org\/wp-content\/uploads\/2018\/02\/Nilpferdeinauge.jpg\"><img loading=\"lazy\" decoding=\"async\" class=\"wp-image-5635 alignright\" src=\"http:\/\/www.medienberatungev.org\/wp-content\/uploads\/2018\/02\/Nilpferdeinauge-1024x786.jpg\" alt=\"Nilpferdeinauge\" width=\"189\" height=\"145\" \/><\/a><\/p>\n\n<div class=\"wp-block-image\">\n<figure class=\"aligncenter size-full is-resized\"><a href=\"https:\/\/www.medienberatungev.org\/wp-content\/uploads\/2016\/08\/By-nc-sa_color.png\"><img loading=\"lazy\" decoding=\"async\" width=\"720\" height=\"486\" src=\"https:\/\/www.medienberatungev.org\/wp-content\/uploads\/2016\/08\/By-nc-sa_color.png\" alt=\"Creative commons.org\" class=\"wp-image-1755\" style=\"width:166px;height:112px\" srcset=\"https:\/\/www.medienberatungev.org\/wp-content\/uploads\/2016\/08\/By-nc-sa_color.png 720w, https:\/\/www.medienberatungev.org\/wp-content\/uploads\/2016\/08\/By-nc-sa_color-300x202.png 300w\" sizes=\"auto, (max-width: 709px) 85vw, (max-width: 909px) 67vw, (max-width: 984px) 61vw, (max-width: 1362px) 45vw, 600px\" \/><\/a><\/figure>\n<\/div>","protected":false},"excerpt":{"rendered":"<p>Fotos Jens Meyer, 26. Mai 2016, 10.08 Uhr und um die Frage auch gleich zu beantworten: Ich glaube nicht. Dieses Haus hat eine unselige Geschichte, die leider bei der Umbennung in &#8222;Helmut Schmidt Haus&#8220; vergessen wurde. Sie beginnt mit dem NSDAP Gauleiter Karl Kaufmann, der sich &#8222;Reichsstatthalter&#8220; nannte. Ein Verbrecher, der dieses Haus erbauen lie\u00df. &hellip; <a href=\"https:\/\/www.medienberatungev.org\/?p=1626\" class=\"more-link\"><span class=\"screen-reader-text\">\u201eHat er das wirklich verdient? Brief an meinen Neffen.\u201c<\/span> weiterlesen<\/a><\/p>\n","protected":false},"author":2,"featured_media":0,"comment_status":"open","ping_status":"open","sticky":false,"template":"","format":"standard","meta":{"footnotes":""},"categories":[2361,1288,1245,945,16,45,123,1336],"tags":[1333,1334,1329,3672,1328,3550,1330,1332,1331,3673,1335],"class_list":["post-1626","post","type-post","status-publish","format-standard","hentry","category-2361","category-bezirk-hamburg-mitte","category-fotoarchiv-jens-meyer","category-fotos","category-hamburg","category-nsdap","category-spd","category-sturmflut","tag-die-zeit","tag-hamburger-echo","tag-hamburger-tageblatt","tag-helmut-schmidt","tag-karl-kaufmann","tag-nsdap","tag-presshaus","tag-speers-ort","tag-speersort","tag-sturmflut","tag-wilhelmsburg"],"_links":{"self":[{"href":"https:\/\/www.medienberatungev.org\/index.php?rest_route=\/wp\/v2\/posts\/1626","targetHints":{"allow":["GET"]}}],"collection":[{"href":"https:\/\/www.medienberatungev.org\/index.php?rest_route=\/wp\/v2\/posts"}],"about":[{"href":"https:\/\/www.medienberatungev.org\/index.php?rest_route=\/wp\/v2\/types\/post"}],"author":[{"embeddable":true,"href":"https:\/\/www.medienberatungev.org\/index.php?rest_route=\/wp\/v2\/users\/2"}],"replies":[{"embeddable":true,"href":"https:\/\/www.medienberatungev.org\/index.php?rest_route=%2Fwp%2Fv2%2Fcomments&post=1626"}],"version-history":[{"count":15,"href":"https:\/\/www.medienberatungev.org\/index.php?rest_route=\/wp\/v2\/posts\/1626\/revisions"}],"predecessor-version":[{"id":30773,"href":"https:\/\/www.medienberatungev.org\/index.php?rest_route=\/wp\/v2\/posts\/1626\/revisions\/30773"}],"wp:attachment":[{"href":"https:\/\/www.medienberatungev.org\/index.php?rest_route=%2Fwp%2Fv2%2Fmedia&parent=1626"}],"wp:term":[{"taxonomy":"category","embeddable":true,"href":"https:\/\/www.medienberatungev.org\/index.php?rest_route=%2Fwp%2Fv2%2Fcategories&post=1626"},{"taxonomy":"post_tag","embeddable":true,"href":"https:\/\/www.medienberatungev.org\/index.php?rest_route=%2Fwp%2Fv2%2Ftags&post=1626"}],"curies":[{"name":"wp","href":"https:\/\/api.w.org\/{rel}","templated":true}]}}