{"id":17102,"date":"2022-05-29T18:24:54","date_gmt":"2022-05-29T18:24:54","guid":{"rendered":"https:\/\/www.medienberatungev.org\/?p=17102"},"modified":"2025-04-19T12:39:41","modified_gmt":"2025-04-19T12:39:41","slug":"briefe-an-wiebeke-xiv","status":"publish","type":"post","link":"https:\/\/www.medienberatungev.org\/?p=17102","title":{"rendered":"Briefe an Wiebeke (XIV-14) Die Wurstfriesen und das Amt Ritzeb\u00fcttel"},"content":{"rendered":"<div class=\"wp-block-image is-resized\">\n<figure class=\"alignright size-full\"><a href=\"https:\/\/www.medienberatungev.org\/wp-content\/uploads\/2022\/06\/Roemische-Zahlen-am-Heck.jpg\"><img loading=\"lazy\" decoding=\"async\" width=\"220\" height=\"330\" src=\"https:\/\/www.medienberatungev.org\/wp-content\/uploads\/2022\/06\/Roemische-Zahlen-am-Heck.jpg\" alt=\"Romische Zahlen am BUG\" class=\"wp-image-17347\" srcset=\"https:\/\/www.medienberatungev.org\/wp-content\/uploads\/2022\/06\/Roemische-Zahlen-am-Heck.jpg 220w, https:\/\/www.medienberatungev.org\/wp-content\/uploads\/2022\/06\/Roemische-Zahlen-am-Heck-200x300.jpg 200w\" sizes=\"auto, (max-width: 220px) 85vw, 220px\" \/><\/a><\/figure>\n<\/div>\n\n\n<p class=\"has-drop-cap\">Manchmal finde ich in alten Adressb\u00fcchern auch solche Sachen. Adressbuch vom Amt Ritzeb\u00fcttel 1930: (w\u00f6rtlich zitiert): Im Jahr:<\/p>\n\n\n<p><a href=\"https:\/\/www.medienberatungev.org\/wp-content\/uploads\/2022\/05\/PDF-Wurstfriesen.pdf\">PDF Wurstfriesen<\/a><\/p>\n\n\n<p>&#8222;1393: Hamburgische Truppen, unterst\u00fctzt von 800 Wurstfriesen, erst\u00fcrmen das Schlo\u00df Ritzeb\u00fcttel. Die Besigten mu\u00dften schw\u00f6ren, das &#8222;dies in rechter und ehrlicher Fehde geschehen sei.&#8220; &#8222;1394: Die Hamburger schlossen mit Wolder und Alweick Vedderen einen Kaufkontrakt ab. Hamburg erwarb damit das ein Jahr vorher eroberte Schlo\u00df Ritzeb\u00fcttel mit den Gemeinden &#8222;zu ewigen Zeiten&#8220;. Cuxhaven hat damals anscheinend nicht existiert, es wird in dem Vertrag nicht erw\u00e4hnt.&#8220; Leider wird in dem Text nicht erkl\u00e4rt, was denn nun &#8222;Wurstfriesen&#8220; sind. Oder ist das vielleicht nur ein sogenannter &#8222;Druckfehler&#8220;? Die Antwort lieferte mein Freund Thomas. Und wo hat der das gefunden? Hat er nicht verraten. Aber die Suchmaschine findet wie immer die Antwort: Die Wurstfriesen lebten im Lande Wursten. Das Land Wursten ist eine Landschaft zwischen Bremerhaven und Cuxhaven.<\/p>\n\n\n\n<p class=\"has-drop-cap\"><\/p>\n\n\n\n<p><\/p>\n\n\n\n<p><\/p>\n","protected":false},"excerpt":{"rendered":"<p>Manchmal finde ich in alten Adressb\u00fcchern auch solche Sachen. Adressbuch vom Amt Ritzeb\u00fcttel 1930: (w\u00f6rtlich zitiert): Im Jahr: PDF Wurstfriesen &#8222;1393: Hamburgische Truppen, unterst\u00fctzt von 800 Wurstfriesen, erst\u00fcrmen das Schlo\u00df Ritzeb\u00fcttel. Die Besigten mu\u00dften schw\u00f6ren, das &#8222;dies in rechter und ehrlicher Fehde geschehen sei.&#8220; &#8222;1394: Die Hamburger schlossen mit Wolder und Alweick Vedderen einen Kaufkontrakt &hellip; <a href=\"https:\/\/www.medienberatungev.org\/?p=17102\" class=\"more-link\"><span class=\"screen-reader-text\">\u201eBriefe an Wiebeke (XIV-14) Die Wurstfriesen und das Amt Ritzeb\u00fcttel\u201c<\/span> weiterlesen<\/a><\/p>\n","protected":false},"author":2,"featured_media":0,"comment_status":"open","ping_status":"open","sticky":false,"template":"","format":"standard","meta":{"footnotes":""},"categories":[7374,1,7375],"tags":[7373,1623,7372],"class_list":["post-17102","post","type-post","status-publish","format-standard","hentry","category-cuxhaven","category-uncategorized","category-wurstfriesen","tag-amt-ritzebuettel","tag-cuxhaven","tag-wurstfriesen"],"_links":{"self":[{"href":"https:\/\/www.medienberatungev.org\/index.php?rest_route=\/wp\/v2\/posts\/17102","targetHints":{"allow":["GET"]}}],"collection":[{"href":"https:\/\/www.medienberatungev.org\/index.php?rest_route=\/wp\/v2\/posts"}],"about":[{"href":"https:\/\/www.medienberatungev.org\/index.php?rest_route=\/wp\/v2\/types\/post"}],"author":[{"embeddable":true,"href":"https:\/\/www.medienberatungev.org\/index.php?rest_route=\/wp\/v2\/users\/2"}],"replies":[{"embeddable":true,"href":"https:\/\/www.medienberatungev.org\/index.php?rest_route=%2Fwp%2Fv2%2Fcomments&post=17102"}],"version-history":[{"count":12,"href":"https:\/\/www.medienberatungev.org\/index.php?rest_route=\/wp\/v2\/posts\/17102\/revisions"}],"predecessor-version":[{"id":28783,"href":"https:\/\/www.medienberatungev.org\/index.php?rest_route=\/wp\/v2\/posts\/17102\/revisions\/28783"}],"wp:attachment":[{"href":"https:\/\/www.medienberatungev.org\/index.php?rest_route=%2Fwp%2Fv2%2Fmedia&parent=17102"}],"wp:term":[{"taxonomy":"category","embeddable":true,"href":"https:\/\/www.medienberatungev.org\/index.php?rest_route=%2Fwp%2Fv2%2Fcategories&post=17102"},{"taxonomy":"post_tag","embeddable":true,"href":"https:\/\/www.medienberatungev.org\/index.php?rest_route=%2Fwp%2Fv2%2Ftags&post=17102"}],"curies":[{"name":"wp","href":"https:\/\/api.w.org\/{rel}","templated":true}]}}