{"id":17951,"date":"2022-07-01T18:08:24","date_gmt":"2022-07-01T18:08:24","guid":{"rendered":"https:\/\/www.medienberatungev.org\/?p=17951"},"modified":"2025-09-13T17:40:01","modified_gmt":"2025-09-13T17:40:01","slug":"auf-der-suche-nach-viktor-abel","status":"publish","type":"post","link":"https:\/\/www.medienberatungev.org\/?p=17951","title":{"rendered":"Apropos Viktor Abel (I)"},"content":{"rendered":"<div class=\"wp-block-image is-resized\">\n<figure class=\"alignleft size-large\"><a href=\"https:\/\/www.medienberatungev.org\/wp-content\/uploads\/2022\/07\/UmSchlagBuchAbel.jpg\"><img loading=\"lazy\" decoding=\"async\" width=\"634\" height=\"1024\" src=\"https:\/\/www.medienberatungev.org\/wp-content\/uploads\/2022\/07\/UmSchlagBuchAbel-634x1024.jpg\" alt=\"\" class=\"wp-image-17967\" style=\"width:195px;height:auto\"\/><\/a><\/figure>\n<\/div>\n\n<div class=\"wp-block-image\">\n<figure class=\"alignright size-large is-resized\"><a href=\"https:\/\/www.medienberatungev.org\/wp-content\/uploads\/2022\/08\/Carls-Robert-Blum-1-e1671884720225.jpg\"><img loading=\"lazy\" decoding=\"async\" width=\"1024\" height=\"1024\" src=\"https:\/\/www.medienberatungev.org\/wp-content\/uploads\/2022\/08\/Carls-Robert-Blum-1-1024x1024.jpg\" alt=\"Carl Robert Blum\" class=\"wp-image-19076\" style=\"width:237px;height:auto\"\/><\/a><\/figure>\n<\/div>\n\n\n<div class=\"wp-block-group\"><div class=\"wp-block-group__inner-container is-layout-flow wp-block-group-is-layout-flow\">\n<p><a href=\"https:\/\/www.medienberatungev.org\/wp-content\/uploads\/2022\/07\/Pdf-Abschrift-10-Kapitel-Viktor-Abel.pdf\">Pdf Abschrift 10 Kapitel Viktor Abel (I)<\/a><\/p>\n<\/div><\/div>\n\n\n\n<p>Viktor Abel taucht im Scherl Adressbuch von 1929\/1930 mit der Berufsangabe Filmdramaturg und einer Anschrift in der Riehlstr. 11- in Berlin-Charlottenburg auf. 1931, ein Jahr sp\u00e4ter, ist Viktor Abel mit gleicher Berufsbezeichnung in Berlin-Zehlendorf, in der Lindenallee 4 im Scherl Adressbuch abgedruckt. 1930 gibt es in Berlin zehn Strassen mit dem selben Namen. Die Lindenallee in Zehlendorf wurde mehrfach umbenannt, heute (2022) hat sie den Namen Lindenthaler Allee. Das Geburts- und das Todesdatum von Viktor Abel habe ich wiederum mit der Hilfe einer Suchmaschine auf einer Internetseite gefunden.<strong> Geboren ist er am 2.<\/strong> <strong>Dezember 1892 in Kiev<\/strong>, das 1892 zum Russischen Kaiserreich geh\u00f6rte. Viktor Abel war nach der Nazidefinition Jude. Am <strong>21.10.1941 <\/strong>wurde Viktor Abel  nach Lodz deportiert und dort ermordet. (Transport B, Nr. 405&nbsp;-21. 10. 1941, -&gt; \u0141\u00f3d\u017a).<\/p>\n\n\n\n<p>Auf der Gedenkseite gibt es Bilder von Viktor Abel und einige Dokumente. Auf dem Umschlag des Buches von ihm: \u201cWie schreibt man einen Film?\u201c (Anleitung zur Herstellung vom Filmmanuskripten von VIKTOR ABEL ehemal. Chef-Dramaturg der \u00abUfa\u00bb). In den mir bekannten UFA B\u00fcchern habe ich in den Namen Viktor Abel in den Namensregistern nicht finden k\u00f6nnen. Aus dem UFA Buch \u201eDas UFA Buch\u201c (erschienen bei 2001. 2. Auflage vom Juli 1994) habe ich erfahren, das Viktor Abel (Schreibweise \u00bbVictor Abel\u00ab) weitere Drehb\u00fccher geschrieben hat:<\/p>\n\n\n\n<p><strong>1928<\/strong> <strong>\u00bbVom T\u00e4ter fehlt jede Spur\u00ab.<\/strong> Regie: Constantin J. David, Buch: Victor Abel, Alfred Zeisler. Urauff\u00fchrung am 3. 8. 1928 in Berlin. Dort (im Ufa Buch) wird der Inhalt des Filmes so beschrieben: \u201cF\u00fcr die Kriminalbeamten ist der Mord nachts im Maschinenraum des Jahrmarktes ein einziges R\u00e4tsel. Der Tote hatte zu Lebzeiten wenig Umgang, sein Kompagnon war Phlegmatiker mit unangenehmen Eigenschaften. Es gab Streit. Liegt hier ein Motiv? Oder bei Hofer, dem heimlich Verlobten seiner Nichte? Der meinte, den Hinauswurf w\u00fcrde der jetzt Tote noch bereuen. Entwirrt sich der Knoten?\u201c<\/p>\n\n\n\n<p><strong>1928 \/29<\/strong><strong> \u00bbDie Flucht vor der Liebe\u00ab.<\/strong> Regie: Hans Behrendt. Buch: Victor Abel. Urauff\u00fchrung am 16.09.1929 in Berlin. \u201cDer junge Diplomat Mario verirrt sich auf einem Rummelplatz und verliebt sich in Marga, die Tochter eines Schaustellers. Nat\u00fcrlich kann das nicht gutgehen, denn Marios Vater hat mit seinem Sohn andere Pl\u00e4ne. Edelm\u00fctig verzichtet Marga, um der Karriere des Geliebten nicht zu schaden.\u201c<\/p>\n\n\n\n<p><strong>1929<\/strong><strong> \u00bbDie Schmugglerbraut von Mallorca\u00ab <\/strong>Regie: Hans Behrendt. Buch: Victor Abel, Rudolf Katscher.\u201c Urauff\u00fchrung am 31.07.1929 in Berlin.\u201cDie Fischer Pedro und Andrea machen Rosita den Hof. Der dritte Interessent ist der reiche Tolomeo, Chef einer Schmugglerbande. Bei solch einer Konstellation sind Schurkenstreiche und Verbrecherjagden der Polizei vorprogrammiert. Andrea zahlt dabei mit dem Leben, w\u00e4hrend Pedro und Rosita als gl\u00fcckliches Paar in die Heimat zur\u00fcckkehren.\u201c<\/p>\n\n\n\n<p>Ich hab extra noch mal in die Besetzungsliste bei Filmportal.de gesehen. Andrea ist mit einer m\u00e4nnlichen Person besetzt. Nicht das da irgend jemand auf falsche Gedanken kommt, wie es heute modern ist. Clifford McLaglen heisst der Schauspieler, der den Andrea spielt. Auf Filmportal sind weitere sieben Filme genannt, zu denen Victor Abel die Drehb\u00fccher geschrieben hat.<\/p>\n\n\n\n<p>Bei vier Filmen war Harry Piel Regisseur, weitere vier Filme hatten Alfred Zeisler als Regisseur. Ein Film entstand unter der Regie von Fred Sauer. Viktor Abel war offensichtlich ein begehrter, sprich, erfolgreicher Drehbuchautor. In welchen Jahren er als Chef Dramaturg f\u00fcr die UFA gearbeitet hatte, bleibt noch herauszufinden. Auch die vermuteten Arsierungsvorg\u00e4nge der Firma: \u201eRhythmographie GmbH\u201c sind, wie heute immer gerne formuliert wird: Im Dunkel.<\/p>\n\n\n\n<p><strong>1929<\/strong><strong>\u00bbDer Bund der Drei\u00ab<\/strong>. Regie: Hans Behrendt. Buch: Victor Abel, Bobby E. L\u00fcthge. Urauff\u00fchrung am 12.12.1929 in Berlin.\u201cInez sucht den M\u00f6rder ihrer Mutter. Als sie sich in Henr(y)i, den Sohn des vermeintlichen M\u00f6rders, einen Minenbesitzer, verliebt, ger\u00e4t sie in seelische Konflikte. Schlie\u00dflich wird der Minenbesitzer Ziel eines Mordanschlages , den er aber gl\u00fccklich \u00fcberlebt. Am Ende l\u00f6st der Inhalt einer Kassette alle R\u00e4tsel. Inez und Henri werden ein Paar.\u201c<\/p>\n\n\n\n<p>Ich habe die Filmproduktionen der UFA bis 1934 durchgesehen, aber keine weiteren Drehb\u00fccher von Victor (Viktor) Abel gefunden, nach denen bei der UFA ein Film gedreht wurde.Das Landesarchiv Berlin verf\u00fcgt \u00fcber Fotos des Erfinders Carl Robert Blum. Das Deutsche Patentamt hat die Patentschriften von Carl Robert Blum ins Netz gestellt. Die Nachbearbeitung der Original Patentschriften aus der \u00bbDunklen Vergangenheit\u00ab wurden mit schwarzen Punkten versehen. Das entbehrt nicht einer gewissen Komik.<\/p>\n\n\n\n<p><strong>Apropos:<\/strong><\/p>\n\n\n\n<p>Da gibt es noch ein kleines Abfallprodukt zu meinen Recherchen zur Nationalit\u00e4tenfrage im Zusammenhang mit genanntem Film. Bei der Untersuchung stellte ich immer wieder fest, da\u00df eine Herstellung dieses Filmes ohne die Beteiligung von Deutschen gar nicht m\u00f6glich gewesen w\u00e4re.<\/p>\n\n\n\n<p>Der Mann, der die Romanvorlage -heute w\u00fcrde man Bestseller schreiben- geschrieben hatte, kam aus Osnabr\u00fcck. Der Vater des Mannes, der den Film produziert hat, kam aus Laupheim. Wir h\u00e4tten jetzt endlich Gelegenheit, darauf ein wenig stolz zu sein, w\u00e4re da nicht jenes Zitat aus Buchers Enzyklop\u00e4die des Films: \u201cIn Deutschland gelang es den Nationalsozialisten mittels inszenierter Demonstrationen vor den Kinos in denen der Film gezeigt wurde, sein Verbot zu erreichen\u201c. (Buchers Enzyklop\u00e4die des Films, Bucher Verlag 1977, Seite 26)<\/p>\n\n\n\n<p>Das Landesarchiv Berlin verf\u00fcgt \u00fcber Fotos des Erfinders Carl Robert Blum:<\/p>\n\n\n\n<figure class=\"wp-block-image size-full is-resized\"><a href=\"https:\/\/www.medienberatungev.org\/wp-content\/uploads\/2022\/07\/IMG_9141CarRobertBlumklein2.jpg\"><img loading=\"lazy\" decoding=\"async\" width=\"800\" height=\"800\" src=\"https:\/\/www.medienberatungev.org\/wp-content\/uploads\/2022\/07\/IMG_9141CarRobertBlumklein2.jpg\" alt=\"\" class=\"wp-image-18070\" style=\"width:290px;height:auto\" srcset=\"https:\/\/www.medienberatungev.org\/wp-content\/uploads\/2022\/07\/IMG_9141CarRobertBlumklein2.jpg 800w, https:\/\/www.medienberatungev.org\/wp-content\/uploads\/2022\/07\/IMG_9141CarRobertBlumklein2-300x300.jpg 300w, https:\/\/www.medienberatungev.org\/wp-content\/uploads\/2022\/07\/IMG_9141CarRobertBlumklein2-150x150.jpg 150w, https:\/\/www.medienberatungev.org\/wp-content\/uploads\/2022\/07\/IMG_9141CarRobertBlumklein2-768x768.jpg 768w\" sizes=\"auto, (max-width: 709px) 85vw, (max-width: 909px) 67vw, (max-width: 984px) 61vw, (max-width: 1362px) 45vw, 600px\" \/><\/a><figcaption class=\"wp-element-caption\">Carl Robert Blum<\/figcaption><\/figure>\n\n\n\n<p>Das Deutsche Patentamt hat die Patentschriften von Carl  Robert Blum ins Netz gestellt. Die Nachbearbeitung der Original Patentschriften aus der &#8222;Dunklen Vergangenheit&#8220; wurden mit schwarzen Punkten versehen. Das  entbehrt nicht einer gewissen Komik.<\/p>\n\n\n<div class=\"wp-block-image\">\n<figure class=\"aligncenter size-full\"><a href=\"https:\/\/www.medienberatungev.org\/wp-content\/uploads\/2022\/06\/rhythmografie-geraet.jpg\"><img loading=\"lazy\" decoding=\"async\" width=\"500\" height=\"224\" src=\"https:\/\/www.medienberatungev.org\/wp-content\/uploads\/2022\/06\/rhythmografie-geraet.jpg\" alt=\"\" class=\"wp-image-17367\" srcset=\"https:\/\/www.medienberatungev.org\/wp-content\/uploads\/2022\/06\/rhythmografie-geraet.jpg 500w, https:\/\/www.medienberatungev.org\/wp-content\/uploads\/2022\/06\/rhythmografie-geraet-300x134.jpg 300w\" sizes=\"auto, (max-width: 500px) 85vw, 500px\" \/><\/a><\/figure>\n<\/div>\n\n<div class=\"wp-block-image is-resized\">\n<figure class=\"aligncenter size-full\"><a href=\"https:\/\/www.medienberatungev.org\/wp-content\/uploads\/2022\/07\/ViktorAbel68789_ca_object_representations_media_57812_medium.jpg\"><img loading=\"lazy\" decoding=\"async\" width=\"387\" height=\"400\" src=\"https:\/\/www.medienberatungev.org\/wp-content\/uploads\/2022\/07\/ViktorAbel68789_ca_object_representations_media_57812_medium.jpg\" alt=\"\" class=\"wp-image-17972\" style=\"width:244px;height:auto\" srcset=\"https:\/\/www.medienberatungev.org\/wp-content\/uploads\/2022\/07\/ViktorAbel68789_ca_object_representations_media_57812_medium.jpg 387w, https:\/\/www.medienberatungev.org\/wp-content\/uploads\/2022\/07\/ViktorAbel68789_ca_object_representations_media_57812_medium-290x300.jpg 290w\" sizes=\"auto, (max-width: 387px) 85vw, 387px\" \/><\/a><figcaption class=\"wp-element-caption\">Viktor Abel<br> <\/figcaption><\/figure>\n<\/div>\n\n<div class=\"wp-block-image\">\n<figure class=\"alignright size-large is-resized\"><a href=\"https:\/\/www.medienberatungev.org\/wp-content\/uploads\/2019\/11\/nilpferd_einauge1-e1573151400812.jpg\"><img loading=\"lazy\" decoding=\"async\" width=\"1024\" height=\"686\" src=\"https:\/\/www.medienberatungev.org\/wp-content\/uploads\/2019\/11\/nilpferd_einauge1-1024x686.jpg\" alt=\"Tier Nilpferd\" class=\"wp-image-10182\" style=\"width:113px;height:auto\"\/><\/a><figcaption class=\"wp-element-caption\">Zeichnung Helga Bachmann<\/figcaption><\/figure>\n<\/div>\n\n\n<p><\/p>\n\n\n\n<p><\/p>\n","protected":false},"excerpt":{"rendered":"<p>Pdf Abschrift 10 Kapitel Viktor Abel (I) Viktor Abel taucht im Scherl Adressbuch von 1929\/1930 mit der Berufsangabe Filmdramaturg und einer Anschrift in der Riehlstr. 11- in Berlin-Charlottenburg auf. 1931, ein Jahr sp\u00e4ter, ist Viktor Abel mit gleicher Berufsbezeichnung in Berlin-Zehlendorf, in der Lindenallee 4 im Scherl Adressbuch abgedruckt. 1930 gibt es in Berlin zehn &hellip; <a href=\"https:\/\/www.medienberatungev.org\/?p=17951\" class=\"more-link\"><span class=\"screen-reader-text\">\u201eApropos Viktor Abel (I)\u201c<\/span> weiterlesen<\/a><\/p>\n","protected":false},"author":2,"featured_media":0,"comment_status":"open","ping_status":"open","sticky":false,"template":"","format":"standard","meta":{"footnotes":""},"categories":[7496,2521,2520,2523,2153,2578,2008,2126,2398,2626,2409,2698,1988,4679,5875,2449,2037,2455,5665,5750,2359,199,1844,595,3306,6731,298,3456,5912,6535,3310,3285,2620,5648,8,1618,945,6306,3305,3276,6880,4377,10,826,49,1990,3479,7282,5913,488,3301,7305,6307,2171,4356,1,3186,5393,5394,6170,7422],"tags":[4321,7478,7488,3608,7500,7499,7472,7495,7473,7492,7493,7464,7465,7660,7487,1628,559,7486,7475,827,7661,7481,870,7498,7476,7662,7489,7497,7656,7469,7657,7655,7654,7658,7482,7479,7477,7467,7485,41,7463,286,7462,7461,7491,7490,7466,1974],"class_list":["post-17951","post","type-post","status-publish","format-standard","hentry","category-7496","category-2521","category-2520","category-2523","category-2153","category-2578","category-2008","category-2126","category-2398","category-2626","category-2409","category-2698","category-1988","category-4679","category-5875","category-2449","category-2037","category-2455","category-5665","category-5750","category-2359","category-berlin","category-berlin-buch","category-carl-laemmle","category-carl-laemmle-2","category-deutsche-sprache","category-deutscher-film","category-deutsches-fernsehen","category-drehbuchautor","category-dritten-reich","category-erich-maria-remark","category-erich-maria-remarque","category-film","category-film-kurier","category-filmkritik","category-fotografen","category-fotos","category-fritz-kuhnert-revisionsabteilung-ufa","category-hanns-brodnitz","category-im-westen-nicht-neues","category-im-westen-nichts-neues","category-karl-wolffsohn","category-kinogeschichte","category-licht-bild-buehne","category-lichtbildbuehne","category-lichtburg-kino","category-mallorca","category-niklas-frank","category-regisseur","category-reichsfluchtsteuer","category-remarque","category-restitution","category-revisionsabteilung-ufa","category-stolpersteine","category-theresienstadt","category-uncategorized","category-verlag-rudolf-mosse","category-zwangsarbeiter","category-zwangsarbeiterinnen","category-zweispaeltiges-hollywood","category-zwiespaeltiges-hollywood","tag-all-quiet-on-the-western-front","tag-alte-jakobstr-133","tag-blum-co","tag-carl-laemmle","tag-carl-laemmle-jr","tag-carl-laemmle-3","tag-carl-robert-blum","tag-der-bund-der-drei-2","tag-deutsches-pantentamt","tag-die-flucht-vor-der-liebe","tag-die-schmugglerbraut-von-mallorca","tag-dramaturg","tag-filmdramaturg","tag-filmmesstisch","tag-hans-steinhoff","tag-harry-piel","tag-im-westen-nichts-neues","tag-karl-ritter","tag-kiev-2","tag-kinemathograph","tag-kinotechnische-rundschau","tag-konrad-paul-rohnstein","tag-leipzig","tag-lewis-milestone","tag-lodz","tag-lotte-werkmeister","tag-luedtke","tag-max-bing","tag-rhythmobandes","tag-rhythmographie-gmbh","tag-rhythmoskop","tag-rhytmobandes","tag-rhytmonom","tag-rhytmoskop","tag-riehlstrasse-11","tag-rivalen","tag-scherl-adressbuch-berlin","tag-sensen-verlag","tag-spreewaldmaedel-2","tag-ufa","tag-ufa-chefdramaturg","tag-ukraine","tag-victor-abel","tag-viktor-abel","tag-vom-taeter-fehlt-jede-spur","tag-werner-jacobs","tag-wie-schreibt-man-einen-film","tag-wien"],"_links":{"self":[{"href":"https:\/\/www.medienberatungev.org\/index.php?rest_route=\/wp\/v2\/posts\/17951","targetHints":{"allow":["GET"]}}],"collection":[{"href":"https:\/\/www.medienberatungev.org\/index.php?rest_route=\/wp\/v2\/posts"}],"about":[{"href":"https:\/\/www.medienberatungev.org\/index.php?rest_route=\/wp\/v2\/types\/post"}],"author":[{"embeddable":true,"href":"https:\/\/www.medienberatungev.org\/index.php?rest_route=\/wp\/v2\/users\/2"}],"replies":[{"embeddable":true,"href":"https:\/\/www.medienberatungev.org\/index.php?rest_route=%2Fwp%2Fv2%2Fcomments&post=17951"}],"version-history":[{"count":130,"href":"https:\/\/www.medienberatungev.org\/index.php?rest_route=\/wp\/v2\/posts\/17951\/revisions"}],"predecessor-version":[{"id":30923,"href":"https:\/\/www.medienberatungev.org\/index.php?rest_route=\/wp\/v2\/posts\/17951\/revisions\/30923"}],"wp:attachment":[{"href":"https:\/\/www.medienberatungev.org\/index.php?rest_route=%2Fwp%2Fv2%2Fmedia&parent=17951"}],"wp:term":[{"taxonomy":"category","embeddable":true,"href":"https:\/\/www.medienberatungev.org\/index.php?rest_route=%2Fwp%2Fv2%2Fcategories&post=17951"},{"taxonomy":"post_tag","embeddable":true,"href":"https:\/\/www.medienberatungev.org\/index.php?rest_route=%2Fwp%2Fv2%2Ftags&post=17951"}],"curies":[{"name":"wp","href":"https:\/\/api.w.org\/{rel}","templated":true}]}}