{"id":1802,"date":"2016-08-27T21:00:13","date_gmt":"2016-08-27T21:00:13","guid":{"rendered":"http:\/\/www.medienberatungev.org\/?p=1802"},"modified":"2025-05-01T13:38:48","modified_gmt":"2025-05-01T13:38:48","slug":"die-wahrheit-ueber-agit-883","status":"publish","type":"post","link":"https:\/\/www.medienberatungev.org\/?p=1802","title":{"rendered":"Die Wahrheit \u00fcber Agit 883"},"content":{"rendered":"<p><a href=\"http:\/\/www.medienberatungev.org\/wp-content\/uploads\/2016\/08\/IMG_4539.jpg\"><img loading=\"lazy\" decoding=\"async\" class=\"alignleft size-full wp-image-1803\" src=\"http:\/\/www.medienberatungev.org\/wp-content\/uploads\/2016\/08\/IMG_4539.jpg\" alt=\"IMG_4539\" width=\"4000\" height=\"3000\" \/><\/a><a href=\"http:\/\/www.medienberatungev.org\/wp-content\/uploads\/2016\/08\/By-nc-sa_color.png\"><img loading=\"lazy\" decoding=\"async\" class=\"alignleft  wp-image-1755\" src=\"http:\/\/www.medienberatungev.org\/wp-content\/uploads\/2016\/08\/By-nc-sa_color.png\" alt=\"By-nc-sa_color\" width=\"113\" height=\"76\" srcset=\"https:\/\/www.medienberatungev.org\/wp-content\/uploads\/2016\/08\/By-nc-sa_color.png 720w, https:\/\/www.medienberatungev.org\/wp-content\/uploads\/2016\/08\/By-nc-sa_color-300x202.png 300w\" sizes=\"auto, (max-width: 113px) 85vw, 113px\" \/><\/a><\/p>\n<p>Foto Jens Meyer. Die Wahrheit \u00fcber 883. Peter Paul Zahl ist leider schon verstorben. Er hat ein paar B\u00fccher geschrieben und eins dass ich liebe: &#8222;Die Gl\u00fccklichen&#8220;. Er war Begr\u00fcnder der Untergrundzeitschrift: &#8222;Agit 883&#8220;, die ich auch sehr mochte. Nun kommt heraus (mit beiliegendem Foto) wie er auf den Namen der Zeitschrift damals gekommen ist. Fotografiert am: Sonnabend, d. 27. August 2016, bei Zigarrenmacher Otto Hartje vor der T\u00fcr. Alte K\u00f6nigsstrasse in Hamburg Altona.<\/p>\n\n<div class=\"wp-block-image\">\n<figure class=\"alignright size-large is-resized\"><a href=\"https:\/\/www.medienberatungev.org\/wp-content\/uploads\/2018\/08\/milpferd_einauge-e1671899244730.jpg\"><img loading=\"lazy\" decoding=\"async\" width=\"1024\" height=\"686\" src=\"https:\/\/www.medienberatungev.org\/wp-content\/uploads\/2018\/08\/milpferd_einauge-1024x686.jpg\" alt=\"\" class=\"wp-image-7687\" style=\"width:165px;height:auto\"\/><\/a><figcaption class=\"wp-element-caption\">Zeichnung Helga Bachmann<\/figcaption><\/figure>\n<\/div>","protected":false},"excerpt":{"rendered":"<p>Foto Jens Meyer. Die Wahrheit \u00fcber 883. Peter Paul Zahl ist leider schon verstorben. Er hat ein paar B\u00fccher geschrieben und eins dass ich liebe: &#8222;Die Gl\u00fccklichen&#8220;. Er war Begr\u00fcnder der Untergrundzeitschrift: &#8222;Agit 883&#8220;, die ich auch sehr mochte. Nun kommt heraus (mit beiliegendem Foto) wie er auf den Namen der Zeitschrift damals gekommen ist. &hellip; <a href=\"https:\/\/www.medienberatungev.org\/?p=1802\" class=\"more-link\"><span class=\"screen-reader-text\">\u201eDie Wahrheit \u00fcber Agit 883\u201c<\/span> weiterlesen<\/a><\/p>\n","protected":false},"author":2,"featured_media":0,"comment_status":"open","ping_status":"open","sticky":false,"template":"","format":"standard","meta":{"footnotes":""},"categories":[1302,945],"tags":[1509,1504,1506,461,909,1508,3697,908,1507],"class_list":["post-1802","post","type-post","status-publish","format-standard","hentry","category-bezirk-hamburg-altona","category-fotos","tag-1509","tag-agit-883","tag-alte-koenigsstrasse","tag-altona","tag-die-gluecklichen","tag-harley-davidson","tag-otto-hartje","tag-peter-paul-zahl","tag-zigarrenmacher"],"_links":{"self":[{"href":"https:\/\/www.medienberatungev.org\/index.php?rest_route=\/wp\/v2\/posts\/1802","targetHints":{"allow":["GET"]}}],"collection":[{"href":"https:\/\/www.medienberatungev.org\/index.php?rest_route=\/wp\/v2\/posts"}],"about":[{"href":"https:\/\/www.medienberatungev.org\/index.php?rest_route=\/wp\/v2\/types\/post"}],"author":[{"embeddable":true,"href":"https:\/\/www.medienberatungev.org\/index.php?rest_route=\/wp\/v2\/users\/2"}],"replies":[{"embeddable":true,"href":"https:\/\/www.medienberatungev.org\/index.php?rest_route=%2Fwp%2Fv2%2Fcomments&post=1802"}],"version-history":[{"count":5,"href":"https:\/\/www.medienberatungev.org\/index.php?rest_route=\/wp\/v2\/posts\/1802\/revisions"}],"predecessor-version":[{"id":29049,"href":"https:\/\/www.medienberatungev.org\/index.php?rest_route=\/wp\/v2\/posts\/1802\/revisions\/29049"}],"wp:attachment":[{"href":"https:\/\/www.medienberatungev.org\/index.php?rest_route=%2Fwp%2Fv2%2Fmedia&parent=1802"}],"wp:term":[{"taxonomy":"category","embeddable":true,"href":"https:\/\/www.medienberatungev.org\/index.php?rest_route=%2Fwp%2Fv2%2Fcategories&post=1802"},{"taxonomy":"post_tag","embeddable":true,"href":"https:\/\/www.medienberatungev.org\/index.php?rest_route=%2Fwp%2Fv2%2Ftags&post=1802"}],"curies":[{"name":"wp","href":"https:\/\/api.w.org\/{rel}","templated":true}]}}