{"id":18486,"date":"2022-07-24T12:10:25","date_gmt":"2022-07-24T12:10:25","guid":{"rendered":"https:\/\/www.medienberatungev.org\/?p=18486"},"modified":"2025-09-27T12:00:12","modified_gmt":"2025-09-27T12:00:12","slug":"abschrift-im-westen-nichts-neues-bedingt-zugelassen","status":"publish","type":"post","link":"https:\/\/www.medienberatungev.org\/?p=18486","title":{"rendered":"Abschrift: &#8218;Im Westen nichts Neues&#8216; bedingt zugelassen"},"content":{"rendered":"\n<p><strong>Zwei Meldungen aus dem Kinematograph vom 11. Juni 1931\/18. Juni 1931     <\/strong>              1) Im Westen nichts Neues  2) Rhythmographie<\/p>\n\n\n<p><a href=\"https:\/\/www.medienberatungev.org\/wp-content\/uploads\/2022\/07\/PDF-Zwei-Meldungen-aus-dem-Kinematograph-1931.pdf\">PDF Zwei Meldungen aus dem Kinematograph 1931<\/a><\/p>\n\n\n<p>Unter der \u00dcberschrift:<\/p>\n\n\n\n<p>&#8222;Im Westen nichts Neues&#8220; ist am Montag, dem 8. Juni (1931) erneut der Filmpr\u00fcfstelle Berlin vorgef\u00fchrt und von einer Kammer unter dem Vorsitz des Regierungsrats Zimmermann besichtigt worden. Beisitzer waren die Herren Dr. Kahlenberg, Wagner, Zoemspiel und Studienrat Z\u00e4h. Der Antrag wurde gestellt auf Grund der Novelle zum Lichtspielgesetz vom 8. April (1931). Der Antrag wurde von dem Rechtsanwalt Dr. Frankfurter begr\u00fcndet (Im Auftrag der Universal Film AG). <\/p>\n\n\n\n<p><strong>Antragsteller: Deutsche Universal A. G. <\/strong><\/p>\n\n\n\n<p class=\"has-drop-cap\">Als Vertreter der Herstellerfirma Universal waren anwesend: Generaldirektor <strong>Al<\/strong> <strong>Szekler<\/strong> sowie die Herren Spiegel und Bruck. Nach zweist\u00fcndiger Beratung hat die Kammer folgende Entscheidung gef\u00e4llt:<\/p>\n\n\n\n<p>Der Bildstreifen wird zur Vorf\u00fchrung im Deutschen Reich zugelassen, darf jedoch nur von gesetzgebenden K\u00f6rperschaften des Reiches und der L\u00e4nder in geschlossenen Veranstaltungen der nachstehend genannten Organisationen vorgef\u00fchrt werden, zu denen nur Mitglieder dieser Organisationen und deren Familienangeh\u00f6rigen Zutritt haben und deren Vorst\u00e4nde einen ordnungsgem\u00e4\u00dfen Verlauf der Veranstaltungen gew\u00e4hrleisten:<\/p>\n\n\n\n<p>1) Verb\u00e4nde und Vereinigungen ehemaliger Kriegsteilnehmer, die     Kriegsbesch\u00e4digten und Kriegerhinterbliebenen,<\/p>\n\n\n\n<p>2) Verb\u00e4nde, Arbeitsgemeinschaften und andere Vereinigungen, die dem Zweck des internationalen Friedens dienen,<\/p>\n\n\n\n<p>3) Berufsverb\u00e4nde, Berufsvereinigungen, Standes- und Bildungsvereinen.<\/p>\n\n\n\n<p>Ausgeschlossen sind Vereine, die sich zum Zwecke der Vorf\u00fchrung des Bildstreifens bilden. Vor Jugendlichen darf der Bildstreifen auch im Rahmen der vorstehend bezeichneten Veranstaltungen nicht vorgef\u00fchrt werden .<\/p>\n\n\n\n<p><strong>Rhythmographie Arbeiten<\/strong>                                                                                                             Am 18. Juni 1931 berichtet der Kinematograph: Rhythmographie Arbeiten.<\/p>\n\n\n\n<p>Die Rhythmographie &#8211; G.m.b.H. hat die englische Version des Trenker Filmes &#8222;Der Sohn der wei\u00dfen Berge&#8220; f\u00fcr Universal fertig gestellt. Ebenso die deutsche Fassung des amerikanischen Tonfilmes &#8222;Auferstehung&#8220;. F\u00fcr Radio Pictures wird die deutsche Fassung von &#8222;Cimarron&#8220; hergestellt. Von &#8222;Fra Diavolo&#8220; mit Tino Pattiera bringt Rhythmographie eine englische Fassung heraus. (18. Juni 1931 Nr. 139 ) (erscheint sechs mal w\u00f6chentlich)<\/p>\n\n\n<div class=\"wp-block-image\">\n<figure class=\"alignleft size-full is-resized\"><a href=\"https:\/\/www.medienberatungev.org\/wp-content\/uploads\/2025\/09\/Eintrittskarte_fuer_eine_Auffuehrung_als_geschlossene_Veranstaltung_Berlin_1931-1024x755-1.jpg\"><img loading=\"lazy\" decoding=\"async\" width=\"1024\" height=\"755\" src=\"https:\/\/www.medienberatungev.org\/wp-content\/uploads\/2025\/09\/Eintrittskarte_fuer_eine_Auffuehrung_als_geschlossene_Veranstaltung_Berlin_1931-1024x755-1.jpg\" alt=\"\" class=\"wp-image-30992\" style=\"width:153px;height:auto\" srcset=\"https:\/\/www.medienberatungev.org\/wp-content\/uploads\/2025\/09\/Eintrittskarte_fuer_eine_Auffuehrung_als_geschlossene_Veranstaltung_Berlin_1931-1024x755-1.jpg 1024w, https:\/\/www.medienberatungev.org\/wp-content\/uploads\/2025\/09\/Eintrittskarte_fuer_eine_Auffuehrung_als_geschlossene_Veranstaltung_Berlin_1931-1024x755-1-300x221.jpg 300w, https:\/\/www.medienberatungev.org\/wp-content\/uploads\/2025\/09\/Eintrittskarte_fuer_eine_Auffuehrung_als_geschlossene_Veranstaltung_Berlin_1931-1024x755-1-768x566.jpg 768w\" sizes=\"auto, (max-width: 709px) 85vw, (max-width: 909px) 67vw, (max-width: 1362px) 62vw, 840px\" \/><\/a><\/figure>\n<\/div>\n\n\n<p><\/p>\n\n\n<div class=\"wp-block-image\">\n<figure class=\"alignleft size-full is-resized\"><a href=\"https:\/\/www.medienberatungev.org\/wp-content\/uploads\/2022\/07\/ViktorAbel68789_ca_object_representations_media_57812_medium.jpg\"><img loading=\"lazy\" decoding=\"async\" width=\"387\" height=\"400\" src=\"https:\/\/www.medienberatungev.org\/wp-content\/uploads\/2022\/07\/ViktorAbel68789_ca_object_representations_media_57812_medium.jpg\" alt=\"\" class=\"wp-image-17972\" style=\"width:150px;height:155px\" srcset=\"https:\/\/www.medienberatungev.org\/wp-content\/uploads\/2022\/07\/ViktorAbel68789_ca_object_representations_media_57812_medium.jpg 387w, https:\/\/www.medienberatungev.org\/wp-content\/uploads\/2022\/07\/ViktorAbel68789_ca_object_representations_media_57812_medium-290x300.jpg 290w\" sizes=\"auto, (max-width: 387px) 85vw, 387px\" \/><\/a><figcaption class=\"wp-element-caption\">Dramaturg Viktor Abel<\/figcaption><\/figure>\n<\/div>\n\n<div class=\"wp-block-image\">\n<figure class=\"alignright size-full is-resized\"><a href=\"https:\/\/www.medienberatungev.org\/wp-content\/uploads\/2022\/07\/IMG_9141CarRobertBlumklein2.jpg\"><img loading=\"lazy\" decoding=\"async\" width=\"800\" height=\"800\" src=\"https:\/\/www.medienberatungev.org\/wp-content\/uploads\/2022\/07\/IMG_9141CarRobertBlumklein2.jpg\" alt=\"\" class=\"wp-image-18070\" style=\"width:117px;height:117px\" srcset=\"https:\/\/www.medienberatungev.org\/wp-content\/uploads\/2022\/07\/IMG_9141CarRobertBlumklein2.jpg 800w, https:\/\/www.medienberatungev.org\/wp-content\/uploads\/2022\/07\/IMG_9141CarRobertBlumklein2-300x300.jpg 300w, https:\/\/www.medienberatungev.org\/wp-content\/uploads\/2022\/07\/IMG_9141CarRobertBlumklein2-150x150.jpg 150w, https:\/\/www.medienberatungev.org\/wp-content\/uploads\/2022\/07\/IMG_9141CarRobertBlumklein2-768x768.jpg 768w\" sizes=\"auto, (max-width: 709px) 85vw, (max-width: 909px) 67vw, (max-width: 984px) 61vw, (max-width: 1362px) 45vw, 600px\" \/><\/a><figcaption class=\"wp-element-caption\">Erfinder Carl Robert Blum<\/figcaption><\/figure>\n<\/div>\n\n<div class=\"wp-block-image\">\n<figure class=\"alignleft size-large is-resized\"><a href=\"https:\/\/www.medienberatungev.org\/wp-content\/uploads\/2022\/07\/UmSchlagBuchAbel.jpg\"><img loading=\"lazy\" decoding=\"async\" width=\"634\" height=\"1024\" src=\"https:\/\/www.medienberatungev.org\/wp-content\/uploads\/2022\/07\/UmSchlagBuchAbel-634x1024.jpg\" alt=\"\" class=\"wp-image-17967\" style=\"width:88px;height:142px\"\/><\/a><\/figure>\n<\/div>\n\n\n<p><\/p>\n\n\n\n<p><\/p>\n\n\n\n<p><\/p>\n\n\n\n<p><\/p>\n","protected":false},"excerpt":{"rendered":"<p>Zwei Meldungen aus dem Kinematograph vom 11. Juni 1931\/18. Juni 1931 1) Im Westen nichts Neues 2) Rhythmographie PDF Zwei Meldungen aus dem Kinematograph 1931 Unter der \u00dcberschrift: &#8222;Im Westen nichts Neues&#8220; ist am Montag, dem 8. Juni (1931) erneut der Filmpr\u00fcfstelle Berlin vorgef\u00fchrt und von einer Kammer unter dem Vorsitz des Regierungsrats Zimmermann besichtigt &hellip; <a href=\"https:\/\/www.medienberatungev.org\/?p=18486\" class=\"more-link\"><span class=\"screen-reader-text\">\u201eAbschrift: &#8218;Im Westen nichts Neues&#8216; bedingt zugelassen\u201c<\/span> weiterlesen<\/a><\/p>\n","protected":false},"author":2,"featured_media":0,"comment_status":"open","ping_status":"open","sticky":false,"template":"","format":"standard","meta":{"footnotes":""},"categories":[199,2948,298,3310,3285,3305,4514,5,4273,6,3276,6880,1049,10,1729,5633,826,49,45,2176,3322,2218,2213,3301,1878,1687,4937,1,2456,2378,2947,3186,6649,7253,6170,7422],"tags":[7640,7646,7652,7642,7645,7647,7644,1824,7115,4322,7636,3446,7635,7643,7469,387,7639,7638,3570,7637],"class_list":["post-18486","post","type-post","status-publish","format-standard","hentry","category-berlin","category-deutsche","category-deutscher-film","category-erich-maria-remark","category-erich-maria-remarque","category-hanns-brodnitz","category-henschel","category-henschel-film-konzern","category-henschel-film-und-theaterkonzern-ohg","category-im-kino","category-im-westen-nicht-neues","category-im-westen-nichts-neues","category-kinobesitzer","category-kinogeschichte","category-lbb","category-lebende-photographien","category-licht-bild-buehne","category-lichtbildbuehne","category-nsdap","category-original-kinematograph","category-osnabrueck","category-regierungsdirektor","category-regierungsrat","category-remarque","category-spiegel-2","category-ufa-2","category-ufa-palast","category-uncategorized","category-universal-film-sa-brasilien","category-universal-film-studios","category-verein","category-verlag-rudolf-mosse","category-vossische-zeitung","category-zensur","category-zweispaeltiges-hollywood","category-zwiespaeltiges-hollywood","tag-al-szekler","tag-auferstehung","tag-bildstreifen","tag-bruck","tag-der-sohn-der-weissen-berge","tag-deutsche-universal","tag-filmpruefsstelle-berlin","tag-frankfurter","tag-generaldirektor","tag-im-westen-nicht-neues","tag-kahlenberg","tag-kinematograph","tag-regierungsrat-zimmermann","tag-rhythmographie","tag-rhythmographie-gmbh","tag-spiegel","tag-studienrrat-zaeh","tag-zaeh","tag-zimmermann","tag-zoemspiel"],"_links":{"self":[{"href":"https:\/\/www.medienberatungev.org\/index.php?rest_route=\/wp\/v2\/posts\/18486","targetHints":{"allow":["GET"]}}],"collection":[{"href":"https:\/\/www.medienberatungev.org\/index.php?rest_route=\/wp\/v2\/posts"}],"about":[{"href":"https:\/\/www.medienberatungev.org\/index.php?rest_route=\/wp\/v2\/types\/post"}],"author":[{"embeddable":true,"href":"https:\/\/www.medienberatungev.org\/index.php?rest_route=\/wp\/v2\/users\/2"}],"replies":[{"embeddable":true,"href":"https:\/\/www.medienberatungev.org\/index.php?rest_route=%2Fwp%2Fv2%2Fcomments&post=18486"}],"version-history":[{"count":36,"href":"https:\/\/www.medienberatungev.org\/index.php?rest_route=\/wp\/v2\/posts\/18486\/revisions"}],"predecessor-version":[{"id":30993,"href":"https:\/\/www.medienberatungev.org\/index.php?rest_route=\/wp\/v2\/posts\/18486\/revisions\/30993"}],"wp:attachment":[{"href":"https:\/\/www.medienberatungev.org\/index.php?rest_route=%2Fwp%2Fv2%2Fmedia&parent=18486"}],"wp:term":[{"taxonomy":"category","embeddable":true,"href":"https:\/\/www.medienberatungev.org\/index.php?rest_route=%2Fwp%2Fv2%2Fcategories&post=18486"},{"taxonomy":"post_tag","embeddable":true,"href":"https:\/\/www.medienberatungev.org\/index.php?rest_route=%2Fwp%2Fv2%2Ftags&post=18486"}],"curies":[{"name":"wp","href":"https:\/\/api.w.org\/{rel}","templated":true}]}}