{"id":18713,"date":"2022-08-01T10:26:17","date_gmt":"2022-08-01T10:26:17","guid":{"rendered":"https:\/\/www.medienberatungev.org\/?p=18713"},"modified":"2025-07-17T08:02:33","modified_gmt":"2025-07-17T08:02:33","slug":"briefe-an-wiebeke-xxv-apropos-oskar-dankner","status":"publish","type":"post","link":"https:\/\/www.medienberatungev.org\/?p=18713","title":{"rendered":"Briefe an Wiebeke (XXIV-24) Apropos Oskar Dankner"},"content":{"rendered":"\n<p><strong>Briefe an Wiebeke (XXIV) \u00fcber Oskar Dankner<\/strong><\/p>\n\n\n<div class=\"wp-block-image is-resized\">\n<figure class=\"alignright size-full\"><a href=\"https:\/\/www.medienberatungev.org\/wp-content\/uploads\/2022\/06\/Roemische-Zahlen-am-Heck.jpg\"><img loading=\"lazy\" decoding=\"async\" width=\"220\" height=\"330\" src=\"https:\/\/www.medienberatungev.org\/wp-content\/uploads\/2022\/06\/Roemische-Zahlen-am-Heck.jpg\" alt=\"Romische Zahlen am BUG\" class=\"wp-image-17347\" srcset=\"https:\/\/www.medienberatungev.org\/wp-content\/uploads\/2022\/06\/Roemische-Zahlen-am-Heck.jpg 220w, https:\/\/www.medienberatungev.org\/wp-content\/uploads\/2022\/06\/Roemische-Zahlen-am-Heck-200x300.jpg 200w\" sizes=\"auto, (max-width: 220px) 85vw, 220px\" \/><\/a><\/figure>\n<\/div>\n\n\n<p>Hallo Wiebeke,<\/p>\n\n\n<p><a href=\"https:\/\/www.medienberatungev.org\/wp-content\/uploads\/2022\/08\/Briefe-an-Wiebeke-XXV.pdf\">PDF Briefe an Wiebeke (XXIV)<\/a><\/p>\n\n<div class=\"wp-block-image\">\n<figure class=\"alignleft size-full is-resized\"><a href=\"https:\/\/www.medienberatungev.org\/wp-content\/uploads\/2025\/07\/IMG_0759kleinLeica-1934.jpg\"><img loading=\"lazy\" decoding=\"async\" width=\"800\" height=\"600\" src=\"https:\/\/www.medienberatungev.org\/wp-content\/uploads\/2025\/07\/IMG_0759kleinLeica-1934.jpg\" alt=\"\" class=\"wp-image-30411\" style=\"width:174px;height:auto\" srcset=\"https:\/\/www.medienberatungev.org\/wp-content\/uploads\/2025\/07\/IMG_0759kleinLeica-1934.jpg 800w, https:\/\/www.medienberatungev.org\/wp-content\/uploads\/2025\/07\/IMG_0759kleinLeica-1934-300x225.jpg 300w, https:\/\/www.medienberatungev.org\/wp-content\/uploads\/2025\/07\/IMG_0759kleinLeica-1934-768x576.jpg 768w\" sizes=\"auto, (max-width: 709px) 85vw, (max-width: 909px) 67vw, (max-width: 984px) 61vw, (max-width: 1362px) 45vw, 600px\" \/><\/a><figcaption class=\"wp-element-caption\">Schaufenster von Foto Wannack, Neanderstra\u00dfe 27, 20459 Hamburg. 14. Juli 2025. Foto Jens Meyer<\/figcaption><\/figure>\n<\/div>\n\n\n<p>wir beide wissen: Dummheit ist international. Das ist sicher keine neue Erkenntnis. Aber wenn dann an mein Ohr dringt, ein Russischer Minister h\u00e4tte grade in Israel vor laufenden Kameras, etwas davon gefaselt, dass Hitler j\u00fcdisches Blut gehabt h\u00e4tte, dann bin ich doch \u00fcberrascht.<\/p>\n\n\n\n<p>\u00dcberrascht vor so viel Dummheit von einem angeblichen Mitglied der Russischen Elite. Mal abgesehen davon, da\u00df Hitlervergleiche einem Russischen Minister nicht zustehen, der soll gef\u00e4lligst seine eigenen Massenm\u00f6rder f\u00fcr solche Vergleiche heranziehen. Daran ist ja auch in Ru\u00dfland kein Mangel.<\/p>\n\n\n\n<p>Und warum immer gerade Hitler? Und dann auch noch das \u00bbj\u00fcdische Blut\u00ab, das da vergossen wird? Wie war das noch mit dem Eispickel in Mexiko? Da w\u00e4ren doch Stalinvergleiche viel passender gewesen. Aber das w\u00fcrden die Untertanen in der Heimat wieder nicht verstehen. Ich rate daher: \u00bbH\u00e4nde weg von den Hitlerblutsvergleichen\u00ab.<\/p>\n\n\n\n<p>Auf die Gefahr hin mich zu wiederholen, \u00fcbrigens eine Gefahr in die ich mich immer wieder gerne begebe: Wie dumm mu\u00df dieser Mensch sein, so etwas auch noch vor laufenden Kameras und das auch noch in Israel \u00f6ffentlich und nicht heimlich preis zu geben.<\/p>\n\n\n\n<p>Da k\u00f6nnte man doch glatt auf die Idee kommen, das sie zwar einen Sputnik in den Weltraum und zum impfen schicken k\u00f6nnen, aber das mit den Blutgruppen der Menschheit scheint noch nicht bis in den Kreml gelangt zu sein. Einmal Blut spenden und man wei\u00df f\u00fcr immer, welche Blutgruppe man wirklich hat.             (z. B.:  A  Rh  p0sitiv,  im deutschen Impfpass der WHO auf Seite 18)<\/p>\n\n\n\n<p>Und schon, schwupps hat mich der Dummkopf von Minister aus Ru\u00dfland in unsere eigene Geschichte zur\u00fcck geworfen. Ich habe tats\u00e4chlich nicht recherchiert, ob die Worte \u00bbBlutschande\u00ab und \u00bbRassenschande\u00ab wirklich von den Nazis erfunden wurden. Als Erfinder sind sie ja eher nicht in die Geschichte eingegangen.<\/p>\n\n\n<div class=\"wp-block-image\">\n<figure class=\"alignleft size-full is-resized\"><a href=\"https:\/\/www.medienberatungev.org\/wp-content\/uploads\/2024\/11\/Screenshot-2024-11-17-at-15-14-42-FX302_1908_CuxHel_0001.jpg-JPEG-Grafik-1600-\u00d7-2110-Pixel-Skaliert-38_.png\"><img loading=\"lazy\" decoding=\"async\" width=\"463\" height=\"661\" src=\"https:\/\/www.medienberatungev.org\/wp-content\/uploads\/2024\/11\/Screenshot-2024-11-17-at-15-14-42-FX302_1908_CuxHel_0001.jpg-JPEG-Grafik-1600-\u00d7-2110-Pixel-Skaliert-38_.png\" alt=\"\" class=\"wp-image-27808\" style=\"width:80px;height:auto\" srcset=\"https:\/\/www.medienberatungev.org\/wp-content\/uploads\/2024\/11\/Screenshot-2024-11-17-at-15-14-42-FX302_1908_CuxHel_0001.jpg-JPEG-Grafik-1600-\u00d7-2110-Pixel-Skaliert-38_.png 463w, https:\/\/www.medienberatungev.org\/wp-content\/uploads\/2024\/11\/Screenshot-2024-11-17-at-15-14-42-FX302_1908_CuxHel_0001.jpg-JPEG-Grafik-1600-\u00d7-2110-Pixel-Skaliert-38_-210x300.png 210w\" sizes=\"auto, (max-width: 463px) 85vw, 463px\" \/><\/a><\/figure>\n<\/div>\n\n\n<p>Ja, Oskar Dankner ist ein ber\u00fchmter Mann. Die ganze Welt kennt ihn. Seinen Namen dagegen kennen nur Wenige. Geboren wurde er am 10. 04. 1890 in Podhajczeyki. Das geh\u00f6rte 1890 zu \u00d6sterreich Ungarn. Auf den ersten Blick ist er also ein ungarischer \u00d6sterreicher.<\/p>\n\n\n\n<p>Heute liegt Podhajczeyki in Polen, 330 km s\u00fcd\u00f6stlich von Warschau an der Grenze zur Ukraine. Die deutsche Staatsb\u00fcrgerschaft hat er nicht bekommen, vielleicht auch nicht gewollt. Das hat mir die Cuxhavener Historikerin Frauke Dettmer verraten. Die, die jetzt in Rendsburg wohnt, wohin ja auch Frau He\u00dfberg verzogen war. Du erinnerst Dich?<\/p>\n\n\n\n<p>Jedenfalls hatte der Geburtsort von Oskar Dankner zur Folge, das er abwechselnd als \u00d6sterrreicher, Tschechoslowake oder Pole bezeichnet wurde und wird. Manche schreiben auch einfach nur Galizien. Hauptsache Ausl\u00e4nder.<\/p>\n\n\n\n<p>Da aber die Tschechoslowakei erst am 20. Oktober 1918 an den Start geschickt wurde, ist Oskar Dankner diesem Staat am wenigsten zuzuordnen. Von seinem Lebensweg bevor er 1920 nach Cuxhaven \u00fcbersiedelte ist wenig bekannt. Er hatte vorher in G\u00f6rlitz gewohnt. Vermutlich war er relativ wohlhabend.<\/p>\n\n\n\n<p>Denn es war ihm immerhin m\u00f6glich von Emmeline Wist das Grundst\u00fcck in der Deichstra\u00dfe 20 in Cuxhaven zu kaufen. Darauf ein Geb\u00e4ude mit mehreren Wohnungen, einem Laden und einem gro\u00dfen Kino. Der Kaufpreis ist unbekannt. Natuerlich.<\/p>\n\n\n\n<p>Der Eintrag im Reichs-Kino-Adressbuch lautete 1927: \u00bbCuxhavener Lichtspielhaus, Deichstra\u00dfe 20, F: 64, Gr: 1910, t\u00e4glich, H, V, S, . . . 375 I: Oscar Dankner, ebenda\u00ab.<\/p>\n\n\n<div class=\"wp-block-image\">\n<figure class=\"alignleft size-full\"><a href=\"https:\/\/www.medienberatungev.org\/wp-content\/uploads\/2022\/08\/Screenshot-2024-11-17-at-18-17-14-FX302_1934_CuxRitzeb_0306.jpg-JPEG-Grafik-1600-\u00d7-2680-Pixel-Skaliert-30.png\"><img loading=\"lazy\" decoding=\"async\" width=\"233\" height=\"458\" src=\"https:\/\/www.medienberatungev.org\/wp-content\/uploads\/2022\/08\/Screenshot-2024-11-17-at-18-17-14-FX302_1934_CuxRitzeb_0306.jpg-JPEG-Grafik-1600-\u00d7-2680-Pixel-Skaliert-30.png\" alt=\"\" class=\"wp-image-27804\" srcset=\"https:\/\/www.medienberatungev.org\/wp-content\/uploads\/2022\/08\/Screenshot-2024-11-17-at-18-17-14-FX302_1934_CuxRitzeb_0306.jpg-JPEG-Grafik-1600-\u00d7-2680-Pixel-Skaliert-30.png 233w, https:\/\/www.medienberatungev.org\/wp-content\/uploads\/2022\/08\/Screenshot-2024-11-17-at-18-17-14-FX302_1934_CuxRitzeb_0306.jpg-JPEG-Grafik-1600-\u00d7-2680-Pixel-Skaliert-30-153x300.png 153w\" sizes=\"auto, (max-width: 233px) 85vw, 233px\" \/><\/a><\/figure>\n<\/div>\n\n\n<p>Ich hatte lange nach den Bedeutungen der Abk\u00fcrzungen im Reichs-Kino-Adressbuch gesucht und herumtelefoniert. Gr: und I: konnte ich mir erkl\u00e4ren. Aber was bedeutete: H, Kapp, V, R, S ? Ich stelle fest: Alle, die das h\u00e4tten beantworten k\u00f6nnen sind schon tot. Zu den von mir befragten Kinobesitzern geh\u00f6rte auch einer, dessen Vater und Gro\u00dfvater schon Kinos besessen hatten. Selbst da: Fehlanzeige. Schlie\u00dflich hilft mir wieder nur die neuzeitliche Suchmaschine. Im Netz finde ich auch die Legende des Reichs-Kino-Adressbuches und gebe hiermit Kund und zu Wissen, was eigentlich keiner wissen will. Die Abk\u00fcrzungen, die auch in der Lichtbildb\u00fchne (LBB) Verwendung finden sind:<\/p>\n\n\n\n<p>F = Fernsprecher, Gr. = Gr\u00fcndungsdatum, H = Handelsgerichtlich eingetragen, R = Mitglied des Reichsverbandes Deutscher Lichtspieltheater-Besitzer e. V., V = Variet\u00e9 und S = Singspiel-Konzession, B = B\u00fchnengr\u00f6\u00dfe, Kap. = Kapelle, T.F. = Tonfilm-Einrichtung, P = P\u00e4chter, Gf = Gesch\u00e4ftsf\u00fchrer. Die Zahlen bei den einzelnen Theatern geben die Anzahl der Sitzpl\u00e4tze an; dahinter ist die Spielart, bzw. die Zahl der w\u00f6chentlichen Spieltage vermerkt. Die Hafensiedlung Cuxhaven und das Amt Ritzeb\u00fcttel geh\u00f6rten seit dem 31. Juli 1394 zu Hamburg. 1927 hat Cuxhaven 20.000 Einwohner. Und nun kommst Du, J.<\/p>\n\n\n<div class=\"wp-block-image is-resized\">\n<figure class=\"alignright size-full\"><a href=\"https:\/\/www.medienberatungev.org\/wp-content\/uploads\/2024\/04\/Scan-BirgitWalter-Lindemann-rotated.jpeg\"><img loading=\"lazy\" decoding=\"async\" width=\"279\" height=\"406\" src=\"https:\/\/www.medienberatungev.org\/wp-content\/uploads\/2024\/04\/Scan-BirgitWalter-Lindemann-rotated.jpeg\" alt=\"\" class=\"wp-image-26234\" srcset=\"https:\/\/www.medienberatungev.org\/wp-content\/uploads\/2024\/04\/Scan-BirgitWalter-Lindemann-rotated.jpeg 279w, https:\/\/www.medienberatungev.org\/wp-content\/uploads\/2024\/04\/Scan-BirgitWalter-Lindemann-206x300.jpeg 206w\" sizes=\"auto, (max-width: 279px) 85vw, 279px\" \/><\/a><figcaption class=\"wp-element-caption\">Polizeiinspektor Walter Lindemann (4. August 1887-8. Januar 1971) (Das Foto wurde uns von Birgit Heidsiek zur Verf\u00fcgung gestellt) <\/figcaption><\/figure>\n<\/div>\n\n\n<p>Ich hatte da noch was herausbekommen: Die Enkelin hatte es mir erz\u00e4hlt. Da gab es ja in Cuxhaven, im Amt Ritzeb\u00fcttel, das damals noch zu Hamburg geh\u00f6rte, einen mutigen Polizisten. Das war ihr Opa. Endlich mal kann eine Enkelin auf ihren Opa stolz sein. Das kommt ja nicht so oft vor: Der Polizei Inspektor Walter Lindeman (4. August 1887-8. Januar 1971) hat den Spie\u00dfrutenlauf aufgel\u00f6st. Damit hat er sich auch den  Befehlen des Preussischen Innenministers Hermann G\u00f6ring widersetzt, und dazu geh\u00f6rte sicher eine Portion Mut, J.<\/p>\n\n\n<div class=\"wp-block-image is-resized\">\n<figure class=\"aligncenter size-full\"><a href=\"https:\/\/www.medienberatungev.org\/wp-content\/uploads\/2024\/04\/StolpersteinOskarDankner.jpg\"><img loading=\"lazy\" decoding=\"async\" width=\"800\" height=\"600\" src=\"https:\/\/www.medienberatungev.org\/wp-content\/uploads\/2024\/04\/StolpersteinOskarDankner.jpg\" alt=\"\" class=\"wp-image-26333\" srcset=\"https:\/\/www.medienberatungev.org\/wp-content\/uploads\/2024\/04\/StolpersteinOskarDankner.jpg 800w, https:\/\/www.medienberatungev.org\/wp-content\/uploads\/2024\/04\/StolpersteinOskarDankner-300x225.jpg 300w, https:\/\/www.medienberatungev.org\/wp-content\/uploads\/2024\/04\/StolpersteinOskarDankner-768x576.jpg 768w\" sizes=\"auto, (max-width: 709px) 85vw, (max-width: 909px) 67vw, (max-width: 984px) 61vw, (max-width: 1362px) 45vw, 600px\" \/><\/a><figcaption class=\"wp-element-caption\">Stolperstein f\u00fcr Oskar Dankner in Cuxhaven Deichstra\u00dfe 20. Foto von Birgit Heidsiek<\/figcaption><\/figure>\n<\/div>\n\n<div class=\"wp-block-image is-resized\">\n<figure class=\"alignright size-full\"><a href=\"https:\/\/www.medienberatungev.org\/wp-content\/uploads\/2022\/06\/NilpferdAugenoffen.jpg\"><img decoding=\"async\" src=\"https:\/\/www.medienberatungev.org\/wp-content\/uploads\/2022\/06\/NilpferdAugenoffen.jpg\" alt=\"\" class=\"wp-image-17278\" style=\"width:175px;height:auto\"\/><\/a><figcaption class=\"wp-element-caption\">Zeichnung Helga Bachmann<\/figcaption><\/figure>\n<\/div>\n\n\n<figure class=\"wp-block-image size-full is-resized\"><a href=\"https:\/\/www.medienberatungev.org\/wp-content\/uploads\/2016\/08\/By-nc-sa_color.png\"><img loading=\"lazy\" decoding=\"async\" width=\"720\" height=\"486\" src=\"https:\/\/www.medienberatungev.org\/wp-content\/uploads\/2016\/08\/By-nc-sa_color.png\" alt=\"Creative commons.org\" class=\"wp-image-1755\" style=\"width:118px;height:auto\" srcset=\"https:\/\/www.medienberatungev.org\/wp-content\/uploads\/2016\/08\/By-nc-sa_color.png 720w, https:\/\/www.medienberatungev.org\/wp-content\/uploads\/2016\/08\/By-nc-sa_color-300x202.png 300w\" sizes=\"auto, (max-width: 709px) 85vw, (max-width: 909px) 67vw, (max-width: 984px) 61vw, (max-width: 1362px) 45vw, 600px\" \/><\/a><figcaption class=\"wp-element-caption\">cc<\/figcaption><\/figure>\n\n\n\n<p><\/p>\n","protected":false},"excerpt":{"rendered":"<p>Briefe an Wiebeke (XXIV) \u00fcber Oskar Dankner Hallo Wiebeke, PDF Briefe an Wiebeke (XXIV) wir beide wissen: Dummheit ist international. Das ist sicher keine neue Erkenntnis. Aber wenn dann an mein Ohr dringt, ein Russischer Minister h\u00e4tte grade in Israel vor laufenden Kameras, etwas davon gefaselt, dass Hitler j\u00fcdisches Blut gehabt h\u00e4tte, dann bin ich &hellip; <a href=\"https:\/\/www.medienberatungev.org\/?p=18713\" class=\"more-link\"><span class=\"screen-reader-text\">\u201eBriefe an Wiebeke (XXIV-24) Apropos Oskar Dankner\u201c<\/span> weiterlesen<\/a><\/p>\n","protected":false},"author":2,"featured_media":0,"comment_status":"open","ping_status":"open","sticky":false,"template":"","format":"standard","meta":{"footnotes":""},"categories":[2698,1988,4679,5875,2449,2037,2455,5665,6275,6278,519,69,7374,650,298,2489,2620,5648,9198,1245,945,6443,4665,4511,1049,10,826,6690,1,9197,2679],"tags":[9196,7713,7714,9619,7707,7712,7706,3733,3551,7705,7710,7709,3914,7708,7711,9195],"class_list":["post-18713","post","type-post","status-publish","format-standard","hentry","category-2698","category-1988","category-4679","category-5875","category-2449","category-2037","category-2455","category-5665","category-35-mm-film","category-35-mm-projektoren","category-antisemitismus","category-arisierung","category-cuxhaven","category-deutsche-filme","category-deutscher-film","category-deutsches-reich","category-film","category-film-kurier","category-fotoarchiv-birgi-heidsiek","category-fotoarchiv-jens-meyer","category-fotos","category-geschichte-des-films","category-hamburger-kinos","category-juden","category-kinobesitzer","category-kinogeschichte","category-licht-bild-buehne","category-stalin","category-uncategorized","category-walter-lindemann","category-warschau","tag-birgit-heidsiek","tag-cuxhavener-lichtspielhaus","tag-deichstrasse","tag-dettmer","tag-dummheit-ist-international","tag-emmeline-wist","tag-frauke-dettmer","tag-lbb","tag-lichtbildbuehne","tag-oskar-dankner","tag-oesterreich-ungarn","tag-podhajczeyki","tag-polen","tag-sputnik","tag-tschechoslowake","tag-walter-lindemann"],"_links":{"self":[{"href":"https:\/\/www.medienberatungev.org\/index.php?rest_route=\/wp\/v2\/posts\/18713","targetHints":{"allow":["GET"]}}],"collection":[{"href":"https:\/\/www.medienberatungev.org\/index.php?rest_route=\/wp\/v2\/posts"}],"about":[{"href":"https:\/\/www.medienberatungev.org\/index.php?rest_route=\/wp\/v2\/types\/post"}],"author":[{"embeddable":true,"href":"https:\/\/www.medienberatungev.org\/index.php?rest_route=\/wp\/v2\/users\/2"}],"replies":[{"embeddable":true,"href":"https:\/\/www.medienberatungev.org\/index.php?rest_route=%2Fwp%2Fv2%2Fcomments&post=18713"}],"version-history":[{"count":41,"href":"https:\/\/www.medienberatungev.org\/index.php?rest_route=\/wp\/v2\/posts\/18713\/revisions"}],"predecessor-version":[{"id":30425,"href":"https:\/\/www.medienberatungev.org\/index.php?rest_route=\/wp\/v2\/posts\/18713\/revisions\/30425"}],"wp:attachment":[{"href":"https:\/\/www.medienberatungev.org\/index.php?rest_route=%2Fwp%2Fv2%2Fmedia&parent=18713"}],"wp:term":[{"taxonomy":"category","embeddable":true,"href":"https:\/\/www.medienberatungev.org\/index.php?rest_route=%2Fwp%2Fv2%2Fcategories&post=18713"},{"taxonomy":"post_tag","embeddable":true,"href":"https:\/\/www.medienberatungev.org\/index.php?rest_route=%2Fwp%2Fv2%2Ftags&post=18713"}],"curies":[{"name":"wp","href":"https:\/\/api.w.org\/{rel}","templated":true}]}}