{"id":1881,"date":"2016-09-28T19:39:52","date_gmt":"2016-09-28T19:39:52","guid":{"rendered":"http:\/\/www.medienberatungev.org\/?p=1881"},"modified":"2025-05-02T08:23:15","modified_gmt":"2025-05-02T08:23:15","slug":"27-september-2016-axel-springer-wird-abgerissen","status":"publish","type":"post","link":"https:\/\/www.medienberatungev.org\/?p=1881","title":{"rendered":"27. September 2016 Axel Springer wird abgerissen"},"content":{"rendered":"<p><a href=\"http:\/\/www.medienberatungev.org\/wp-content\/uploads\/2016\/09\/IMG_4812axelspringerwirdabgerissen1.jpg\"><img loading=\"lazy\" decoding=\"async\" class=\"alignleft size-full wp-image-1882\" src=\"http:\/\/www.medienberatungev.org\/wp-content\/uploads\/2016\/09\/IMG_4812axelspringerwirdabgerissen1.jpg\" alt=\"IMG_4812axelspringerwirdabgerissen1\" width=\"4000\" height=\"3000\" \/><\/a>Wenn das die Studentenbewegung noch erlebt h\u00e4tte. Die haben doch immer nur gefordert: &#8222;Enteignet Springer&#8220; und dieses Geb\u00e4ude belagert und die Auslieferung der &#8222;Bl\u00f6dzeitung&#8220; verhindert. Sie haben niemals den Abriss dieses Geb\u00e4udes gefordert. Aber nun passierts.<a href=\"http:\/\/www.medienberatungev.org\/wp-content\/uploads\/2016\/08\/By-nc-sa_color.png\"><img loading=\"lazy\" decoding=\"async\" class=\"alignleft  wp-image-1755\" src=\"http:\/\/www.medienberatungev.org\/wp-content\/uploads\/2016\/08\/By-nc-sa_color.png\" alt=\"By-nc-sa_color\" width=\"101\" height=\"68\" srcset=\"https:\/\/www.medienberatungev.org\/wp-content\/uploads\/2016\/08\/By-nc-sa_color.png 720w, https:\/\/www.medienberatungev.org\/wp-content\/uploads\/2016\/08\/By-nc-sa_color-300x202.png 300w\" sizes=\"auto, (max-width: 101px) 85vw, 101px\" \/><\/a><\/p>\n<p>Foto Jens Meyer,\u00a0 Dienstag 27. September 2016, 10.00 Uhr<\/p>\n\n\n<figure class=\"wp-block-image size-large\"><img loading=\"lazy\" decoding=\"async\" width=\"500\" height=\"375\" src=\"https:\/\/www.medienberatungev.org\/wp-content\/uploads\/2021\/10\/IMG_4995Springerabreissen1klein.jpg\" alt=\"\" class=\"wp-image-16565\"\/><\/figure>\n\n\n<div class=\"wp-block-image\">\n<figure class=\"aligncenter size-large is-resized\"><img loading=\"lazy\" decoding=\"async\" width=\"500\" height=\"375\" src=\"https:\/\/www.medienberatungev.org\/wp-content\/uploads\/2021\/10\/IMG_5019kleinKontrast.jpg\" alt=\"\" class=\"wp-image-16567\" style=\"width:590px;height:443px\"\/><figcaption class=\"wp-element-caption\">Fuhlentwiete<\/figcaption><\/figure>\n<\/div>\n\n<div class=\"wp-block-image\">\n<figure class=\"aligncenter size-large\"><img loading=\"lazy\" decoding=\"async\" width=\"768\" height=\"1024\" src=\"https:\/\/www.medienberatungev.org\/wp-content\/uploads\/2021\/10\/IMG_5024Springer1klein-768x1024.jpg\" alt=\"\" class=\"wp-image-16569\"\/><\/figure>\n<\/div>\n\n<div class=\"wp-block-image\">\n<figure class=\"alignright size-large is-resized\"><a href=\"https:\/\/www.medienberatungev.org\/wp-content\/uploads\/2018\/08\/milpferd_einauge-e1671899244730.jpg\"><img loading=\"lazy\" decoding=\"async\" width=\"1024\" height=\"686\" src=\"https:\/\/www.medienberatungev.org\/wp-content\/uploads\/2018\/08\/milpferd_einauge-1024x686.jpg\" alt=\"\" class=\"wp-image-7687\" style=\"width:168px;height:auto\"\/><\/a><figcaption class=\"wp-element-caption\">Zeichnung Helga Bachmann<\/figcaption><\/figure>\n<\/div>","protected":false},"excerpt":{"rendered":"<p>Wenn das die Studentenbewegung noch erlebt h\u00e4tte. Die haben doch immer nur gefordert: &#8222;Enteignet Springer&#8220; und dieses Geb\u00e4ude belagert und die Auslieferung der &#8222;Bl\u00f6dzeitung&#8220; verhindert. Sie haben niemals den Abriss dieses Geb\u00e4udes gefordert. Aber nun passierts. Foto Jens Meyer,\u00a0 Dienstag 27. September 2016, 10.00 Uhr<\/p>\n","protected":false},"author":2,"featured_media":0,"comment_status":"open","ping_status":"open","sticky":false,"template":"","format":"standard","meta":{"footnotes":""},"categories":[540,1288,1216,1245,945,1138],"tags":[1551,1552,1549,1553,1554,1550],"class_list":["post-1881","post","type-post","status-publish","format-standard","hentry","category-axel-springer","category-bezirk-hamburg-mitte","category-bodenspekulation","category-fotoarchiv-jens-meyer","category-fotos","category-immobilienhaie","tag-bild-zeitung","tag-bloed-zeitung","tag-enteignet-springer","tag-kaiser-wilhem-strasse","tag-neustaedter-strasse","tag-studentenbewegung"],"_links":{"self":[{"href":"https:\/\/www.medienberatungev.org\/index.php?rest_route=\/wp\/v2\/posts\/1881","targetHints":{"allow":["GET"]}}],"collection":[{"href":"https:\/\/www.medienberatungev.org\/index.php?rest_route=\/wp\/v2\/posts"}],"about":[{"href":"https:\/\/www.medienberatungev.org\/index.php?rest_route=\/wp\/v2\/types\/post"}],"author":[{"embeddable":true,"href":"https:\/\/www.medienberatungev.org\/index.php?rest_route=\/wp\/v2\/users\/2"}],"replies":[{"embeddable":true,"href":"https:\/\/www.medienberatungev.org\/index.php?rest_route=%2Fwp%2Fv2%2Fcomments&post=1881"}],"version-history":[{"count":9,"href":"https:\/\/www.medienberatungev.org\/index.php?rest_route=\/wp\/v2\/posts\/1881\/revisions"}],"predecessor-version":[{"id":29093,"href":"https:\/\/www.medienberatungev.org\/index.php?rest_route=\/wp\/v2\/posts\/1881\/revisions\/29093"}],"wp:attachment":[{"href":"https:\/\/www.medienberatungev.org\/index.php?rest_route=%2Fwp%2Fv2%2Fmedia&parent=1881"}],"wp:term":[{"taxonomy":"category","embeddable":true,"href":"https:\/\/www.medienberatungev.org\/index.php?rest_route=%2Fwp%2Fv2%2Fcategories&post=1881"},{"taxonomy":"post_tag","embeddable":true,"href":"https:\/\/www.medienberatungev.org\/index.php?rest_route=%2Fwp%2Fv2%2Ftags&post=1881"}],"curies":[{"name":"wp","href":"https:\/\/api.w.org\/{rel}","templated":true}]}}