{"id":19241,"date":"2022-08-23T15:14:26","date_gmt":"2022-08-23T15:14:26","guid":{"rendered":"https:\/\/www.medienberatungev.org\/?p=19241"},"modified":"2022-09-03T11:52:37","modified_gmt":"2022-09-03T11:52:37","slug":"vor-dreissig-jahren-nichtwaehler-sind-die-partei-der-mitte-interview-mit-guenther-thews","status":"publish","type":"post","link":"https:\/\/www.medienberatungev.org\/?p=19241","title":{"rendered":"Vor dreissig Jahren: Nichtw\u00e4hler sind die Partei der Mitte. Interview mit G\u00fcnther Thews."},"content":{"rendered":"\n<p>G\u00fcnther Thews, aidskranker Kabarettist und Ex- &#8222;Tornado&#8220; \u00fcber seine letzte Kommunalwahl, einem Wunschb\u00fcrgermeister f\u00fcr Kreuzberg und das Nichts im Berliner Zentrum. Das Interview erschien am 25. Mai 1992 in der TAZ. Die Fragen stellte Mathias Br\u00f6ckers.<\/p>\n\n\n\n<p><strong>taz: <\/strong><strong>G\u00fcnther<\/strong><em><strong>, das ist ja nun deine letzte Kommunalwahl &#8230;<\/strong><\/em><\/p>\n\n\n\n<p><strong>G\u00fcnther Thews<\/strong><strong>:<\/strong> Na Gott sei Dank ist es die letzte. Diese W\u00e4hlerei ist mir ja schon l\u00e4nger zutiefst suspekt, und ich habe mich schon immer gefragt, warum will einer \u00fcberhaupt Politiker werden, sich hinstellen im grauen Anzug und Schlips und sagen: \u201eIch wei\u00df, wo&#8217;s lang geht, ihr m\u00fc\u00dft mich w\u00e4hlen.\u201c Die Motivation f\u00fcr einen solch schmierigen Job ist mir ziemlich r\u00e4tselhaft.<\/p>\n\n\n\n<p><em>Du bist also ein klassischer Nicht-W\u00e4hler?<\/em><strong><\/strong><\/p>\n\n\n\n<p>Die Partei der Nicht-W\u00e4hler ist ja hochinteressant: Erst mal ist es ja schon so ziemlich die gr\u00f6\u00dfte Partei, und dann, das ist das Wichtigste, sind da alle drin: Rechte und Linke, Dicke und D\u00fcnne, Intelligente und Bl\u00f6de \u2014 wenn so ein Skin aus dem Osten nicht w\u00e4hlen geht, ist das ein anderer Ausdruck, als wenn hier ein linker Intellektueller vier N\u00e4chte \u00fcber die Frage gesoffen hat: \u201eGeh&#8216; ich nun hin oder nicht?\u201c Der Skin bleibt zu Hause, weil er den Wahlzettel nicht lesen kann und nicht wei\u00df, wo er sein Hakenkreuz f\u00fcr den F\u00fchrer hinmachen mu\u00df \u2014 der kritische Linke hier hat nat\u00fcrlich ganz andere Gr\u00fcnde. Und wenn man sich dieses Spektrum anguckt, repr\u00e4sentiert die Partei der Nicht-W\u00e4hler wirklich die Bev\u00f6lkerung, die Nicht-W\u00e4hler sind also die eigentliche Partei der Mitte.<\/p>\n\n\n\n<p><em>Aber ist einfach Nicht-W\u00e4hlen nicht auch ein bi\u00dfchen einfallslos?<\/em><strong><\/strong><\/p>\n\n\n\n<p>Ich habe mir ja auch schon \u00fcberlegt, ob wir nicht Alternativen haben\u2014 so wenig wie die Politiker bewegen, k\u00f6nnte man ja glatt auch wieder Magier, Kartenleser, Regenmacher usw. einsetzen, das hei\u00dft, wir w\u00e4hlen hier einen Kreuzberger Bezirks-Schamanen, der unsere Geschicke lenkt. Aber so einen wie den SPD-Kandidaten Peter Strieder? Nee, den w\u00fcrde ich nur w\u00e4hlen, wenn er wirklich macht, was ich mir vorstelle, und zum Beispiel erlaubt, da\u00df auf Immobilienhaie mit Damenrevolvern geschossen werden darf oder f\u00fcr ein quasi autofreies, knastfreies, drogenverbotsfreies Kreuzberg sorgt oder hier zumindest mal lokal realisiert, was schon Willy Brandt f\u00fcr die ganze Welt wollte: Kinderrepubliken, also im weitesten Sinne UFA-Fabrik-\u00e4hnliche Kommunen.<\/p>\n\n\n\n<p><em>Du bleibst also am Sonntag zu Hause?<\/em><strong><\/strong><\/p>\n\n\n\n<p>Ja wie komme ich denn dazu, die Drecksarbeit der Politiker, ihre Korruption und Eitelkeit, auch noch zu legitimieren, indem ich in eine langweilige Schule gehe und mein Kreuz mache? Wenn ich mir schon dieses sogenannte Wahllokal ansehe \u2014 da habe ich aber &#8217;ne ganz andere Wahl f\u00fcr&#8217;n Lokal.<\/p>\n\n\n\n<p><em>Hast du denn eine Prognose?<\/em><strong><\/strong><\/p>\n\n\n\n<p>Erinnern wir uns an unseren Freund Wolfgang Neuss: \u201eDer Berliner ist hinterfotzig\u201c \u2014 also Vorsicht bei Prognosen. Viel interessanter ist doch die Frage: Warum haben eigentlich die Schimpansen keine Kommunalwahl, und warum brauchen wir so etwas? Also wenn jemand \u00f6ffentlich fordern kann, die Oberbaumbr\u00fccke sechsspurig zu untertunneln, Unter den Linden achtspurig zu untertunneln, wenn man solche Visionen frei \u00e4u\u00dfern darf, ohne daf\u00fcr gleich einen in die Fresse zu kriegen \u2014 dann kann ich doch auch so phantastische Sachen fordern wie Bezirks-Zauberer f\u00fcr Kreuzberg. Ganz grunds\u00e4tzlich f\u00fcr Demokratie und Wahlen gilt nat\u00fcrlich: Was soll ich mich beherrschen lassen, wenn ich mich kaum selbst beherrschen kann?<\/p>\n\n\n\n<p><em>Von wem w\u00fcrdest du dich denn am liebsten beherrschen lassen, wenn \u00fcberhaupt?<\/em><strong><\/strong><\/p>\n\n\n\n<p>Na auf keinen Fall von Leuten wie Heinrich Lummer. Alle reden von Stolpe, aber ein Typ wie der kleine Lummer, ein echter IM, der auf Kosten der Stasi in Prag bumsen geht und bei den konspirativen Treffen bestimmt nicht nur Witze erz\u00e4hlt hat, der flutscht durchs Netz. Aber gucken wir doch mal, wer alles schon Kreuzberg regieren wollte: C\u00e4sar wollte schon mal ganz Germanien beherrschen, Napoleon hat es &#8217;ne Weile versucht, Coca-Cola hat sich jetzt einigerma\u00dfen festgesetzt, und jetzt kommt da so einer wie Striebel oder Strieder, und meint, er w\u00fc\u00dfte, wie man das macht. Also nee.<\/p>\n\n\n\n<p><em>Du hast also keinen Wunschb\u00fcrgermeister?<\/em><strong><\/strong><\/p>\n\n\n\n<p>Doch. Ich w\u00fc\u00dfte einen, den wir ganz dringend importieren m\u00fc\u00dften: den B\u00fcrgermeister von Bangkok. Ein Spitzenmann, der fr\u00fcher General war und jetzt in der buddhistischen Tunika ruml\u00e4uft und die Stadt regiert. Ein echter Erleuchteter, der sein ganzes Geld gleich an die Armen weitergibt, morgens um vier aufsteht und meditiert und dann schon mal zwei Stunden den Stra\u00dfenfegern beim Saubermachen hilft, nicht als Presse-Show, sondern ganz selbstverst\u00e4ndlich. Einer, der an seinem l\u00e4cherlichen Ich nicht h\u00e4ngt, der die Identit\u00e4t als B\u00fcrgermeister nicht braucht und dem die Bev\u00f6lkerung deshalb zutraut, da\u00df er nicht korrupt ist. Und jetzt sitzt er im Knast. Da m\u00fcssen wir ihn dringend rausholen und am besten als Asylant und Wunschb\u00fcrgermeister gleich nach Kreuzberg einladen.<\/p>\n\n\n\n<p><em>Kreuzberg \u2014 das w\u00e4re aber doch ein Abstieg, ganz Berlin scheint mir eher angemessen.<\/em><strong><\/strong><\/p>\n\n\n\n<p>Der Senat kann ihn uns ja dann abkaufen, gegen Abl\u00f6sesumme. Ich vermittle das gern, als Vermittler eines wahrhaft Unbestechlichen darf man ja ruhig ein bi\u00dfchen Provision kassieren. Aber im Ernst: So ein Mann w\u00e4re ein Segen f\u00fcr die Stadt. Nimm nur mal den Potsdamer Platz. Der wird jet<a href=\"https:\/\/www.medienberatungev.org\/wp-content\/uploads\/2022\/09\/Faksimili-Interview-I-1.pdf\"><\/a>zt mit B\u00fcroh\u00e4usern betoniert, man wei\u00df jetzt schon, es wird grauenhaft, obwohl die teuersten und besten Architekten der Welt am Werk sind. Ein Buddhist als B\u00fcrgermeister w\u00fcrde da sagen: Ja Mensch, seid ihr wahnsinnig, ihr seid die einzige Stadt der Welt mit einem leeren Zentrum, und das knallt ihr euch jetzt mit Autos und Beton voll??? Das Nichts in der Mitte, das leere Zentrum ist es doch gerade \u2014 nur das strahlt doch etwas aus.<\/p>\n\n\n\n<p><em>Das werden unsere Christen und Sozialen nicht kapieren.<\/em><strong><\/strong><\/p>\n\n\n\n<p>Na ja, man k\u00f6nnte aber doch mal zeigen, da\u00df man nach 5.000mal \u201eTagesschau\u201c etwas gelernt hat \u2014 zwischendurch tritt ja selbst in der \u201eTagesschau\u201c ab und an die Wahrheit zutage. Aber das letzte, was unser SPD-Kandidat gelesen hat, um seine Visionen zu sch\u00e4rfen, ist ein Perry- Rhodan-Heft, als er im Krankenhaus lag. Wann soll sich denn die Phantasie eines Politikers entwickeln: Die gehen zur Schule, Bundeswehr, studieren Jura oder Verwaltung, sitzen dann in einem langweiligen B\u00fcro herum und sollen dann pl\u00f6tzlich &#8217;ne Vision f\u00fcr die Stadt haben. Wo soll die herkommen, frage ich? Nicht mal &#8217;ne bewu\u00dftseinserweiternde Pflanze nehmen sie da, sondern h\u00f6chstens Schlaf- und Aufputschmittel. Deshalb m\u00fcssen dringend diejenigen mit der politischen Arbeit betraut werden, die f\u00fcr Visionen und Phantasie hauptberuflich zust\u00e4ndig sind: die K\u00fcnstler.<\/p>\n\n\n\n<p><em>Soll dann Ben Wargin entscheiden, ob wir &#8217;nen J\u00e4ger 90 kriegen oder nicht?<\/em><strong><\/strong><\/p>\n\n\n\n<p>So direkt ja nun auch wieder nicht. Aber eine Art runden Tisch von allen kreativen Leuten \u2014 und die suchen sich denn irgendeinen smarten, du\u00dfligen Politiker, der ihre Beschl\u00fcsse perfekt auosf\u00fchrt. Der wird direkt bezahlt, und wenn er nicht spurt, fliegt er raus wie in der Bundesliga. Nun k\u00f6nnen die K\u00fcnstler ja auch nicht immer viel miteinander anfangen \u2014 aber jeder hat in seinem Bereich eine Vision entwickelt und kann am runden Tisch kundtun, wie er sich die Welt als gro\u00dfes Kloster denn so vorstellt. Die Politiker f\u00fchren dann nur noch aus. Ich glaube, da\u00df ist unsere einzige Chance, eine Antwort darauf zu finden, wo es langgehen mu\u00df. In meinem Krimi hier habe ich gerade einen guten Satz gelesen: \u201eWenn du die Antwort nicht findest, mu\u00dft du selber die Antwort werden.\u201c<\/p>\n\n\n\n<p>(Interview: Mathias Br\u00f6ckers)<\/p>\n\n\n<p><a href=\"https:\/\/www.medienberatungev.org\/wp-content\/uploads\/2022\/08\/Nichtwaehler-Guenther-Thews-vor-dreissig-Jahren1.pdf\">PDF Abschrift Nichtw\u00e4hler G\u00fcnther Thews vor dreissig Jahren1<\/a><\/p>\n<p><a href=\"https:\/\/www.medienberatungev.org\/wp-content\/uploads\/2022\/09\/Faksimili-Interview-I-1.pdf\">Faksimili Interview (I)<\/a><\/p>\n<p><a href=\"https:\/\/www.medienberatungev.org\/wp-content\/uploads\/2022\/09\/Faksimili-Interview-II-.pdf\">Faksimili Interview (II)<\/a><\/p>\n\n\n<div class=\"wp-block-image\"><figure class=\"alignright size-large is-resized\"><a href=\"https:\/\/www.medienberatungev.org\/wp-content\/uploads\/2022\/08\/GuenterThewsgespiegeltkontrast-scaled.jpg\"><img loading=\"lazy\" decoding=\"async\" src=\"https:\/\/www.medienberatungev.org\/wp-content\/uploads\/2022\/08\/GuenterThewsgespiegeltkontrast-1024x687.jpg\" alt=\"\" class=\"wp-image-19262\" width=\"196\" height=\"131\"\/><\/a><figcaption>G\u00fcnther Thews in  einer Drehpause ist unser Mann f\u00fcr den guten  Ton mit der Nagra  und mit vollem Haupthaar.<\/figcaption><\/figure><\/div>\n\n\n\n<figure class=\"wp-block-image size-large is-resized\"><a href=\"https:\/\/www.medienberatungev.org\/wp-content\/uploads\/2022\/08\/GuenterThewsgespiegelt-scaled.jpg\"><img loading=\"lazy\" decoding=\"async\" src=\"https:\/\/www.medienberatungev.org\/wp-content\/uploads\/2022\/08\/GuenterThewsgespiegelt-1024x687.jpg\" alt=\"G\u00fcnther Thews bei den Dreharbeiten 1974\" class=\"wp-image-19261\" width=\"188\" height=\"126\" srcset=\"https:\/\/www.medienberatungev.org\/wp-content\/uploads\/2022\/08\/GuenterThewsgespiegelt-1024x687.jpg 1024w, https:\/\/www.medienberatungev.org\/wp-content\/uploads\/2022\/08\/GuenterThewsgespiegelt-300x201.jpg 300w, https:\/\/www.medienberatungev.org\/wp-content\/uploads\/2022\/08\/GuenterThewsgespiegelt-768x515.jpg 768w, https:\/\/www.medienberatungev.org\/wp-content\/uploads\/2022\/08\/GuenterThewsgespiegelt-1536x1030.jpg 1536w, https:\/\/www.medienberatungev.org\/wp-content\/uploads\/2022\/08\/GuenterThewsgespiegelt-2048x1373.jpg 2048w, https:\/\/www.medienberatungev.org\/wp-content\/uploads\/2022\/08\/GuenterThewsgespiegelt-1200x805.jpg 1200w\" sizes=\"auto, (max-width: 188px) 85vw, 188px\" \/><\/a><\/figure>\n\n\n\n<p><\/p>\n\n\n\n<div class=\"wp-block-image\"><figure class=\"alignright size-full is-resized\"><a href=\"https:\/\/www.medienberatungev.org\/wp-content\/uploads\/2022\/06\/Nilpferdzwinkert-1.jpg\"><img loading=\"lazy\" decoding=\"async\" src=\"https:\/\/www.medienberatungev.org\/wp-content\/uploads\/2022\/06\/Nilpferdzwinkert-1.jpg\" alt=\"\" class=\"wp-image-17883\" width=\"155\" height=\"117\" srcset=\"https:\/\/www.medienberatungev.org\/wp-content\/uploads\/2022\/06\/Nilpferdzwinkert-1.jpg 993w, https:\/\/www.medienberatungev.org\/wp-content\/uploads\/2022\/06\/Nilpferdzwinkert-1-300x228.jpg 300w, https:\/\/www.medienberatungev.org\/wp-content\/uploads\/2022\/06\/Nilpferdzwinkert-1-768x585.jpg 768w\" sizes=\"auto, (max-width: 155px) 85vw, 155px\" \/><\/a><\/figure><\/div>\n\n\n\n<figure class=\"wp-block-image size-large is-resized\"><a href=\"https:\/\/www.medienberatungev.org\/wp-content\/uploads\/2022\/09\/Drei-Tornados.jpg\"><img loading=\"lazy\" decoding=\"async\" src=\"https:\/\/www.medienberatungev.org\/wp-content\/uploads\/2022\/09\/Drei-Tornados-1024x891.jpg\" alt=\"\" class=\"wp-image-19345\" width=\"219\" height=\"190\" srcset=\"https:\/\/www.medienberatungev.org\/wp-content\/uploads\/2022\/09\/Drei-Tornados-1024x891.jpg 1024w, https:\/\/www.medienberatungev.org\/wp-content\/uploads\/2022\/09\/Drei-Tornados-300x261.jpg 300w, https:\/\/www.medienberatungev.org\/wp-content\/uploads\/2022\/09\/Drei-Tornados-768x668.jpg 768w, https:\/\/www.medienberatungev.org\/wp-content\/uploads\/2022\/09\/Drei-Tornados-1536x1336.jpg 1536w, https:\/\/www.medienberatungev.org\/wp-content\/uploads\/2022\/09\/Drei-Tornados-1200x1044.jpg 1200w, https:\/\/www.medienberatungev.org\/wp-content\/uploads\/2022\/09\/Drei-Tornados.jpg 1581w\" sizes=\"auto, (max-width: 219px) 85vw, 219px\" \/><\/a><figcaption>Die Drei Tornados: Holger Klotzbach, G\u00fcnter Thews, Arnulf Rating. Trikont Verlag. Die 3 Tonados 1977-1988. Indigo<\/figcaption><\/figure>\n\n\n\n<p><\/p>\n","protected":false},"excerpt":{"rendered":"<p>G\u00fcnther Thews, aidskranker Kabarettist und Ex- &#8222;Tornado&#8220; \u00fcber seine letzte Kommunalwahl, einem Wunschb\u00fcrgermeister f\u00fcr Kreuzberg und das Nichts im Berliner Zentrum. Das Interview erschien am 25. Mai 1992 in der TAZ. Die Fragen stellte Mathias Br\u00f6ckers. taz: G\u00fcnther, das ist ja nun deine letzte Kommunalwahl &#8230; G\u00fcnther Thews: Na Gott sei Dank ist es die &hellip; <a href=\"https:\/\/www.medienberatungev.org\/?p=19241\" class=\"more-link\"><span class=\"screen-reader-text\">\u201eVor dreissig Jahren: Nichtw\u00e4hler sind die Partei der Mitte. Interview mit G\u00fcnther Thews.\u201c<\/span> weiterlesen<\/a><\/p>\n","protected":false},"author":2,"featured_media":0,"comment_status":"open","ping_status":"open","sticky":false,"template":"","format":"standard","meta":{"footnotes":""},"categories":[1907,2030,4327,4831,4832,5073,6547,2128,6244,2210,1587,5698,199,1231,6485,1845,4984,298,4379,7854,2620,1245,1618,945,7853,6,5524,5525,1890,2327,7195,5133,2097,4304,1744,1218,1,6975,4692,7253,6977,2701,2702,6170,3130,7422,4840],"tags":[1809,3572,7846,78,7867,1808,7847,7848,5368,7868,7866,7841,7843,7850,196,101,7849],"class_list":["post-19241","post","type-post","status-publish","format-standard","hentry","category-1907","category-2030","category-4327","category-4831","category-4832","category-5073","category-6547","category-2128","category-6244","category-2210","category-1587","category-5698","category-berlin","category-berlin-kreuzberg","category-berlin-ost","category-berlin-west","category-berliner-kinos","category-deutscher-film","category-dffb","category-drei-tornados","category-film","category-fotoarchiv-jens-meyer","category-fotografen","category-fotos","category-guenther-thews","category-im-kino","category-info-bug","category-info-bug-100-umschlag","category-kreuzberg","category-mit-uns-nicht-mehr","category-monarch","category-organisieren-oder-organisiert-werden","category-rainer-graff","category-taz","category-taz-hamburg","category-tondokumente","category-uncategorized","category-wahlen","category-wolfgang-neuss","category-zensur","category-zentral-film-verleih","category-zusammensprudelln","category-zusammensprudeln","category-zweispaeltiges-hollywood","category-zweite-klasse","category-zwiespaeltiges-hollywood","category-zwoelf-apostel","tag-arnulf-rating","tag-berlin","tag-der-berliner-ist-hinterfotzig","tag-dffb","tag-die-drei-tornados","tag-guenther-thews","tag-heinrich-lummer","tag-im","tag-kreuzberg","tag-leeres-zentrum","tag-mathias-broeckers","tag-nichtwaehler","tag-partei-der-mitte","tag-potsdamer-platz","tag-taz","tag-wolfgang-neuss","tag-wunschbuergermeister"],"_links":{"self":[{"href":"https:\/\/www.medienberatungev.org\/index.php?rest_route=\/wp\/v2\/posts\/19241","targetHints":{"allow":["GET"]}}],"collection":[{"href":"https:\/\/www.medienberatungev.org\/index.php?rest_route=\/wp\/v2\/posts"}],"about":[{"href":"https:\/\/www.medienberatungev.org\/index.php?rest_route=\/wp\/v2\/types\/post"}],"author":[{"embeddable":true,"href":"https:\/\/www.medienberatungev.org\/index.php?rest_route=\/wp\/v2\/users\/2"}],"replies":[{"embeddable":true,"href":"https:\/\/www.medienberatungev.org\/index.php?rest_route=%2Fwp%2Fv2%2Fcomments&post=19241"}],"version-history":[{"count":28,"href":"https:\/\/www.medienberatungev.org\/index.php?rest_route=\/wp\/v2\/posts\/19241\/revisions"}],"predecessor-version":[{"id":19348,"href":"https:\/\/www.medienberatungev.org\/index.php?rest_route=\/wp\/v2\/posts\/19241\/revisions\/19348"}],"wp:attachment":[{"href":"https:\/\/www.medienberatungev.org\/index.php?rest_route=%2Fwp%2Fv2%2Fmedia&parent=19241"}],"wp:term":[{"taxonomy":"category","embeddable":true,"href":"https:\/\/www.medienberatungev.org\/index.php?rest_route=%2Fwp%2Fv2%2Fcategories&post=19241"},{"taxonomy":"post_tag","embeddable":true,"href":"https:\/\/www.medienberatungev.org\/index.php?rest_route=%2Fwp%2Fv2%2Ftags&post=19241"}],"curies":[{"name":"wp","href":"https:\/\/api.w.org\/{rel}","templated":true}]}}