{"id":19863,"date":"2022-09-22T17:06:18","date_gmt":"2022-09-22T17:06:18","guid":{"rendered":"https:\/\/www.medienberatungev.org\/?p=19863"},"modified":"2025-05-07T18:18:18","modified_gmt":"2025-05-07T18:18:18","slug":"apropos-konrad-paul-rohnstein","status":"publish","type":"post","link":"https:\/\/www.medienberatungev.org\/?p=19863","title":{"rendered":"Apropos Konrad Paul Rohnstein"},"content":{"rendered":"<p><a href=\"https:\/\/www.medienberatungev.org\/wp-content\/uploads\/2022\/09\/PDFApropos-Konrad-Paul-Rohnstein4355-III-2.pdf\">PDF Apropos Konrad Paul Rohnstein4355 (III)<\/a><\/p>\n\n\n<p class=\"has-drop-cap\">Wikipedia hat nur geschrieben, wann dieser Mensch geboren ist. Beim Todesdatum steht bis heute (22. September 2022, 20.00 Uhr ): <strong>Unbekannt<\/strong>. Doch der Betreiber der Synchrondatenbank, Arne Kaul, hat es herausgefunden. Gestorben ist Rohnstein  am <strong>12. August 1973<\/strong> in M\u00fcnchen. Geboren ist Konrad Paul Rohnstein am <strong>21. Januar 1900<\/strong>.<\/p>\n\n\n\n<p class=\"has-drop-cap\"> Aus seiner Biografie gibt es einige sichere  Daten. Er hat in W\u00fcrzburg studiert und eine Doktorarbeit geschrieben und taucht im Berliner Telefonbuch von 1927   (Redaktionsschlu\u00df 15. Oktober 1926)  als <strong> Rohnstein, Konrad Paul, Dr. rer. pol. <\/strong>auf. Die Doktorarbeit wurde am <strong>18. Oktober 1923 <\/strong>bewertet. Wie, konnte ich nicht herausfinden. Im Telefonbuch gibt es auch Rohnsteins Berliner Anschrift: Falkenhagener Str. Nr. 7, Berlin-Spandau. T: 22 42. <\/p>\n\n\n\n<p class=\"has-drop-cap\">Die Doktorarbeit tr\u00e4gt den Titel: <strong>&#8222;Beitr\u00e4ge zur wirtschaftlichen Entwicklung der deutschen Filmindustrie unter besonderer  Beruecksichtigung des Kinematographentheatergewerbes&#8220;. <\/strong>Diese Doktorarbeit steht auszugsweise im Netz. Ich habe sie \u00fcberflogen. Sie besch\u00e4ftigt sich nicht, wie man vermuten k\u00f6nnte, mit den technischen Abl\u00e4ufen bei der Herstellung von Filmen, sondern nur mit deren Vermarktung in den Kinos.<\/p>\n\n\n\n<p class=\"has-drop-cap\"> In Berlin wurde am <strong>16. September  1929 <\/strong>die <strong>&#8222;Rhytmographie  Gesellschaft mit beschr\u00e4nkter Haftung&#8220;<\/strong> gegr\u00fcndet und am 30. November 1929 ins Handelsregister Berlin unter der Nummer <strong>43259 <\/strong>eingetragen. <\/p>\n\n\n\n<p class=\"has-drop-cap\">Die Gesellschaft hat ein Stammkapital von <strong>75.000 RM<\/strong> und drei Gesch\u00e4ftsf\u00fchrer: 1. Ingenieur<strong> Karl Robert Blum<\/strong>, Berlin, 2. Kaufmann <strong>Karl Egon Martiny<\/strong>, Berlin, 3. Ingenieur <strong>Walter Hahnemann<\/strong>, Berlin. Im Scherl Adressbuch von Berlin, Ausgabe 1931 (vermutlicher Redaktionsschlu\u00df 15. Oktober 1930) habe ich auf Seite 444 den Eintrag gefunden:<strong> &#8222;Rhythmographie G. m. b. H., Phono- u. Kinotech. Ind., SW 68, Alte Jacobstr. 133. <\/strong><\/p>\n\n\n\n<p class=\"has-drop-cap\">Die Firma arbeitet auf der Grundlage der Patente von <strong>Carl Robert Blum<\/strong>. Blum hatte  viele Berufe. Einer davon war: Erfinder. Au\u00dferdem war er Kapellmeister und Direktor des:  \u00bbMohr&#8217;schen Conservatorium f\u00fcr Musik\u00ab<strong>,<\/strong> das bereits seit 1870 existierte.<\/p>\n\n\n\n<p class=\"has-drop-cap\">Eine der ersten Arbeiten, die die &#8222;Rhythmographie GmbH&#8220; (vereinzelt auch in der Schreibweise: Rhytmographie GmbH) ist die deutsche Tonfassung des Filmes:<strong> &#8222;Im Westen nichts Neues&#8220;<\/strong> (All Quiet on the Western Front, USA 1930, 140\/125 Min.)  von <strong>Lewis Milestone,<\/strong> der als Stumm- und als Tonfilm in die Kinos kam. In die deutschen jedoch nicht. Das wird an anderer Stelle geschildert. (Siehe Anlage Bucher Seite 26)<\/p>\n\n\n\n<p class=\"has-drop-cap\">Die Leitung der Synchronarbeiten hatte der ehemalige <strong>Chefdramaturg der UFA<\/strong>: <strong>Viktor Abel.<\/strong> Auf der Seite der &#8222;<strong>Vergessenen Filme<\/strong>&#8220; kann man studieren, wer sonst noch daran beteiligt war, diese Synchronarbeiten im Auftrag der Filmproduktionsfirma <strong>Universal<\/strong> durchzuf\u00fchren:<strong> Max Bing<\/strong> (Dialogregie), <strong> Konrad Paul Rohnstein<\/strong> (Assistent),<strong> Werner Jacobs <\/strong>(Assistent Tonschnitt),<strong> Elsa Jaque <\/strong>(Dialogbuch). Diese Angaben habe ich nur teilweise<strong> (Abel, Bing, Rohnstein, Jacobs)<\/strong> \u00fcberpr\u00fcft. <\/p>\n\n\n\n<p class=\"has-drop-cap\">Einen  Eintrag von <strong>Viktor Abel <\/strong>fand ich in den Scherl Adressb\u00fcchern von Berlin.  Die Ausgabe von 1929  (Redaktionsschlu\u00df 15. Oktober 1928) enth\u00e4lt den Eintrag: <strong>Abel, Viktor, Filmdramaturg, Riehlstr. 11 (II) in Charlottenburg.<\/strong> 1931 taucht Viktor Abel mit gleicher Berufsbezeichnung in Berlin Zehlendorf, in der Lindenallee 4 auf. Geboren ist er am 2. Dezember 1892 in Kiev, das in jener Zeit zum Russischen Kaiserreich geh\u00f6rte.<\/p>\n\n\n\n<p class=\"has-drop-cap\">Nach der Macht\u00fcbergabe an die Nazis wurde am <strong>9. August 1933 <\/strong>eine neue Gesellschaft gegr\u00fcndet: \u00bb<strong>L\u00fcdtke, Dr. Rohnstein &amp; Co. Sitz: Berlin<\/strong>\u00ab.<\/p>\n\n\n\n<p class=\"has-drop-cap\">Diese wurde am <strong>3. November 1933 <\/strong>unter der Nr. 78867 in das Berliner Handelsregister eingetragen: <strong>&#8222;L\u00fcdtke, Dr. Rohnstein &amp; Co.Berlin&#8220;.<\/strong> (OHG)     Gesellschafter sind: Kaufmann: <strong>Alfred L\u00fcdtke<\/strong>, Produktionsleiter: Dr. rer pol. <strong>Konrad P. Rohnstein<\/strong> und Ingenieur: <strong>Erich<\/strong> <strong>Luschnath<\/strong>, s\u00e4mtlich in Berlin. Zur Vertretung sind nur je zwei gemeinschaftlich erm\u00e4chtigt. <\/p>\n\n\n\n<p><\/p>\n\n\n<div class=\"wp-block-image\">\n<figure class=\"alignright size-full is-resized\"><a href=\"https:\/\/www.medienberatungev.org\/wp-content\/uploads\/2022\/06\/IMG_9032carlRobertBlumklein.jpg\"><img loading=\"lazy\" decoding=\"async\" width=\"800\" height=\"800\" src=\"https:\/\/www.medienberatungev.org\/wp-content\/uploads\/2022\/06\/IMG_9032carlRobertBlumklein.jpg\" alt=\"Car Robert Blum Erfinder\" class=\"wp-image-17343\" style=\"width:184px;height:184px\" srcset=\"https:\/\/www.medienberatungev.org\/wp-content\/uploads\/2022\/06\/IMG_9032carlRobertBlumklein.jpg 800w, https:\/\/www.medienberatungev.org\/wp-content\/uploads\/2022\/06\/IMG_9032carlRobertBlumklein-300x300.jpg 300w, https:\/\/www.medienberatungev.org\/wp-content\/uploads\/2022\/06\/IMG_9032carlRobertBlumklein-150x150.jpg 150w, https:\/\/www.medienberatungev.org\/wp-content\/uploads\/2022\/06\/IMG_9032carlRobertBlumklein-768x768.jpg 768w\" sizes=\"auto, (max-width: 709px) 85vw, (max-width: 909px) 67vw, (max-width: 984px) 61vw, (max-width: 1362px) 45vw, 600px\" \/><\/a><figcaption class=\"wp-element-caption\">Carl Robert Blum<\/figcaption><\/figure>\n<\/div>\n\n<div class=\"wp-block-image\">\n<figure class=\"alignleft size-full is-resized\"><a href=\"https:\/\/www.medienberatungev.org\/wp-content\/uploads\/2022\/07\/ViktorAbel68789_ca_object_representations_media_57812_medium.jpg\"><img loading=\"lazy\" decoding=\"async\" width=\"387\" height=\"400\" src=\"https:\/\/www.medienberatungev.org\/wp-content\/uploads\/2022\/07\/ViktorAbel68789_ca_object_representations_media_57812_medium.jpg\" alt=\"\" class=\"wp-image-17972\" style=\"width:190px;height:197px\" srcset=\"https:\/\/www.medienberatungev.org\/wp-content\/uploads\/2022\/07\/ViktorAbel68789_ca_object_representations_media_57812_medium.jpg 387w, https:\/\/www.medienberatungev.org\/wp-content\/uploads\/2022\/07\/ViktorAbel68789_ca_object_representations_media_57812_medium-290x300.jpg 290w\" sizes=\"auto, (max-width: 387px) 85vw, 387px\" \/><\/a><figcaption class=\"wp-element-caption\">Viktor Abel<\/figcaption><\/figure>\n<\/div>\n\n<p><a href=\"https:\/\/www.medienberatungev.org\/wp-content\/uploads\/2022\/09\/Buchers-Seite-26.pdf\">PDF Buchers Seite 26<\/a><\/p>\n<p><strong>Anmerkungen (2022): Viktor Abel<\/strong> war nach den Nazi Kriterien Jude. Seine letzte Wohnanschrift in Berlin war: Lindenallee 4 in Berlin-Zehlendorf. (Heute: Lindenthaler Allee 4). Am 21.10 1941 wird Viktor Abel nach L\u00f3dz deportiert und dort ermordet.<strong> Kaufmann Alfred L\u00fcdtke<\/strong>, Teilhaber der Firma \u00bbL\u00fcdtke, Dr. Rohnstein &amp; Co\u00ab, ist im Scherl Adressbuch von 1927 mit dem Eintrag: \u00bbL\u00fcdtke, Alfred, Kaufm., C\u00f6penick, Flemmingstr. 16, II, Postscheck=Kto 109 373\u00ab auf Seite 2086 eingetragen. Durch die Aufteilung Berlins bei Kriegsende liegt K\u00f6penick im russischen Sektor von Berlin. Konrad Paul Rohnstein verl\u00e4\u00dft bei Kriegsende Berlin und gr\u00fcndet in M\u00fcnchen die <strong>\u00bbRohnstein Film GmbH\u00ab<\/strong>, die sich wiederum mit der Synchronisation ausl\u00e4ndischer Filme besch\u00e4ftigt. Dort entsteht die deutsche Fassung des Hitchcock Films <strong>\u00bbSpellbound\u00ab<\/strong> dessen deutsche Fassung den Titel <strong>\u00bbIch k\u00e4mpfe um dich\u00ab <\/strong>bekommt. In Deutschland kommt er am 29.2.1952 ins Kino.<\/p>\n<p><a href=\"https:\/\/www.medienberatungev.org\/wp-content\/uploads\/2022\/09\/Das-moderneTonsytem-voCRB.pdf\">Das moderne Tonsytem 2 von CRB<\/a><\/p>\n<p><a href=\"https:\/\/www.medienberatungev.org\/wp-content\/uploads\/2022\/10\/Das-moderne-TonsystemCRB.pdf\">\u00a0Das-moderne-Tonsystem 1 von CRB<\/a><\/p>\n\n<div class=\"wp-block-image\">\n<figure class=\"alignright size-large is-resized\"><a href=\"https:\/\/www.medienberatungev.org\/wp-content\/uploads\/2018\/02\/Nilpferdeinauge-e1573081339392.jpg\"><img loading=\"lazy\" decoding=\"async\" width=\"1024\" height=\"786\" src=\"https:\/\/www.medienberatungev.org\/wp-content\/uploads\/2018\/02\/Nilpferdeinauge-1024x786.jpg\" alt=\"\" class=\"wp-image-5635\" style=\"width:177px;height:auto\"\/><\/a><figcaption class=\"wp-element-caption\">Zeichnung Helga Bachmann<\/figcaption><\/figure>\n<\/div>\n\n\n<p><\/p>\n","protected":false},"excerpt":{"rendered":"<p>PDF Apropos Konrad Paul Rohnstein4355 (III) Wikipedia hat nur geschrieben, wann dieser Mensch geboren ist. Beim Todesdatum steht bis heute (22. September 2022, 20.00 Uhr ): Unbekannt. Doch der Betreiber der Synchrondatenbank, Arne Kaul, hat es herausgefunden. Gestorben ist Rohnstein am 12. August 1973 in M\u00fcnchen. Geboren ist Konrad Paul Rohnstein am 21. Januar 1900. &hellip; <a href=\"https:\/\/www.medienberatungev.org\/?p=19863\" class=\"more-link\"><span class=\"screen-reader-text\">\u201eApropos Konrad Paul Rohnstein\u201c<\/span> weiterlesen<\/a><\/p>\n","protected":false},"author":2,"featured_media":0,"comment_status":"open","ping_status":"open","sticky":false,"template":"","format":"standard","meta":{"footnotes":""},"categories":[8000,2175,7840,4865,1975,4619,3214,2520,2523,2153,2578,2008,2126,2398,2626,2409,2698,1988,4679,5875,2449,2037,2455,5665,5750,2359,1607,2680,4220,1606,5595,6275,6278,2026,8059,2538,7408,69,288,199,6130,595,3306,2948,650,298,2489,5912,6535,3310,3285,2620,5648,7999,8,945,6445,6443,3305,6245,6,3276,6880,4511,4377,282,1049,10,6342,1729,5633,826,49,1688,7703,45,7997,2176,7633,5913,3301,7305,7960,7676,8058,6689,7959,4356,1687,1,7992,2378,4206,7940,7253,7742,6170,7422],"tags":[7989,7881,4321,7875,7478,7472,8004,177,7996,8010,8001,8003,559,7891,7481,8005,8007,8009,7489,842,7998,7469,7994,7889,8006,7724,8057,8011,8002,4366,7461],"class_list":["post-19863","post","type-post","status-publish","format-standard","hentry","category-8000","category-2175","category-7840","category-4865","category-1975","category-4619","category-3214","category-2520","category-2523","category-2153","category-2578","category-2008","category-2126","category-2398","category-2626","category-2409","category-2698","category-1988","category-4679","category-5875","category-2449","category-2037","category-2455","category-5665","category-5750","category-2359","category-1607","category-2680","category-4220","category-1606","category-5595","category-35-mm-film","category-35-mm-projektoren","category-al-szeckler","category-all-quiet-on-the-westrn-front","category-arisierer","category-arisiert","category-arisierung","category-aus-dem-antiquariat","category-berlin","category-blaue-engel","category-carl-laemmle","category-carl-laemmle-2","category-deutsche","category-deutsche-filme","category-deutscher-film","category-deutsches-reich","category-drehbuchautor","category-dritten-reich","category-erich-maria-remark","category-erich-maria-remarque","category-film","category-film-kurier","category-film-museum","category-filmkritik","category-fotos","category-gerd-albrecht","category-geschichte-des-films","category-hanns-brodnitz","category-hollywood","category-im-kino","category-im-westen-nicht-neues","category-im-westen-nichts-neues","category-juden","category-karl-wolffsohn","category-kiew","category-kinobesitzer","category-kinogeschichte","category-kz-konzentrationslager","category-lbb","category-lebende-photographien","category-licht-bild-buehne","category-lichtbildbuehne","category-max-winkler","category-nazis","category-nsdap","category-nutzloses-wissen","category-original-kinematograph","category-prag","category-regisseur","category-remarque","category-restitution","category-rhythmographie","category-rhytmographie","category-rohnstein-film-gmbh","category-russland","category-synchronisation","category-theresienstadt","category-ufa-2","category-uncategorized","category-universal","category-universal-film-studios","category-verboten","category-wuerzburg","category-zensur","category-zufallsfund","category-zweispaeltiges-hollywood","category-zwiespaeltiges-hollywood","tag-abel","tag-alfred-luedtke","tag-all-quiet-on-the-western-front","tag-alte-jacobstr-133","tag-alte-jakobstr-133","tag-carl-robert-blum","tag-coepenick","tag-deutsches-filmmuseum","tag-erich-luschnath","tag-flemmingstr","tag-hitchcock","tag-ich-kaempfe-um-dich","tag-im-westen-nichts-neues","tag-karl-robert-blum","tag-konrad-paul-rohnstein","tag-koepenick","tag-lindenallee-4","tag-lindenthaler-allee","tag-luedtke","tag-muenchen","tag-nutzloses-wissen","tag-rhythmographie-gmbh","tag-rhythmogrphie","tag-rhytmographie","tag-rohnsstein-film-gmbh","tag-rohnstein","tag-rohnstein-film-gmbh","tag-russischer-sektor","tag-spellbound","tag-theresienstadt","tag-viktor-abel"],"_links":{"self":[{"href":"https:\/\/www.medienberatungev.org\/index.php?rest_route=\/wp\/v2\/posts\/19863","targetHints":{"allow":["GET"]}}],"collection":[{"href":"https:\/\/www.medienberatungev.org\/index.php?rest_route=\/wp\/v2\/posts"}],"about":[{"href":"https:\/\/www.medienberatungev.org\/index.php?rest_route=\/wp\/v2\/types\/post"}],"author":[{"embeddable":true,"href":"https:\/\/www.medienberatungev.org\/index.php?rest_route=\/wp\/v2\/users\/2"}],"replies":[{"embeddable":true,"href":"https:\/\/www.medienberatungev.org\/index.php?rest_route=%2Fwp%2Fv2%2Fcomments&post=19863"}],"version-history":[{"count":131,"href":"https:\/\/www.medienberatungev.org\/index.php?rest_route=\/wp\/v2\/posts\/19863\/revisions"}],"predecessor-version":[{"id":29849,"href":"https:\/\/www.medienberatungev.org\/index.php?rest_route=\/wp\/v2\/posts\/19863\/revisions\/29849"}],"wp:attachment":[{"href":"https:\/\/www.medienberatungev.org\/index.php?rest_route=%2Fwp%2Fv2%2Fmedia&parent=19863"}],"wp:term":[{"taxonomy":"category","embeddable":true,"href":"https:\/\/www.medienberatungev.org\/index.php?rest_route=%2Fwp%2Fv2%2Fcategories&post=19863"},{"taxonomy":"post_tag","embeddable":true,"href":"https:\/\/www.medienberatungev.org\/index.php?rest_route=%2Fwp%2Fv2%2Ftags&post=19863"}],"curies":[{"name":"wp","href":"https:\/\/api.w.org\/{rel}","templated":true}]}}