{"id":20824,"date":"2022-12-13T13:34:18","date_gmt":"2022-12-13T13:34:18","guid":{"rendered":"https:\/\/www.medienberatungev.org\/?p=20824"},"modified":"2025-05-07T17:33:55","modified_gmt":"2025-05-07T17:33:55","slug":"apropos-georg-willroda","status":"publish","type":"post","link":"https:\/\/www.medienberatungev.org\/?p=20824","title":{"rendered":"Briefe an Wiebeke (XXI-21) Apropos Georg Willroda"},"content":{"rendered":"<div class=\"wp-block-image\">\n<figure class=\"alignright size-full is-resized\"><a href=\"https:\/\/www.medienberatungev.org\/wp-content\/uploads\/2022\/06\/Roemische-Zahlen-am-Heck.jpg\"><img loading=\"lazy\" decoding=\"async\" width=\"220\" height=\"330\" src=\"https:\/\/www.medienberatungev.org\/wp-content\/uploads\/2022\/06\/Roemische-Zahlen-am-Heck.jpg\" alt=\"Romische Zahlen am BUG\" class=\"wp-image-17347\" style=\"width:114px;height:171px\" srcset=\"https:\/\/www.medienberatungev.org\/wp-content\/uploads\/2022\/06\/Roemische-Zahlen-am-Heck.jpg 220w, https:\/\/www.medienberatungev.org\/wp-content\/uploads\/2022\/06\/Roemische-Zahlen-am-Heck-200x300.jpg 200w\" sizes=\"auto, (max-width: 220px) 85vw, 220px\" \/><\/a><\/figure>\n<\/div>\n\n\n<p>Hallo Wiebeke, beim Lesen habe ich bei mir gedacht, das  k\u00f6nnte Dir gefallen. Und weil das Buch nicht gut auf den Skanner geht, dabei w\u00fcrde es sicher auseinanderbrechen, habe ich das Fundst\u00fcck f\u00fcr Dich abgeschrieben:<\/p>\n\n\n<p><a href=\"https:\/\/www.medienberatungev.org\/wp-content\/uploads\/2022\/12\/PDF-Der-Wartburg-und-der-Elefant.pdf\">PDF Der Wartburg und der Elefant<\/a><\/p>\n\n<div class=\"wp-block-image\">\n<figure class=\"alignleft size-large is-resized\"><a href=\"https:\/\/www.medienberatungev.org\/wp-content\/uploads\/2022\/12\/Buchumschlag-Das-Tier-lacht-nicht.jpg\"><img loading=\"lazy\" decoding=\"async\" width=\"710\" height=\"1024\" src=\"https:\/\/www.medienberatungev.org\/wp-content\/uploads\/2022\/12\/Buchumschlag-Das-Tier-lacht-nicht-710x1024.jpg\" alt=\"\" class=\"wp-image-20854\" style=\"width:230px;height:331px\"\/><\/a><\/figure>\n<\/div>\n\n\n<p class=\"has-drop-cap\"><strong>Das Auto und der Elefant.<\/strong><\/p>\n\n\n\n<p>Der Geiger zog die Handbremse. Der gr\u00fcne Wartburg stand. Ein Mann mit der Firma &#8222;Circus Busch&#8220; an der M\u00fctze kam heran. &#8222;Einen Moment bitte, wir laden gerade aus.&#8220; Und vom nahen Bahnhof zur anderen Stra\u00dfenseite zogen Kamele, Giraffen, L\u00f6wen, Nilpferde, richtige Pferde, Seepferde, sprechende Hunde, Schweinehunde und was so ein Zirkus noch alles birgt. Zum Schlu\u00df kamen die Elefanten, ohrenschlackernd, r\u00fcsselschwenkend und mit kleinen fr\u00f6hlichen \u00c4uglein.<\/p>\n\n\n\n<p>Pl\u00f6tzlich blieb die Elefantenkuh Rosamunde stehen. Neugierig \u00e4ugte sie zum Auto, das gr\u00fcn und glitzernd dastand. Rosamundes R\u00fcssel tankte einige Pfund Stra\u00dfenstaub und pustete ihn gegen den gr\u00fcnen Lack. Der Wagen blieb, wo er war. Nun denn, sagte sich Frau Elefant, drehte sich um und setzte sich, vorsichtig und langsam, auf den K\u00fchler. Es klirrte und knackte erheblich. Der Geiger nudelte das Fenster herunter und erkundigte sich h\u00f6flich beim Tierw\u00e4rter, ob dieser reizende Spa\u00dfvogel von Elefant immer so lustig aufgelegt sei.<\/p>\n\n\n\n<p>Der W\u00e4rter entschuldigte sich vieltausendmal. Dieser Elefant sei es gewohnt, f\u00fcr seine Mundharmonika-Nummer in der Manege ein gr\u00fcnes St\u00fch\u013achen zu benutzen. Nun, er wird sich dessen erinnert haben, die gr\u00fcne Farbe sei daran schuld, und der Zirkus sei da und dort versichert. Der Geiger tobte: &#8222;Diesem Vieh Mundharmonika beizubringen, das k\u00f6nnt ihr, aber den Unterschied zwischen einem gr\u00fcnen St\u00fchlchen und einem gr\u00fcnen Auto \u00fcberzeugend darzustellen, steht wohl nicht im Plan?&#8220; Der Elefant und der W\u00e4rter brachen die Unterhaltung ab und gaben die Bahn frei. Trotz Beulen und Schrammen lief die Karre noch.<\/p>\n\n\n\n<p>Nun hatte sich aber in der N\u00e4he ein Verkehrsungl\u00fcck ereignet. Mehrere Wagen waren zusammengesto\u00dfen, und einige hatten sich der Verkehrspolizei durch Flucht entzogen. Streifenwagen fahndeten nach defekten Autos. Auch unseren Geiger hielt eine Wei\u00dfe Maus an. Der Wachtmeister wies ernst und vorwurfsvoll auf den zerbeulten K\u00fchler. &#8222;Was war das?&#8220;<\/p>\n\n\n\n<p>Der Geiger nudelt wieder sein Fenster runter.<\/p>\n\n\n\n<p>&#8222;Da hat sich ein Elefant draufgesetzt.&#8220;<\/p>\n\n\n\n<p>Der Polizist strich sich \u00fcber die Nase. &#8222;Sagen Sie das noch mal, bitte!&#8220;<\/p>\n\n\n\n<p>Der Geiger wiederholte, langsam und wohlakzentuiert: &#8222;Auf diesem K\u00fchler hat ein Elefant gesessen.&#8220;<\/p>\n\n\n\n<p>Der Verkehrspolizist beugte sich durch das Wagenfenster. Er sah dem Geiger tief und nachdenklich in die Augen.<\/p>\n\n\n\n<p>&#8222;K\u00f6nnen Sie mir bitte noch einmal sagen, wer sich da drauf gesetzt hat? Ich f\u00fcrchte, mich verh\u00f6rt zu haben, wissen Sie?&#8220;<\/p>\n\n\n\n<p>&#8222;Mein Gott! Ein Elefant hat da drauf gesessen. Sonst spielt er Mundharmonika, diesmal hatte er sie wohl nicht bei sich.&#8220;<\/p>\n\n\n\n<p>Der Polizist zog seinen Kopf aus dem Auto, \u00f6ffnete die T\u00fcr, r\u00fcckte das Koppel gerade und sprach: &#8222;Sie steigen aus und kommen mit zur Blutprobe!&#8220;.<\/p>\n\n\n\n<p>(Georg Willroda)<\/p>\n\n\n\n<p>(Gefunden auf Seite 58 des Buches:<strong> Das Tier lacht nicht<\/strong>. Erschienen im Eulenspiegel Verlag Berlin. 4. verbesserte Auflage 1974. Printed in the German Democratic Republic. EVP 14,60)<\/p>\n\n\n\n<p>Im mu\u00df gestehen, ich hatte bei dieser Verwechslung der Elefantenfrau, f\u00fcr sie  volles Verst\u00e4ndnis. Und sie hat sich ja auch, wie Willroda schreibt: &#8222;setzte sich, vorsichtig und langsam, auf den K\u00fchler&#8220; gesetzt. J.<\/p>\n\n\n<div class=\"wp-block-image\">\n<figure class=\"alignright size-large is-resized\"><a href=\"https:\/\/www.medienberatungev.org\/wp-content\/uploads\/2019\/11\/nilpferd_einauge1-e1573151400812.jpg\"><img loading=\"lazy\" decoding=\"async\" width=\"1024\" height=\"686\" src=\"https:\/\/www.medienberatungev.org\/wp-content\/uploads\/2019\/11\/nilpferd_einauge1-1024x686.jpg\" alt=\"Tier Nilpferd\" class=\"wp-image-10182\" style=\"width:199px;height:auto\"\/><\/a><figcaption class=\"wp-element-caption\">Zeichnung Helga Bachmann<\/figcaption><\/figure>\n<\/div>","protected":false},"excerpt":{"rendered":"<p>Hallo Wiebeke, beim Lesen habe ich bei mir gedacht, das k\u00f6nnte Dir gefallen. Und weil das Buch nicht gut auf den Skanner geht, dabei w\u00fcrde es sicher auseinanderbrechen, habe ich das Fundst\u00fcck f\u00fcr Dich abgeschrieben: PDF Der Wartburg und der Elefant Das Auto und der Elefant. Der Geiger zog die Handbremse. Der gr\u00fcne Wartburg stand. &hellip; <a href=\"https:\/\/www.medienberatungev.org\/?p=20824\" class=\"more-link\"><span class=\"screen-reader-text\">\u201eBriefe an Wiebeke (XXI-21) Apropos Georg Willroda\u201c<\/span> weiterlesen<\/a><\/p>\n","protected":false},"author":2,"featured_media":0,"comment_status":"open","ping_status":"open","sticky":false,"template":"","format":"standard","meta":{"footnotes":""},"categories":[2049,199,1844,6486,6485,8164,8162,8161,1,8163,7742],"tags":[8155,8160,4939,8159,8158,8157,8165,8156],"class_list":["post-20824","post","type-post","status-publish","format-standard","hentry","category-2049","category-berlin","category-berlin-buch","category-berlin-hauptstadt-der-ddr","category-berlin-ost","category-circus-busch","category-das-auto-und-der-elefant","category-georg-willroda","category-uncategorized","category-wartburg","category-zufallsfund","tag-das-auto-und-der-elefant","tag-das-tier-lacht-nicht","tag-elefanten","tag-eulenspiegel-verlag","tag-georg-willroda","tag-rosamunde","tag-trabant-und-elefant","tag-wartburg"],"_links":{"self":[{"href":"https:\/\/www.medienberatungev.org\/index.php?rest_route=\/wp\/v2\/posts\/20824","targetHints":{"allow":["GET"]}}],"collection":[{"href":"https:\/\/www.medienberatungev.org\/index.php?rest_route=\/wp\/v2\/posts"}],"about":[{"href":"https:\/\/www.medienberatungev.org\/index.php?rest_route=\/wp\/v2\/types\/post"}],"author":[{"embeddable":true,"href":"https:\/\/www.medienberatungev.org\/index.php?rest_route=\/wp\/v2\/users\/2"}],"replies":[{"embeddable":true,"href":"https:\/\/www.medienberatungev.org\/index.php?rest_route=%2Fwp%2Fv2%2Fcomments&post=20824"}],"version-history":[{"count":35,"href":"https:\/\/www.medienberatungev.org\/index.php?rest_route=\/wp\/v2\/posts\/20824\/revisions"}],"predecessor-version":[{"id":29823,"href":"https:\/\/www.medienberatungev.org\/index.php?rest_route=\/wp\/v2\/posts\/20824\/revisions\/29823"}],"wp:attachment":[{"href":"https:\/\/www.medienberatungev.org\/index.php?rest_route=%2Fwp%2Fv2%2Fmedia&parent=20824"}],"wp:term":[{"taxonomy":"category","embeddable":true,"href":"https:\/\/www.medienberatungev.org\/index.php?rest_route=%2Fwp%2Fv2%2Fcategories&post=20824"},{"taxonomy":"post_tag","embeddable":true,"href":"https:\/\/www.medienberatungev.org\/index.php?rest_route=%2Fwp%2Fv2%2Ftags&post=20824"}],"curies":[{"name":"wp","href":"https:\/\/api.w.org\/{rel}","templated":true}]}}