{"id":20902,"date":"2022-12-23T11:44:07","date_gmt":"2022-12-23T11:44:07","guid":{"rendered":"https:\/\/www.medienberatungev.org\/?p=20902"},"modified":"2025-04-19T12:31:49","modified_gmt":"2025-04-19T12:31:49","slug":"briefe-an-wiebeke-xxxii-winterunterwaesche","status":"publish","type":"post","link":"https:\/\/www.medienberatungev.org\/?p=20902","title":{"rendered":"Briefe an Wiebeke (XXXII-32) Winterunterw\u00e4sche"},"content":{"rendered":"\n<div class=\"wp-block-image\"><figure class=\"alignleft size-large is-resized\"><a href=\"https:\/\/www.medienberatungev.org\/wp-content\/uploads\/2022\/12\/Ben-Hecht.jpg\"><img loading=\"lazy\" decoding=\"async\" src=\"https:\/\/www.medienberatungev.org\/wp-content\/uploads\/2022\/12\/Ben-Hecht-605x1024.jpg\" alt=\"\" class=\"wp-image-20913\" width=\"135\" height=\"229\"\/><\/a><\/figure><\/div>\n\n\n\n<p>Briefe an Wiebeke (XXXII)<\/p>\n\n\n\n<div class=\"wp-block-image\"><figure class=\"alignright size-full is-resized\"><a href=\"https:\/\/www.medienberatungev.org\/wp-content\/uploads\/2022\/06\/Roemische-Zahlen-am-Heck.jpg\"><img loading=\"lazy\" decoding=\"async\" src=\"https:\/\/www.medienberatungev.org\/wp-content\/uploads\/2022\/06\/Roemische-Zahlen-am-Heck.jpg\" alt=\"Romische Zahlen am BUG\" class=\"wp-image-17347\" width=\"126\" height=\"189\" srcset=\"https:\/\/www.medienberatungev.org\/wp-content\/uploads\/2022\/06\/Roemische-Zahlen-am-Heck.jpg 220w, https:\/\/www.medienberatungev.org\/wp-content\/uploads\/2022\/06\/Roemische-Zahlen-am-Heck-200x300.jpg 200w\" sizes=\"auto, (max-width: 126px) 85vw, 126px\" \/><\/a><\/figure><\/div>\n\n\n\n<p>Hallo Wiebeke,<\/p>\n\n\n\n<p>Ben Hecht hat geschrieben, nat\u00fcrlich nicht mir, sondern als Reporter der amerikanischen Zeitung Daily News: <em>&#8222;Ich war ein vierundzwanzigj\u00e4hriger junger Mann, als ich deutschen Boden betrat. Als ich ihn verlie\u00df, hatte mein jugendlicher Zynismus viel von seinem Grinsen verloren.&#8220; <\/em> ( . . . )<\/p>\n\n\n\n<p>\u00dcber seine Begegnung mit Karl Liebknecht schrieb er: &#8222;<em>Dieser kleine Mann war offensichtlich Karl Liebknecht. Erst eine Stunde zuvor hatte ich von ihm geh\u00f6rt (obgleich er f\u00fcr das politisch denkende Volk weltber\u00fchmt war). Es war meine erste Begegnung mit Brutus, Robespierre, Garibaldi, Bolivar, Washington <\/em><em>\u2014 ein F\u00fchrer der Revolution, ein St\u00fcrmer der K\u00f6nigspal\u00e4ste. Er drang in das Schlo\u00df ein, einhundert Matrosen folgten ihm. Die Zivilisten blieben drau\u00dfen im Schnee. Es wurden keine Befehle erteilt. Es sah aus wie eine Revolution, bei der jedermann machen konnte, was er wollte. In Sachen Politik so unwissend wie ein Igorote, war ich trotzdem ein guter Reporter und hinsichtlich dieser Nacht fast immer ein gl\u00fccklicher. Ich stellte keine Fragen und folgte Liebknecht&#8220;. <\/em>( . . . )<\/p>\n\n\n\n<p><em>&#8222;Ich gelangte in ein weitr\u00e4umiges Schlafzimmer. Die gro\u00dfen Matrosen standen in Reihe angetreten an seinen W\u00e4nden. Ihre Karabiner ber\u00fchrten den Boden, ihre Gesichter blickten in starrer Aufmerksamkeit nach oben. Liebknechts Stimme schrie fremdartige S\u00e4tze in einem von des Kaisers Schlafzimmern. Ich erkannte einige wieder \u2014 \u00bbdie Freiheit f\u00fcr das Proletariat ist angebrochen \u2014 die Arbeiter sind die neue Dynastie \u2014\u00ab<\/em><\/p>\n\n\n\n<p><em>Niemand r\u00fchrte sich nach der Rede oder lie\u00df einen Ton vernehmen. Liebknecht begann sich auszuziehen. In seinen schwarzen Augen lag ein zorniger, lyrischer Blick. Liebknecht, der kleine Arbeiter mit einem guten Mundwerk, zog sich im Schlafzimmer eines Hohenzoller-Kaisers aus \u2015 und war im Begriff, sich in das Bett des Kaisers zu legen!<\/em><\/p>\n\n\n\n<p><em>Nach einigen Minuten stand Liebknecht barfu\u00df in langer Winterunterw\u00e4sche. Einige der Kn\u00f6pfe fehlten, und das Ges\u00e4\u00dfteil war vom zu vielen Waschen ausgebeult. Er hob eine prallvolle Aktentasche und vier umfangreiche B\u00fccher auf. Mit diesen Sachen unter seinem Arm n\u00e4herte er sich dem kaiserlichen Bett. Jemand schaltete die Deckenbeleuchtung aus. Eine Lampe auf dem spindelbeinigen Nachttisch blieb brennen. Der weisse Schnee fiel wie ein Gesicht in alle Fenster.<\/em><\/p>\n\n\n\n<p><em>Die Matrosen waren erstarrt. Sie standen da und beobachteten, wie sich der kleine Mann in der h\u00e4uslichen Bekleidung langer Unterw\u00e4sche dem k\u00f6niglichen Bett n\u00e4herte, und ich sp\u00fcrte, da\u00df ein sonderbarer Kampf stattfand \u2015 einer, \u00fcber den ich niemals in den Geschichten von Revolutionen gelesen hatte. Schattenhafte Wesen lieferten den hundert b\u00e4nderbem\u00fctzten Matrosen, die an der Wand standen, den Kampf. <\/em>( . . . )<\/p>\n\n\n\n<p><em>Liebknecht, der Volksf\u00fchrer, plazierte seine prallvolle Aktentasche und vier Nachschlagewerke auf den kleinen Nachttisch und kroch zwischen die kalten k\u00f6niglichen Laken. Im Raum lastete das Schweigen. Ich h\u00f6rte die k\u00f6niglichen Sprungfedern quietschen, als Liebknecht seine Beine ausstreckte. Dann, als er sich umdrehte, um ein Buch zu nehmen gab es pl\u00f6tzlich einen durchdringenden L\u00e4rm. Der spindelbeinige Nachttisch, eine Antiquit\u00e4t, war unter dem ungewohnten Gewicht revolution\u00e4rer Literatur zusammengebrochen. Die Lampe schlug auf den Boden, und eine der Birnen explodierte. Und die Soldaten der Revolution flohen. Bis auf den letzten Mann flitzten die hundert Matrosen halb in Panik aus dem Schlafzimmer, von mehr Geistern in die Flucht geschlagen, als ich mir je hatte vorstellen k\u00f6nnen. Ich begann mein erstes Telegramm an die Daily News, die mit siebzig amerikanischen Zeitungen assoziiert war, mit der Information: \u00bbKaiser Wilhelm kehrte letzte Nacht nach Berlin zur\u00fcck\u00ab.&#8220;<\/em> (Abgeschrieben aus dem Buch: Ben Hecht &#8211; Revolution in der Teekanne,  Geschichten aus Deutschland 1919, erschienen im Wolke Verlag, Hofheim, 1989. Fallobst Band 1. Aus dem Amerikanischen von Dieter H. St\u00fcndel und Helga Herborth . (111 Seiten). ISBN 3-923997-24-8<\/p>\n\n\n\n<div class=\"wp-block-image\"><figure class=\"alignright size-full is-resized\"><a href=\"https:\/\/www.medienberatungev.org\/wp-content\/uploads\/2016\/06\/Tieresehendichan2klein.jpg\"><img loading=\"lazy\" decoding=\"async\" src=\"https:\/\/www.medienberatungev.org\/wp-content\/uploads\/2016\/06\/Tieresehendichan2klein.jpg\" alt=\"Tier\" class=\"wp-image-14960\" width=\"177\" height=\"136\" srcset=\"https:\/\/www.medienberatungev.org\/wp-content\/uploads\/2016\/06\/Tieresehendichan2klein.jpg 500w, https:\/\/www.medienberatungev.org\/wp-content\/uploads\/2016\/06\/Tieresehendichan2klein-300x230.jpg 300w\" sizes=\"auto, (max-width: 177px) 85vw, 177px\" \/><\/a><\/figure><\/div>\n\n\n\n<div class=\"wp-block-image\"><figure class=\"alignleft size-full is-resized\"><a href=\"https:\/\/www.medienberatungev.org\/wp-content\/uploads\/2022\/12\/Igorote.jpg\"><img loading=\"lazy\" decoding=\"async\" src=\"https:\/\/www.medienberatungev.org\/wp-content\/uploads\/2022\/12\/Igorote.jpg\" alt=\"\" class=\"wp-image-20926\" width=\"189\" height=\"125\" srcset=\"https:\/\/www.medienberatungev.org\/wp-content\/uploads\/2022\/12\/Igorote.jpg 615w, https:\/\/www.medienberatungev.org\/wp-content\/uploads\/2022\/12\/Igorote-300x199.jpg 300w\" sizes=\"auto, (max-width: 189px) 85vw, 189px\" \/><\/a><figcaption>Postkarte<\/figcaption><\/figure><\/div>\n\n\n<p><a href=\"https:\/\/www.medienberatungev.org\/wp-content\/uploads\/2022\/12\/pdf-Briefe-an-Wiebeke-XXXII-Winterunterwaesche.pdf\">pdf Briefe an Wiebeke (XXXII) Winterunterw\u00e4sche<\/a><\/p>\n\n\n<p><\/p>\n","protected":false},"excerpt":{"rendered":"<p>Briefe an Wiebeke (XXXII) Hallo Wiebeke, Ben Hecht hat geschrieben, nat\u00fcrlich nicht mir, sondern als Reporter der amerikanischen Zeitung Daily News: &#8222;Ich war ein vierundzwanzigj\u00e4hriger junger Mann, als ich deutschen Boden betrat. Als ich ihn verlie\u00df, hatte mein jugendlicher Zynismus viel von seinem Grinsen verloren.&#8220; ( . . . ) \u00dcber seine Begegnung mit Karl &hellip; <a href=\"https:\/\/www.medienberatungev.org\/?p=20902\" class=\"more-link\"><span class=\"screen-reader-text\">\u201eBriefe an Wiebeke (XXXII-32) Winterunterw\u00e4sche\u201c<\/span> weiterlesen<\/a><\/p>\n","protected":false},"author":2,"featured_media":0,"comment_status":"open","ping_status":"open","sticky":false,"template":"","format":"standard","meta":{"footnotes":""},"categories":[2358,1916,7138,4619,3214,2217,6275,2790,7156,3420,2920,8170,199,1844,1050,2489,2571,8171,4511,1489,4286,1217,123,1,7742,2701,2702,6170,7422],"tags":[8167,3695,5790,8166,4794,8168,8169],"class_list":["post-20902","post","type-post","status-publish","format-standard","hentry","category-2358","category-1916","category-7138","category-4619","category-3214","category-2217","category-35-mm-film","category-arbeiter","category-arbeiterbewegung","category-arbeiterin","category-arbeiterklasse","category-ben-hecht","category-berlin","category-berlin-buch","category-briefe","category-deutsches-reich","category-diletanttenhaufen","category-hohenzoller","category-juden","category-kaiser-wilhelm","category-kaiser-wilhelm-ii","category-presse","category-spd","category-uncategorized","category-zufallsfund","category-zusammensprudelln","category-zusammensprudeln","category-zweispaeltiges-hollywood","category-zwiespaeltiges-hollywood","tag-ben-hecht","tag-kaiser-wilhelm","tag-karl-liebknecht","tag-liebknecht","tag-matrosen","tag-revolution-in-der-teekanne","tag-winterunterwaesche"],"_links":{"self":[{"href":"https:\/\/www.medienberatungev.org\/index.php?rest_route=\/wp\/v2\/posts\/20902","targetHints":{"allow":["GET"]}}],"collection":[{"href":"https:\/\/www.medienberatungev.org\/index.php?rest_route=\/wp\/v2\/posts"}],"about":[{"href":"https:\/\/www.medienberatungev.org\/index.php?rest_route=\/wp\/v2\/types\/post"}],"author":[{"embeddable":true,"href":"https:\/\/www.medienberatungev.org\/index.php?rest_route=\/wp\/v2\/users\/2"}],"replies":[{"embeddable":true,"href":"https:\/\/www.medienberatungev.org\/index.php?rest_route=%2Fwp%2Fv2%2Fcomments&post=20902"}],"version-history":[{"count":16,"href":"https:\/\/www.medienberatungev.org\/index.php?rest_route=\/wp\/v2\/posts\/20902\/revisions"}],"predecessor-version":[{"id":28767,"href":"https:\/\/www.medienberatungev.org\/index.php?rest_route=\/wp\/v2\/posts\/20902\/revisions\/28767"}],"wp:attachment":[{"href":"https:\/\/www.medienberatungev.org\/index.php?rest_route=%2Fwp%2Fv2%2Fmedia&parent=20902"}],"wp:term":[{"taxonomy":"category","embeddable":true,"href":"https:\/\/www.medienberatungev.org\/index.php?rest_route=%2Fwp%2Fv2%2Fcategories&post=20902"},{"taxonomy":"post_tag","embeddable":true,"href":"https:\/\/www.medienberatungev.org\/index.php?rest_route=%2Fwp%2Fv2%2Ftags&post=20902"}],"curies":[{"name":"wp","href":"https:\/\/api.w.org\/{rel}","templated":true}]}}