{"id":2206,"date":"2017-02-23T13:34:49","date_gmt":"2017-02-23T13:34:49","guid":{"rendered":"http:\/\/www.medienberatungev.org\/?p=2206"},"modified":"2025-05-02T15:40:40","modified_gmt":"2025-05-02T15:40:40","slug":"friderike-bianca-und-jeremias-henschel-1930","status":"publish","type":"post","link":"https:\/\/www.medienberatungev.org\/?p=2206","title":{"rendered":"Friderike, Bianca und Jeremias Henschel am 18. Oktober 1930 in Baden Baden"},"content":{"rendered":"<figure id=\"attachment_2207\" aria-describedby=\"caption-attachment-2207\" style=\"width: 4112px\" class=\"wp-caption alignleft\"><a href=\"http:\/\/www.medienberatungev.org\/wp-content\/uploads\/2017\/02\/fridabiancajeremiashenschel1930.jpg\"><img loading=\"lazy\" decoding=\"async\" class=\"size-full wp-image-2207\" src=\"http:\/\/www.medienberatungev.org\/wp-content\/uploads\/2017\/02\/fridabiancajeremiashenschel1930.jpg\" alt=\"Friderike, Jeremias und Bianca Henschel 18. Oktober 1930 Horst Urich Sass (der Enkel)\" width=\"4112\" height=\"2686\"><\/a><figcaption id=\"caption-attachment-2207\" class=\"wp-caption-text\">Friderike, Jeremias und Bianca Henschel am 18. Oktober 1930 vor dem Hotel Europ\u00e4ischer Hof in Baden Baden in Deutschland.<\/figcaption><\/figure>\n<p><a href=\"http:\/\/www.medienberatungev.org\/?attachment_id=6877\" rel=\"attachment wp-att-6877\"><img loading=\"lazy\" decoding=\"async\" class=\"wp-image-6877 alignleft\" src=\"http:\/\/www.medienberatungev.org\/wp-content\/uploads\/2018\/06\/Tieresehendichan3-1024x780.jpg\" alt=\"\" width=\"177\" height=\"135\"><\/a><a href=\"http:\/\/www.medienberatungev.org\/?attachment_id=5796\" rel=\"attachment wp-att-5796\"><img loading=\"lazy\" decoding=\"async\" class=\"wp-image-5796 alignright\" src=\"http:\/\/www.medienberatungev.org\/wp-content\/uploads\/2018\/03\/By-nc-sa_color.png\" alt=\"\" width=\"136\" height=\"92\" srcset=\"https:\/\/www.medienberatungev.org\/wp-content\/uploads\/2018\/03\/By-nc-sa_color.png 720w, https:\/\/www.medienberatungev.org\/wp-content\/uploads\/2018\/03\/By-nc-sa_color-300x202.png 300w\" sizes=\"auto, (max-width: 136px) 85vw, 136px\" \/><\/a><\/p>\n\n\n<figure class=\"wp-block-image size-large\"><img loading=\"lazy\" decoding=\"async\" width=\"1024\" height=\"831\" src=\"https:\/\/www.medienberatungev.org\/wp-content\/uploads\/2020\/07\/TalmudToraSchule1879-1024x831.png\" alt=\"\" class=\"wp-image-12217\"\/><\/figure>\n\n\n<div class=\"wp-block-image\">\n<figure class=\"alignright size-large is-resized\"><img loading=\"lazy\" decoding=\"async\" width=\"180\" height=\"280\" src=\"https:\/\/www.medienberatungev.org\/wp-content\/uploads\/2020\/07\/semmyengel.jpeg\" alt=\"\" class=\"wp-image-12215\" style=\"width:168px;height:auto\"\/><figcaption class=\"wp-element-caption\">Architekt Semmy Engel <\/figcaption><\/figure>\n<\/div>\n\n\n<p class=\"has-drop-cap\">Talmud Tora Abschlussklasse von 1879. Der Photograph ist Elias Wohlgemuth  (Foto von 1879). Sein Atelier befand sich  in der <strong>2. Jacobstrasse Nr. 11 <\/strong>in <strong>Hamburg<\/strong>, im  <strong>IV. Stock<\/strong>. Leider ist keine Namensliste dieser 22 Sch\u00fcler auffindbar. Es gibt die Vermutung, dass sich unter den abgebildeten Personen befinden: Der sp\u00e4tere Architekt <strong>Semmy Engel<\/strong> und der sp\u00e4tere Kinopionier <strong>Jeremias Henschel<\/strong>, die vermutlich beide 1870 in die Talmud Tora Schule Kohlh\u00f6fen 19\/20 eingeschult wurden.<\/p>\n","protected":false},"excerpt":{"rendered":"<p>Talmud Tora Abschlussklasse von 1879. Der Photograph ist Elias Wohlgemuth (Foto von 1879). Sein Atelier befand sich in der 2. Jacobstrasse Nr. 11 in Hamburg, im IV. Stock. Leider ist keine Namensliste dieser 22 Sch\u00fcler auffindbar. Es gibt die Vermutung, dass sich unter den abgebildeten Personen befinden: Der sp\u00e4tere Architekt Semmy Engel und der sp\u00e4tere &hellip; <a href=\"https:\/\/www.medienberatungev.org\/?p=2206\" class=\"more-link\"><span class=\"screen-reader-text\">\u201eFriderike, Bianca und Jeremias Henschel am 18. Oktober 1930 in Baden Baden\u201c<\/span> weiterlesen<\/a><\/p>\n","protected":false},"author":2,"featured_media":0,"comment_status":"open","ping_status":"open","sticky":false,"template":"","format":"standard","meta":{"footnotes":""},"categories":[5927,5935,3995,298,2620,1245,1618,945,82,16,1833,3305,4514,5,36,3996,12,4511,1049,10,1729,826,49,831,3997,1],"tags":[57,822,3998,3999,13,48,3603,3540,4000,5955,5892,3841,5956],"class_list":["post-2206","post","type-post","status-publish","format-standard","hentry","category-5927","category-5935","category-baden-baden","category-deutscher-film","category-film","category-fotoarchiv-jens-meyer","category-fotografen","category-fotos","category-grossneumarkt","category-hamburg","category-hamburger","category-hanns-brodnitz","category-henschel","category-henschel-film-konzern","category-hermann-urich-sass","category-hotel-europaeischer-hof-baden-baden","category-jeremias-henschel","category-juden","category-kinobesitzer","category-kinogeschichte","category-lbb","category-licht-bild-buehne","category-lichtbildbuehne","category-luebeck","category-oktober-1930","category-uncategorized","tag-bianca-henschel","tag-bianca-kahn","tag-europaeischer-hof","tag-europaeischer-hof-baden-baden","tag-friderike-henschel","tag-horst-urich-sass","tag-james-henschel","tag-jeremias-henschel","tag-nachlass-rolf-arno-streit","tag-semmy","tag-semmy-engel","tag-talmud-tora-schule","tag-talmud-tora-schule-kohlhoefen-19-20"],"_links":{"self":[{"href":"https:\/\/www.medienberatungev.org\/index.php?rest_route=\/wp\/v2\/posts\/2206","targetHints":{"allow":["GET"]}}],"collection":[{"href":"https:\/\/www.medienberatungev.org\/index.php?rest_route=\/wp\/v2\/posts"}],"about":[{"href":"https:\/\/www.medienberatungev.org\/index.php?rest_route=\/wp\/v2\/types\/post"}],"author":[{"embeddable":true,"href":"https:\/\/www.medienberatungev.org\/index.php?rest_route=\/wp\/v2\/users\/2"}],"replies":[{"embeddable":true,"href":"https:\/\/www.medienberatungev.org\/index.php?rest_route=%2Fwp%2Fv2%2Fcomments&post=2206"}],"version-history":[{"count":14,"href":"https:\/\/www.medienberatungev.org\/index.php?rest_route=\/wp\/v2\/posts\/2206\/revisions"}],"predecessor-version":[{"id":29192,"href":"https:\/\/www.medienberatungev.org\/index.php?rest_route=\/wp\/v2\/posts\/2206\/revisions\/29192"}],"wp:attachment":[{"href":"https:\/\/www.medienberatungev.org\/index.php?rest_route=%2Fwp%2Fv2%2Fmedia&parent=2206"}],"wp:term":[{"taxonomy":"category","embeddable":true,"href":"https:\/\/www.medienberatungev.org\/index.php?rest_route=%2Fwp%2Fv2%2Fcategories&post=2206"},{"taxonomy":"post_tag","embeddable":true,"href":"https:\/\/www.medienberatungev.org\/index.php?rest_route=%2Fwp%2Fv2%2Ftags&post=2206"}],"curies":[{"name":"wp","href":"https:\/\/api.w.org\/{rel}","templated":true}]}}