{"id":22326,"date":"2023-04-14T14:51:34","date_gmt":"2023-04-14T14:51:34","guid":{"rendered":"https:\/\/www.medienberatungev.org\/?p=22326"},"modified":"2025-05-07T16:49:33","modified_gmt":"2025-05-07T16:49:33","slug":"sonderrundschreiben-vom-10-januar-1936","status":"publish","type":"post","link":"https:\/\/www.medienberatungev.org\/?p=22326","title":{"rendered":"Apropos Zeuge: Richard Adam"},"content":{"rendered":"\n<p>Abschrift IMG_4989.jpg Anlage H (Seite 48 der Akte Hirschel . \/. Esslen Waterloo Theater)<\/p>\n\n\n\n<p><strong>Sonderrundschreiben No. 1<\/strong><\/p>\n\n\n\n<p>Betrifft: Organisation <\/p>\n\n\n\n<p>Der Pr\u00e4sident der Reichsfilmkammer, Herr Staatsminister Professor Dr. Oswald Lehnich hat mir (mit?) Wirkung vom 6. Jan. d. J. f\u00fcr den gesamten Gesch\u00e4ftsbereich der Reichsfilmkammer einschlie\u00dflich aller Fachverb\u00e4nde und Untergliederungen einen neuen Gesch\u00e4ftsverteilungsplan erlassen. Dieser seht (sieht?) die Aufgliederung der Verwaltung der Kammer nach den Grunds\u00e4tzen der \u00f6ffentlichen Verwaltung vor. Die neue Organisation stellt die straffe Konzentration der gesamten Arbeit der Kammer sicher; durch die Bildung der Fachaussch\u00fcsse ist Gew\u00e4hr daf\u00fcr gegeben, dass die verantwortliche Mitarbeit des Berufsstandes f\u00fcr die Arbeit der Kammer erhalten bleibt und weiter ausgebaut wird.<\/p>\n\n\n\n<p>Es sind folgende vier Hauptabteilungen gebildet worden:                       Hauptabteilung I Allgemeine Verwaltung                                                                               \u201c II Politik und Kultur                                                                                                                      \u201c III K\u00fcnstlerische und soziale Betreuung und des Filmschaffens                                          \u201c IV Filmwirtschaft und -technik.\u201c                                                                              Ausserdem ist noch folgendes auszuf\u00fchren: Die Reichsfilmkammer, Hauptabteilung IV, Abt. 3 Fachgruppe Filmtheater ist zust\u00e4ndig f\u00fcr s\u00e4mtliche Angelegenheiten, welche die Filmtheater und die Angeh\u00f6rigen des Berufsstandes der Filmtheaterbesitzer ber\u00fchren. Die genannte Fachgruppe ist die an die Stelle des Reichsverbandes Deutscher Filmtheater e. V. tretende \u00f6ffentliche Dienststelle. Bei der Reichsfilmkammer werden Fachaussch\u00fcsse gebildet f\u00fcr:<\/p>\n\n\n\n<p>a) Filmproduktion b) Ein- und Ausfuhr c) Atelierbesitz d) Filmverleih e)== Filmtheater f) Filmtechnik g) Kultur- und Werbefilmhersteller (IMG_4990.jpg) Die Berufung und Abberufung der Ausschussmitglieder des Fachausschusses f\u00fcr Filmtheater erfolgt durch den Pr\u00e4sidenten der Reichsfilmkammer. Der Fachausschus f\u00fcr Filmtheater hat eine Vorsitzenden. Der Vorsitzende des Reichsverbandes Deutscher Filmtheater e. V. ist zum Vorsitzenden dieses Fachausschusses f\u00fcr Filmtheater berufen. Ebenso werden bei den Landesleitungen der Reichsfilmkammer, also den bisherigen Landesverb\u00fcnden des Reichsverbandes Deutscher Filmtheater e. V. Bezirksaussch\u00fcsse gebildet, welche bestehen aus: a) den Gaubeauftragten der Kammer aus dem Landesleitungsbezirk b) Vertreternt aus der Fachgruppe Filmtheater c) Vertretern aus der Fachgruppe Verleih d) in M\u00fcnchen ferner im Bedarfsfall aus Vertretern der Reichsfachschaft Film und der Fachgruppe Filmproduktion. Der Vorsitzende und die Mitglieder des Ausschusses werden vom Pr\u00e4sidenten der Reichsfilmkammer bestellt und abberufen. Die Durchf\u00fchrung des Aufbaus der Kammer erfolgt zun\u00e4chst nur in organisatorischer, nicht auch in haushaltsrechtlicher Hinsicht.<\/p>\n\n\n\n<p>Alle Beitr\u00e4ge der Filmtheaterbesitzer in ihrer Eigenschaft als Zugeh\u00f6rige zum Berufsstande der Filmtheaterbesitzer sind also nach wie vor in der bisherigen Weise weiter zu entrichten, und zwar wie folgt:<\/p>\n\n\n\n<p>\u201c<strong>Reichsverband Deutsche Filmtheater e.V. Bezirksleitung Norddeutschland Postscheck-Konto: \u201cRichard Adam, Verbandsbeitragskonto Hbg. 83111.<\/strong><\/p>\n\n\n\n<p>Die Mitglieder werden darauf aufmerksam gemacht, dass es sich bei der vorstehenden Regelung lediglich um eine organisatorische Zusammenfassung handelt. In allen, wie auch immer gearteten Angelegenheiten, auch soweit solche organisatorische Fragen betreffen, haben sich die Filmbesitzer in erster Linie an die Landesleitung zu wenden.<\/p>\n\n\n\n<p class=\"has-text-align-left\">H  E  I  L    H  I  T  L   E   R                                                                                       Reichsfilmkammer                                                                                                       Landesleitung Norddeutschland                                                                                                   gez.: Adam.<\/p>\n\n\n<div class=\"wp-block-image\">\n<figure class=\"alignright size-full is-resized\"><a href=\"https:\/\/www.medienberatungev.org\/wp-content\/uploads\/2013\/10\/nilpferd_tumb.png\"><img loading=\"lazy\" decoding=\"async\" width=\"1042\" height=\"830\" src=\"https:\/\/www.medienberatungev.org\/wp-content\/uploads\/2013\/10\/nilpferd_tumb.png\" alt=\"Nilpferd\" class=\"wp-image-15\" style=\"width:206px;height:auto\"\/><\/a><figcaption class=\"wp-element-caption\">Zeichnung Helga Bachmann<\/figcaption><\/figure>\n<\/div>","protected":false},"excerpt":{"rendered":"<p>Abschrift IMG_4989.jpg Anlage H (Seite 48 der Akte Hirschel . \/. Esslen Waterloo Theater) Sonderrundschreiben No. 1 Betrifft: Organisation Der Pr\u00e4sident der Reichsfilmkammer, Herr Staatsminister Professor Dr. Oswald Lehnich hat mir (mit?) Wirkung vom 6. Jan. d. J. f\u00fcr den gesamten Gesch\u00e4ftsbereich der Reichsfilmkammer einschlie\u00dflich aller Fachverb\u00e4nde und Untergliederungen einen neuen Gesch\u00e4ftsverteilungsplan erlassen. Dieser seht &hellip; <a href=\"https:\/\/www.medienberatungev.org\/?p=22326\" class=\"more-link\"><span class=\"screen-reader-text\">\u201eApropos Zeuge: Richard Adam\u201c<\/span> weiterlesen<\/a><\/p>\n","protected":false},"author":2,"featured_media":0,"comment_status":"open","ping_status":"open","sticky":false,"template":"","format":"standard","meta":{"footnotes":""},"categories":[2538,7408,69,535,2948,650,298,2489,2620,5648,8346,6443,536,1895,4665,4514,5,4273,4988,4511,2495,4661,125,1049,10,1729,5633,2811,54,7703,45,8012,7997,4403,8266,488,1254,73,5634,2472,1,1725,4512,2471,2015,7253,7742],"tags":[8556,584,8388,8389,8390,3546,8371],"class_list":["post-22326","post","type-post","status-publish","format-standard","hentry","category-arisierer","category-arisiert","category-arisierung","category-dammtorstrasse","category-deutsche","category-deutsche-filme","category-deutscher-film","category-deutsches-reich","category-film","category-film-kurier","category-films","category-geschichte-des-films","category-goebbels","category-hamburg-dammtor","category-hamburger-kinos","category-henschel","category-henschel-film-konzern","category-henschel-film-und-theaterkonzern-ohg","category-horst-urich-sass","category-juden","category-judenvermoegungsabgabe","category-juedische-fluechtlinge","category-kiel","category-kinobesitzer","category-kinogeschichte","category-lbb","category-lebende-photographien","category-luegen-ist-eine-grosse-kunst","category-manfred-hirschel","category-nazis","category-nsdap","category-nutzl-oses-wissen","category-nutzloses-wissen","category-obrigkeit","category-reichsfilmkammer","category-reichsfluchtsteuer","category-sylt","category-thalia-kino","category-theater-lebender-photographien","category-theater-nobistor","category-uncategorized","category-urich","category-urich-sass","category-waterloo-filmtheater","category-waterloo-kino","category-zensur","category-zufallsfund","tag-dr-herbert-warmbrunn","tag-reichsfilmkammer","tag-reichsfilmkammer-landesleitung-norddeutschland","tag-reichsfilmkammer-norddeutschlan","tag-reichsfilmkammer-richard-adam","tag-richard-adam","tag-warmbrunn"],"_links":{"self":[{"href":"https:\/\/www.medienberatungev.org\/index.php?rest_route=\/wp\/v2\/posts\/22326","targetHints":{"allow":["GET"]}}],"collection":[{"href":"https:\/\/www.medienberatungev.org\/index.php?rest_route=\/wp\/v2\/posts"}],"about":[{"href":"https:\/\/www.medienberatungev.org\/index.php?rest_route=\/wp\/v2\/types\/post"}],"author":[{"embeddable":true,"href":"https:\/\/www.medienberatungev.org\/index.php?rest_route=\/wp\/v2\/users\/2"}],"replies":[{"embeddable":true,"href":"https:\/\/www.medienberatungev.org\/index.php?rest_route=%2Fwp%2Fv2%2Fcomments&post=22326"}],"version-history":[{"count":5,"href":"https:\/\/www.medienberatungev.org\/index.php?rest_route=\/wp\/v2\/posts\/22326\/revisions"}],"predecessor-version":[{"id":29793,"href":"https:\/\/www.medienberatungev.org\/index.php?rest_route=\/wp\/v2\/posts\/22326\/revisions\/29793"}],"wp:attachment":[{"href":"https:\/\/www.medienberatungev.org\/index.php?rest_route=%2Fwp%2Fv2%2Fmedia&parent=22326"}],"wp:term":[{"taxonomy":"category","embeddable":true,"href":"https:\/\/www.medienberatungev.org\/index.php?rest_route=%2Fwp%2Fv2%2Fcategories&post=22326"},{"taxonomy":"post_tag","embeddable":true,"href":"https:\/\/www.medienberatungev.org\/index.php?rest_route=%2Fwp%2Fv2%2Ftags&post=22326"}],"curies":[{"name":"wp","href":"https:\/\/api.w.org\/{rel}","templated":true}]}}