{"id":23062,"date":"2023-06-09T11:48:16","date_gmt":"2023-06-09T11:48:16","guid":{"rendered":"https:\/\/www.medienberatungev.org\/?p=23062"},"modified":"2025-05-08T12:39:37","modified_gmt":"2025-05-08T12:39:37","slug":"apropos-dammthorhaus-die-anwaelte","status":"publish","type":"post","link":"https:\/\/www.medienberatungev.org\/?p=23062","title":{"rendered":"Apropos Dammthorhaus &#8211; Die Anw\u00e4lte:"},"content":{"rendered":"\n<p>(Zeichen 4.039)<\/p>\n\n\n<p><a href=\"https:\/\/www.medienberatungev.org\/wp-content\/uploads\/2023\/06\/PDF-Apropos-Die-Anwaelte-aus-dem-Dammtohaus.pdf\">PDF Apropos Die Anw\u00e4lte aus dem Dammthorhaus<\/a><\/p>\n\n\n<p><strong>Apropos Dammthorhaus<\/strong> <strong>\u2014<\/strong>                                                                                                                 <strong>Die Anw\u00e4lte aus dem Dammthorhaus in der Dammthorstra\u00dfe 14 in Hamburg<\/strong>.              In dem Buch von Dr. Heiko Morisse <strong>\u00bbJ\u00fcdische Rechtsanw\u00e4lte in Hamburg \u2014 Ausgrenzung und Verfolgung im NS-Staat\u00ab<\/strong>                                                                [erschienen im Christians Verlag Hamburg 2003] [ISBN 3-7672-1418-0] sind einige von Ihnen versammelt, die im Dammthorhaus, Dammthorstrasse 14 in Hamburg, ein B\u00fcro hatten:                                                                                                               <strong>Dazu geh\u00f6ren:<\/strong>                                                                                                                                                                                                                                                                                                                   <strong>Bauer, Otto Herbert Dr., (IV. Etage Mieter von 1933-1936).<\/strong>                                        Geboren am 10. September 1896 in Hamburg. <em>&#8222;Auf seiner Geburtsurkunde ist die j\u00fcdische Religionszugeh\u00f6rigkeit der Eltern vermerkt.&#8220;<\/em> schreibt Bj\u00f6rn Eggert in seinem Text, der zur Verlegung des Stolpersteines in der K\u00f6rnerstrasse 3 in Hamburg ver\u00f6ffentlicht wurde. Sp\u00e4ter konvertierte Dr. Otto Herbert Bauer zum Christentum. Er lie\u00df sich in der evangelischen Petrikirche in Hamburg taufen. Wann diese Taufe stattgefunden hatte, ist nicht \u00fcberliefert.<\/p>\n\n\n\n<p>Er war \u00bbKriegsfreiwilliger\u00ab im Ersten Weltkrieg. Im Januar 1915 wurde er verletzt und im Dezember 1915 wegen einer L\u00e4hmung des linken Arms infolge einer Schu\u00dfverletzung als \u00bbvorl\u00e4ufig untauglich\u00ab entlassen.<\/p>\n\n\n\n<p>Im Januar 1917 machte Otto Herbert Bauer in Cuxhaven das Abitur. Danach studierte er in M\u00fcnchen, Heidelberg und Leipzig \u2015 Jura. 1922 promovierte Bauer zum Dr. jur. in Leipzig. Im Juli 1928 erhielt er seine Zulassung als Rechtsanwalt in Hamburg.<\/p>\n\n\n<div class=\"wp-block-image\">\n<figure class=\"alignleft size-full is-resized\"><a href=\"https:\/\/www.medienberatungev.org\/wp-content\/uploads\/2025\/05\/Esslen.tif.jpg\"><img loading=\"lazy\" decoding=\"async\" width=\"220\" height=\"288\" src=\"https:\/\/www.medienberatungev.org\/wp-content\/uploads\/2025\/05\/Esslen.tif.jpg\" alt=\"\" class=\"wp-image-29476\" style=\"width:183px;height:auto\"\/><\/a><figcaption class=\"wp-element-caption\">Eugen Esslen. Der j\u00fcngere Bruder von Karl Friedrich  Esslen.<\/figcaption><\/figure>\n<\/div>\n\n\n<p>In der Firma von Eugen Esslen, dem zwei Jahre j\u00fcngeren Bruder von Karl Friedrich Esslen, wurde ihm 1930 Prokura erteilt. In der M\u00f6nckebergstra\u00dfe 8 hatten der Rechtsanwalt Dr. Otto Herbert Bauer und der Kaufmann Eugen Esslen 1930 ihre B\u00fcror\u00e4ume.<\/p>\n\n\n\n<p>Nach dem Tode von Karl Friedrich Esslen am 16. Juli 1930 wurde Dr. Otto Herbert Bauer zeitweise zum Gesch\u00e4ftsf\u00fchrer von dessen Firma: <em>\u00bbKarl E\u00dflen, Weinkellerei, Trier, Verkaufszentrale M\u00fchlenbeck bei Berlin Gesellschaft mit beschr\u00e4nkter Haftung\u00ab <\/em>ernannt. Von der Witwe Clara Esslen, die diese GmbH geerbt hatte.<\/p>\n\n\n<div class=\"wp-block-image\">\n<figure class=\"alignright size-full\"><a href=\"https:\/\/www.medienberatungev.org\/wp-content\/uploads\/2023\/03\/Bauer-Otto-1896.jpg\"><img loading=\"lazy\" decoding=\"async\" width=\"184\" height=\"238\" src=\"https:\/\/www.medienberatungev.org\/wp-content\/uploads\/2023\/03\/Bauer-Otto-1896.jpg\" alt=\"Otto Bauer\" class=\"wp-image-21974\"\/><\/a><figcaption class=\"wp-element-caption\">Dr. Otto Herber Bauer. Foto aus dem Buch von Heiko Morisse, J\u00fcdische Rechtsanw\u00e4lte in Hamburg, Ausgrenzung und Verfolgung im NS-Staat, S. 117<\/figcaption><\/figure>\n<\/div>\n\n\n<p>Mit der Hilfe von Rechtsanwalt Dr. Otto Herbert Bauer wurde der Sitz dieser Firma von M\u00fchlenbeck bei Berlin nach Hamburg verlegt und in &#8222;Waterloo Filmtheater GmbH&#8220; umbenannt. 1932 heiratete Otto Herbert Bauer Gertrud Jacob, die aus Berlin stammte.<\/p>\n\n\n\n<p>Bis zum 10. Oktober 1933 war Dr. Otto Herbert Bauer, zusammen mit Manfred Hirschel Gesch\u00e4ftsf\u00fchrer der in &#8222;Waterloo Filmtheater GmbH&#8220; umbenannten Weinhandelsfirma. Rechtsanwalt war er von 1928 bis zum seinem Berufsverbot am 30. November 1938.                                                                                                                <strong>Ein Fundst\u00fcck:<\/strong><em> Der Rechtsanwalt Dr. jur. Otto Herbert Bauer, geboren 1896, schrieb in einem Brief an seine Tochter in den USA:<\/em><\/p>\n\n\n\n<p><em>&#8222;1000 sollen deportiert werden. Auch wir geh\u00f6ren dazu, obwohl wir doch Christen sind. Einige nehmen sich das Leben. Wohin man mich schicken wird, das wei\u00df niemand. Aber ich danke dem allm\u00e4chtigen Gott, da\u00df ich die Kraft aufgebracht habe, dich geliebtes Kind, vor diesem Schicksal zu bewahren.&#8220;<\/em>                                                                                              (Zitiert nach: Hans J\u00fcrgen Benedict, Kein Trost, nirgends? Aus dem Artikel: \u00bbIn der S-Bahn reckten die Leute die H\u00e4lse\u00ab. Europ\u00e4ische Verlagsanstalt 2022)  (ISBN 978-3-86-130-8). Anmerkung: Aus andrer Quelle gibt es eine Tochter von   Otto Herbert Bauer mit Namen Ruth Ingrid Bauer. Die ist am 27. Mai 1933 in Hamburg geboren. Die w\u00e4re also 1938 erst f\u00fcnf Jahre alt gewesen. Leider liegt mir das Buch, in dem der Brief zitiert wird, nicht vor. Vermutlich gibt es in dem Buch eine  Quellenangabe. Da Otto Herbert Bauer am  10. September 1896 geboren ist, w\u00e4re eine  \u00e4ltere Tochter durchaus  m\u00f6glich. Mu\u00df man noch mal herausfinden.                                                                                                                                                                                                                                                 <\/p>\n\n\n\n<p>1942 wurde Dr. Otto Herbert Bauer verhaftet und im KZ Fuhlsb\u00fcttel eingesperrt. Am 27. August 1942 wurde er ins KZ Mauthausen deportiert und am 18. September 1942 dort ermordet.Die R\u00e4ume im Dammthorhaus, Dammthorstra\u00dfe 14, 4. Stock, hatte er von 1933 &#8211; 1936 gemietet.                                  <strong>Behrens, Emil Dr., (Mieter II. Etage im Dammthorhaus) <\/strong>                                               Geboren am 24. November 1859 in Teterow (Mecklenburg, 50 Km s\u00fcdlich von Rostock). J\u00fcdisch. Rechtsanwalt von 1888 bis zum Berufsverbot am 30. November 1938. Am 15. Juli 1942 Deportation nach Theresienstadt. Dort wurde er ermordet. Die R\u00e4ume im Dammthorhaus, Dammthorstra\u00dfe 14, im 2. Stock, hatte er von 1914 &#8211; 1934 gemietet.<\/p>\n\n\n\n<p><strong>Beith, Eduard Dr.<\/strong>, <strong>(Mieter II. Etage im Dammthorhaus)<\/strong>                                                 Geboren am 24. April 1882 in Hamburg. J\u00fcdisch. 1935 nach England emigriert. Am 27. April 1937 in London gestorben.  Die R\u00e4ume im Dammthorhaus, Dammthorstra\u00dfe 14, im 2. Stock, hatte er von 1914 &#8211; 1934 gemietet.<\/p>\n\n\n\n<p><strong>Levy, Louis Dr., (Mieter II.Etage im Dammthorhaus) <\/strong>                                                     Geboren am 20. September 1891 in Hamburg. J\u00fcdisch. Rechtsanwalt seit 1920. Im Juli 1934 nach Pal\u00e4stina emigriert. Am 25. Juni 1971 in Nahariya (Israel) gestorben. Die R\u00e4ume im Dammthorhaus, Dammthorstra\u00dfe 14, im 2. Stock, hatte er von 1920 &#8211; 1934 gemietet.<\/p>\n\n\n\n<p><strong>Oppenheimer, Albert Bruno Dr.<\/strong>, <strong>(Mieter II. Etage im Dammthorhaus)<\/strong>                    Geboren am 27. Dezember 1892 in Hamburg. J\u00fcdisch. Rechtsanwalt von 1921 bis zum Berufsverbot am 30. November 1938. Im August 1941 emigriert in die USA. Gestorben am 4. April 1983 in Chicago. Die R\u00e4ume im Dammthorhaus, Dammthorstra\u00dfe 14, im 2. Stock, hatte er von 1921 &#8211; 1934 gemietet.<\/p>\n\n\n\n<p><strong>Oppenheimer, Philipp genannt Paul Dr., (Mieter II. Etage im Dammthorhaus)<\/strong>            Vater des Rechtsanwaltes Dr. Albert Oppenheimer. Geboren am 21. April 1854 in Hamburg. J\u00fcdisch. Gestorben am 17. November 1937 in Hamburg. Die R\u00e4ume im Dammthorhaus, Dammthorstra\u00dfe 14, im 2. Stock, hatte er von 1914 &#8211; 1934 gemietet.<\/p>\n\n\n<div class=\"wp-block-image is-resized is-style-default\">\n<figure class=\"aligncenter size-large\"><a href=\"https:\/\/www.medienberatungev.org\/wp-content\/uploads\/2014\/06\/Dammtorstrasse-14-25051989.jpg\"><img loading=\"lazy\" decoding=\"async\" width=\"1024\" height=\"718\" src=\"https:\/\/www.medienberatungev.org\/wp-content\/uploads\/2014\/06\/Dammtorstrasse-14-25051989-1024x718.jpg\" alt=\"Waterloo Theater 25.08.1989\" class=\"wp-image-21406\" srcset=\"https:\/\/www.medienberatungev.org\/wp-content\/uploads\/2014\/06\/Dammtorstrasse-14-25051989-1024x718.jpg 1024w, https:\/\/www.medienberatungev.org\/wp-content\/uploads\/2014\/06\/Dammtorstrasse-14-25051989-300x210.jpg 300w, https:\/\/www.medienberatungev.org\/wp-content\/uploads\/2014\/06\/Dammtorstrasse-14-25051989-768x538.jpg 768w, https:\/\/www.medienberatungev.org\/wp-content\/uploads\/2014\/06\/Dammtorstrasse-14-25051989-1200x841.jpg 1200w, https:\/\/www.medienberatungev.org\/wp-content\/uploads\/2014\/06\/Dammtorstrasse-14-25051989.jpg 1408w\" sizes=\"auto, (max-width: 709px) 85vw, (max-width: 909px) 67vw, (max-width: 1362px) 62vw, 840px\" \/><\/a><figcaption class=\"wp-element-caption\">Foto Jens Meyer Hamburg Dammtorstra\u00dfe 14<\/figcaption><\/figure>\n<\/div>\n\n<div class=\"wp-block-image\">\n<figure class=\"alignright size-full is-resized\"><a href=\"https:\/\/www.medienberatungev.org\/wp-content\/uploads\/2013\/10\/nilpferd_tumb.png\"><img loading=\"lazy\" decoding=\"async\" width=\"1042\" height=\"830\" src=\"https:\/\/www.medienberatungev.org\/wp-content\/uploads\/2013\/10\/nilpferd_tumb.png\" alt=\"Nilpferd\" class=\"wp-image-15\" style=\"width:213px;height:auto\"\/><\/a><figcaption class=\"wp-element-caption\">Zeichnung Helga Bachmann<\/figcaption><\/figure>\n<\/div>\n\n<div class=\"wp-block-image is-resized is-style-default\">\n<figure class=\"alignleft size-full\"><a href=\"https:\/\/www.medienberatungev.org\/wp-content\/uploads\/2022\/06\/By-nc-sa_color.png\"><img loading=\"lazy\" decoding=\"async\" width=\"720\" height=\"486\" src=\"https:\/\/www.medienberatungev.org\/wp-content\/uploads\/2022\/06\/By-nc-sa_color.png\" alt=\"\" class=\"wp-image-17924\" style=\"width:205px;height:auto\" srcset=\"https:\/\/www.medienberatungev.org\/wp-content\/uploads\/2022\/06\/By-nc-sa_color.png 720w, https:\/\/www.medienberatungev.org\/wp-content\/uploads\/2022\/06\/By-nc-sa_color-300x203.png 300w\" sizes=\"auto, (max-width: 709px) 85vw, (max-width: 909px) 67vw, (max-width: 984px) 61vw, (max-width: 1362px) 45vw, 600px\" \/><\/a><\/figure>\n<\/div>","protected":false},"excerpt":{"rendered":"<p>(Zeichen 4.039) PDF Apropos Die Anw\u00e4lte aus dem Dammthorhaus Apropos Dammthorhaus \u2014 Die Anw\u00e4lte aus dem Dammthorhaus in der Dammthorstra\u00dfe 14 in Hamburg. In dem Buch von Dr. Heiko Morisse \u00bbJ\u00fcdische Rechtsanw\u00e4lte in Hamburg \u2014 Ausgrenzung und Verfolgung im NS-Staat\u00ab [erschienen im Christians Verlag Hamburg 2003] [ISBN 3-7672-1418-0] sind einige von Ihnen versammelt, die im &hellip; <a href=\"https:\/\/www.medienberatungev.org\/?p=23062\" class=\"more-link\"><span class=\"screen-reader-text\">\u201eApropos Dammthorhaus &#8211; Die Anw\u00e4lte:\u201c<\/span> weiterlesen<\/a><\/p>\n","protected":false},"author":2,"featured_media":0,"comment_status":"open","ping_status":"open","sticky":false,"template":"","format":"standard","meta":{"footnotes":""},"categories":[1894,16,1895,1833,5600,4665,4215,8541,3171,6145,1,8540,2471,2015,7742],"tags":[8544,8536,8525,3729,1623,8436,8275,8535,8530,8528,8556,8532,8426,8538,8537,8534,8531,8385,8526,8545,8557,8279,8542,8543,8533,3553,7807,8288,8370,8277,8539,6121,8304,8421],"class_list":["post-23062","post","type-post","status-publish","format-standard","hentry","category-belle-alliance","category-hamburg","category-hamburg-dammtor","category-hamburger","category-hamburger-fremdenblatt","category-hamburger-kinos","category-hamburger-prominente","category-kz-fuhlsbuettel","category-messestadt-leipzig","category-muenchen","category-uncategorized","category-waterloo","category-waterloo-filmtheater","category-waterloo-kino","category-zufallsfund","tag-abitur","tag-albert-oppenheimer","tag-bjoern-eggert","tag-clara-esslen","tag-cuxhaven","tag-dammthorhaus","tag-dammtorhaus","tag-dr-albert-bruno-oppenheimer","tag-dr-eduard-beith","tag-dr-emil-behrens","tag-dr-herbert-warmbrunn","tag-dr-louis-levy","tag-dr-otto-herbert-bauer","tag-dr-paul-oppenheimer","tag-dr-philipp-oppenheimer","tag-drf","tag-emil-behrens","tag-eugen-esslen","tag-gertrud-jacob","tag-hans-juergen-benedict","tag-herbert-warmbrunn","tag-karl-friedrich-esslen","tag-koernerstrasse","tag-kriegsfreiwilliger","tag-louis-levy","tag-manfred-hirschel","tag-moenckebergstrasse-2","tag-muehlenbeck","tag-muehlenbeck-bei-berlin","tag-otto-bauer","tag-philipp-oppenheimer","tag-stolperstein","tag-waterloo-filmtheater","tag-weinkellereien-trier"],"_links":{"self":[{"href":"https:\/\/www.medienberatungev.org\/index.php?rest_route=\/wp\/v2\/posts\/23062","targetHints":{"allow":["GET"]}}],"collection":[{"href":"https:\/\/www.medienberatungev.org\/index.php?rest_route=\/wp\/v2\/posts"}],"about":[{"href":"https:\/\/www.medienberatungev.org\/index.php?rest_route=\/wp\/v2\/types\/post"}],"author":[{"embeddable":true,"href":"https:\/\/www.medienberatungev.org\/index.php?rest_route=\/wp\/v2\/users\/2"}],"replies":[{"embeddable":true,"href":"https:\/\/www.medienberatungev.org\/index.php?rest_route=%2Fwp%2Fv2%2Fcomments&post=23062"}],"version-history":[{"count":53,"href":"https:\/\/www.medienberatungev.org\/index.php?rest_route=\/wp\/v2\/posts\/23062\/revisions"}],"predecessor-version":[{"id":29903,"href":"https:\/\/www.medienberatungev.org\/index.php?rest_route=\/wp\/v2\/posts\/23062\/revisions\/29903"}],"wp:attachment":[{"href":"https:\/\/www.medienberatungev.org\/index.php?rest_route=%2Fwp%2Fv2%2Fmedia&parent=23062"}],"wp:term":[{"taxonomy":"category","embeddable":true,"href":"https:\/\/www.medienberatungev.org\/index.php?rest_route=%2Fwp%2Fv2%2Fcategories&post=23062"},{"taxonomy":"post_tag","embeddable":true,"href":"https:\/\/www.medienberatungev.org\/index.php?rest_route=%2Fwp%2Fv2%2Ftags&post=23062"}],"curies":[{"name":"wp","href":"https:\/\/api.w.org\/{rel}","templated":true}]}}