{"id":23352,"date":"2023-07-14T15:57:11","date_gmt":"2023-07-14T15:57:11","guid":{"rendered":"https:\/\/www.medienberatungev.org\/?p=23352"},"modified":"2025-04-19T12:04:51","modified_gmt":"2025-04-19T12:04:51","slug":"briefe-an-eugen-v-die-wahrheit-ueber-den-bau-der-mauer","status":"publish","type":"post","link":"https:\/\/www.medienberatungev.org\/?p=23352","title":{"rendered":"Briefe an Eugen (V-5) Endlich! Die Wahrheit \u00fcber den Bau der Mauer."},"content":{"rendered":"\n<div class=\"wp-block-image\"><figure class=\"alignright size-full\"><a href=\"https:\/\/www.medienberatungev.org\/wp-content\/uploads\/2022\/06\/Roemische-Zahlen-am-Heck.jpg\"><img loading=\"lazy\" decoding=\"async\" width=\"220\" height=\"330\" src=\"https:\/\/www.medienberatungev.org\/wp-content\/uploads\/2022\/06\/Roemische-Zahlen-am-Heck.jpg\" alt=\"Romische Zahlen am BUG\" class=\"wp-image-17347\" srcset=\"https:\/\/www.medienberatungev.org\/wp-content\/uploads\/2022\/06\/Roemische-Zahlen-am-Heck.jpg 220w, https:\/\/www.medienberatungev.org\/wp-content\/uploads\/2022\/06\/Roemische-Zahlen-am-Heck-200x300.jpg 200w\" sizes=\"auto, (max-width: 220px) 85vw, 220px\" \/><\/a><\/figure><\/div>\n\n\n\n<p> Briefe an Eugen &#8211; Die Wahrheit \u00fcber den Bau der Mauer (V) <\/p>\n\n\n<p><a href=\"https:\/\/www.medienberatungev.org\/wp-content\/uploads\/2023\/07\/PDF-Briefe-an-Eugen-V.pdf\">PDF Briefe an Eugen (V)<\/a><\/p>\n\n\n<p class=\"has-drop-cap\">Hallo Eugen, Du wirst es nicht glauben. Aber es ist so. Ich habe herausgefunden, sozusagen als erster, warum die Herren in Pankow an jenem Tag, einem Sonntag, alle Maurer der kleinen Republik zusammen gerufen hatten. Sie wollten die gr\u00f6\u00dfere Republik vor den vielen Nazis sch\u00fctzen, indem sie einen antifaschistischen Schutzwall errichteten.<\/p>\n\n\n\n<p class=\"has-drop-cap\">Damit ist auch die Theorie von Billy Wilder hinf\u00e4llig, der da in seinem wunderbaren Film 1\u20142\u20153 behauptet hatte, die Herren in Pankow haetten diesen Sonntag nur deswegen ausgesucht, weil die Welt nach Washington schaute, um das &#8222;<em>Baseball Spiel der Yankees gegen die S<\/em><em>enators&#8220;<\/em> zu sehen.<\/p>\n\n\n\n<p class=\"has-drop-cap\">Filmton w\u00f6rtlich: <em>&#8222;<\/em><em>Am Sonntag, dem 13. August 1961, waren die Augen Amerikas auf Washington gerichtet, wo ein Ereignis die ganze Nation in Atem hielt: das gro\u00dfe Baseballspiel des Jahres, die Yankees gegen die Senators. Am selben Tag errichteten die Kommunisten durch einen Handstreich eine Mauer zwischen Ost- und Westberlin. Ich erw\u00e4hne das nur, um zu zeigen, mit welcher Art von Leuten wir es in der Pankower Kreml-Filiale zu tun haben.\u201c<\/em><em><\/em><\/p>\n\n\n\n<p class=\"has-drop-cap\">Aber nein, das war es nicht. Ich habe zwar nicht mit letzter Sicherheit den Grund herausfinden k\u00f6nnen, warum sie diese Mauer gebaut hatten, aber ich bin der erste, der herausgefunden, warum sie nun grade diesen Sonntag im August 1961 daf\u00fcr ausgew\u00e4hlt hatten: <strong>Zur Ehre von Karl Liebknecht!<\/strong><\/p>\n\n\n\n<p class=\"has-drop-cap\">Das h\u00e4ttsde jetzt nicht gedacht? Meistens feiern sie ja nur seinen Todestag. Aber einmal wollten sie offensichtlich auch seinen Geburtstag feiern. Und das war ebenfalls ein Sonntag gewesen. Ein Sonntag im August. Vor neunzig Jahren. <strong>Karl Liebknecht war am 13. August 1871 in  Leibzwick (Seyfried) geboren worden.<\/strong><\/p>\n\n\n\n<p class=\"has-drop-cap\">Und am 13. August 1961 hatte ein \u00bbNiemand\u00ab, manchmal auch Walter Ulbricht genannt, <em>\u00bbwas Bullrich Salz f\u00fcr die Verdauung ist Ulbricht f\u00fcr die Weltanschauung\u00ab<\/em>, die Maurer der ostdeutschen Republik zusammen gerufen, kein Werktag sollte verloren gehen, um die westdeutsche Republik vor den Faschisten zu sch\u00fctzen. Wo ist eigentlich der Ulbricht von heute wenn man ihn mal braucht?<\/p>\n\n\n\n<p class=\"has-drop-cap\">Da staunste was? Nein? Aber ja: <strong>Der antifaschistische Schutzwall der DDR wurde zur Ehre von Karl Liebknecht zu seinem 90. Geburtstag errichtet. <\/strong>Kannste selber nachsehn. Eben ein Sonntagskind, der Karl. Nun kommst Du, J.<\/p>\n\n\n\n<div class=\"wp-block-image\"><figure class=\"alignright size-large is-resized\"><a href=\"https:\/\/www.medienberatungev.org\/wp-content\/uploads\/2016\/08\/IMG_0678-e1572988879209.jpg\"><img loading=\"lazy\" decoding=\"async\" src=\"https:\/\/www.medienberatungev.org\/wp-content\/uploads\/2016\/08\/IMG_0678-1024x768.jpg\" alt=\"Lebuser \u015atra\u00dfe Berlin\" class=\"wp-image-1587\" width=\"199\" height=\"149\"\/><\/a><figcaption>Foto G. Klaut<\/figcaption><\/figure><\/div>\n\n\n\n<div class=\"wp-block-image\"><figure class=\"aligncenter size-full\"><a href=\"https:\/\/www.medienberatungev.org\/wp-content\/uploads\/2016\/06\/BerlinPotsdamerPlatzklein.png\"><img loading=\"lazy\" decoding=\"async\" width=\"300\" height=\"197\" src=\"https:\/\/www.medienberatungev.org\/wp-content\/uploads\/2016\/06\/BerlinPotsdamerPlatzklein.png\" alt=\"\" class=\"wp-image-14964\"\/><\/a><figcaption>Potsdamer Platz  Foto Jens Meyer <\/figcaption><\/figure><\/div>\n\n\n\n<div class=\"wp-block-image\"><figure class=\"alignleft size-full is-resized\"><a href=\"https:\/\/www.medienberatungev.org\/wp-content\/uploads\/2016\/08\/By-nc-sa_color.png\"><img loading=\"lazy\" decoding=\"async\" src=\"https:\/\/www.medienberatungev.org\/wp-content\/uploads\/2016\/08\/By-nc-sa_color.png\" alt=\"Creative commons.org\" class=\"wp-image-1755\" width=\"194\" height=\"131\" srcset=\"https:\/\/www.medienberatungev.org\/wp-content\/uploads\/2016\/08\/By-nc-sa_color.png 720w, https:\/\/www.medienberatungev.org\/wp-content\/uploads\/2016\/08\/By-nc-sa_color-300x202.png 300w\" sizes=\"auto, (max-width: 194px) 85vw, 194px\" \/><\/a><figcaption>cc<\/figcaption><\/figure><\/div>\n\n\n\n<div class=\"wp-block-image\"><figure class=\"alignright size-large is-resized\"><a href=\"https:\/\/www.medienberatungev.org\/wp-content\/uploads\/2018\/02\/Nilpferdeinauge-e1573081339392.jpg\"><img loading=\"lazy\" decoding=\"async\" src=\"https:\/\/www.medienberatungev.org\/wp-content\/uploads\/2018\/02\/Nilpferdeinauge-1024x786.jpg\" alt=\"\" class=\"wp-image-5635\" width=\"159\" height=\"121\"\/><\/a><\/figure><\/div>\n\n\n\n<figure class=\"wp-block-image size-full is-resized\"><a href=\"https:\/\/www.medienberatungev.org\/wp-content\/uploads\/2023\/07\/Grabstein-W-Ulbricht.jpg\"><img loading=\"lazy\" decoding=\"async\" src=\"https:\/\/www.medienberatungev.org\/wp-content\/uploads\/2023\/07\/Grabstein-W-Ulbricht.jpg\" alt=\"\" class=\"wp-image-23380\" width=\"150\" height=\"143\"\/><\/a><figcaption>Niemand Foto Jens Meyer<\/figcaption><\/figure>\n\n\n\n<p><\/p>\n","protected":false},"excerpt":{"rendered":"<p>Briefe an Eugen &#8211; Die Wahrheit \u00fcber den Bau der Mauer (V) PDF Briefe an Eugen (V) Hallo Eugen, Du wirst es nicht glauben. Aber es ist so. Ich habe herausgefunden, sozusagen als erster, warum die Herren in Pankow an jenem Tag, einem Sonntag, alle Maurer der kleinen Republik zusammen gerufen hatten. Sie wollten die &hellip; <a href=\"https:\/\/www.medienberatungev.org\/?p=23352\" class=\"more-link\"><span class=\"screen-reader-text\">\u201eBriefe an Eugen (V-5) Endlich! Die Wahrheit \u00fcber den Bau der Mauer.\u201c<\/span> weiterlesen<\/a><\/p>\n","protected":false},"author":2,"featured_media":0,"comment_status":"open","ping_status":"open","sticky":false,"template":"","format":"standard","meta":{"footnotes":""},"categories":[8591,199,6486,1231,6485,1845,2716,2018,84,2948,6245,6,10,2893,4403,8594,8549,6396,1,7320,7742,2702,6170,7422],"tags":[8634,8633,3788,932,8637,8643,5345,931,8640,8641,8638,8642],"class_list":["post-23352","post","type-post","status-publish","format-standard","hentry","category-amerika","category-berlin","category-berlin-hauptstadt-der-ddr","category-berlin-kreuzberg","category-berlin-ost","category-berlin-west","category-billie-wilder","category-billy-wilder","category-ddr","category-deutsche","category-hollywood","category-im-kino","category-kinogeschichte","category-moskau","category-obrigkeit","category-ost-berlin","category-rosa-luksenburg","category-rosa-luxemburg","category-uncategorized","category-yankee-go-home","category-zufallsfund","category-zusammensprudeln","category-zweispaeltiges-hollywood","category-zwiespaeltiges-hollywood","tag-13-august-1871","tag-13-august-1961","tag-billy-wilder","tag-bullrich-salz","tag-ostdeutsche-republik","tag-pankow","tag-und-dass-zweitens-auch-niemand-dort-wusste","tag-walter-ulbricht","tag-walter-ulbricht-niemand","tag-was-bullrich-salz-fuer-die-verdauuung-ist-ulbricht-fuer-die-weltanschauung","tag-westdeutsche-republik","tag-yankees-gegen-senators"],"_links":{"self":[{"href":"https:\/\/www.medienberatungev.org\/index.php?rest_route=\/wp\/v2\/posts\/23352","targetHints":{"allow":["GET"]}}],"collection":[{"href":"https:\/\/www.medienberatungev.org\/index.php?rest_route=\/wp\/v2\/posts"}],"about":[{"href":"https:\/\/www.medienberatungev.org\/index.php?rest_route=\/wp\/v2\/types\/post"}],"author":[{"embeddable":true,"href":"https:\/\/www.medienberatungev.org\/index.php?rest_route=\/wp\/v2\/users\/2"}],"replies":[{"embeddable":true,"href":"https:\/\/www.medienberatungev.org\/index.php?rest_route=%2Fwp%2Fv2%2Fcomments&post=23352"}],"version-history":[{"count":29,"href":"https:\/\/www.medienberatungev.org\/index.php?rest_route=\/wp\/v2\/posts\/23352\/revisions"}],"predecessor-version":[{"id":28727,"href":"https:\/\/www.medienberatungev.org\/index.php?rest_route=\/wp\/v2\/posts\/23352\/revisions\/28727"}],"wp:attachment":[{"href":"https:\/\/www.medienberatungev.org\/index.php?rest_route=%2Fwp%2Fv2%2Fmedia&parent=23352"}],"wp:term":[{"taxonomy":"category","embeddable":true,"href":"https:\/\/www.medienberatungev.org\/index.php?rest_route=%2Fwp%2Fv2%2Fcategories&post=23352"},{"taxonomy":"post_tag","embeddable":true,"href":"https:\/\/www.medienberatungev.org\/index.php?rest_route=%2Fwp%2Fv2%2Ftags&post=23352"}],"curies":[{"name":"wp","href":"https:\/\/api.w.org\/{rel}","templated":true}]}}