{"id":23460,"date":"2023-07-26T16:08:59","date_gmt":"2023-07-26T16:08:59","guid":{"rendered":"https:\/\/www.medienberatungev.org\/?p=23460"},"modified":"2025-05-07T16:17:04","modified_gmt":"2025-05-07T16:17:04","slug":"apropos-hans-bernd-gisevius","status":"publish","type":"post","link":"https:\/\/www.medienberatungev.org\/?p=23460","title":{"rendered":"Apropos Hans Bernd Gisevius (I)"},"content":{"rendered":"<p><a href=\"https:\/\/www.medienberatungev.org\/wp-content\/uploads\/2023\/07\/pdf-Apropos-Hans-Bernd-Gisevius.pdf\">pdf Apropos Hans Bernd Gisevius<\/a><\/p>\n\n\n<p><strong>(Zeichen 2.508)<\/strong><\/p>\n\n\n<div class=\"wp-block-image\">\n<figure class=\"alignright size-full\"><a href=\"https:\/\/www.medienberatungev.org\/wp-content\/uploads\/2023\/07\/Gisevius-Nuernberg.jpg\"><img loading=\"lazy\" decoding=\"async\" width=\"210\" height=\"156\" src=\"https:\/\/www.medienberatungev.org\/wp-content\/uploads\/2023\/07\/Gisevius-Nuernberg.jpg\" alt=\"\" class=\"wp-image-23478\"\/><\/a><figcaption class=\"wp-element-caption\">Gisevius als Zeuge in N\u00fcrnberg<\/figcaption><\/figure>\n<\/div>\n\n<div class=\"wp-block-image\">\n<figure class=\"alignleft size-full is-resized\"><a href=\"https:\/\/www.medienberatungev.org\/wp-content\/uploads\/2023\/08\/Hans-Bernd-Gisevius.jpg\"><img loading=\"lazy\" decoding=\"async\" width=\"270\" height=\"338\" src=\"https:\/\/www.medienberatungev.org\/wp-content\/uploads\/2023\/08\/Hans-Bernd-Gisevius.jpg\" alt=\"\" class=\"wp-image-23591\" style=\"width:135px;height:169px\" srcset=\"https:\/\/www.medienberatungev.org\/wp-content\/uploads\/2023\/08\/Hans-Bernd-Gisevius.jpg 270w, https:\/\/www.medienberatungev.org\/wp-content\/uploads\/2023\/08\/Hans-Bernd-Gisevius-240x300.jpg 240w\" sizes=\"auto, (max-width: 270px) 85vw, 270px\" \/><\/a><\/figure>\n<\/div>\n\n\n<p><strong>Apropos Hans Bernd Gisevius (I)<\/strong><\/p>\n\n\n\n<p>Er hat es immerhin in das \u00bbPersonenlexikon zum Dritten Reich\u00ab von Ernst Klee geschafft. Auf Seite 184 der Taschenbuchausgabe steht:<\/p>\n\n\n\n<p><em><strong>Gisevius<\/strong>, Hans Bernd. Im Krieg im Amt Ausland \/ Abwehr (Geheimdienst der Wehrmacht) * 14.06.1904 (DBE) Jurist.. Februar 1933 NSDAP. August 1933 Politische Abteilung im Polizeipr\u00e4sidium Berlin. 1934 vor\u00fcbergehend Leiter der Polizeiabteilung im Reichsinnenministerium. Nach eigenem Bekunden Gestapo-Gegner und Widerstandsk\u00e4mpfer, 1940 Vizekonsul in Z\u00fcrich, ab 1943 Kontakte zum US-Geheimdienst. Nach 1945 Gesch\u00e4ftsmann. \u2020 23.2.1974 M\u00fcllheim\/ Baden Q.: Schenk. BKA, Wildt.<\/em> (Ernst Klee: \u00bbPersonenlexikon zum Dritten Reich\u00ab, Fischer Taschenbuch , 5. Auflage April 2015, Seite 184)<\/p>\n\n\n\n<p>Hans Bernd Gisevius hat <strong>1946<\/strong> ein Buch mit dem Titel<strong> \u00bbBis zum bittern Ende\u00ab<\/strong> ver\u00f6ffentlicht. Erschienen ist das Buch im Verlag Fretz &amp; Wasmuth AG. in Z\u00fcrich. 5. Auflage (21.-25. Tausend). Printed in Switzerland.<\/p>\n\n\n\n<p>Im Vorwort der ersten Auflage schreibt Gisevius:<\/p>\n\n\n\n<p><em>&#8222;Was erz\u00e4hlt wird, stammt nicht vom H\u00f6rensagen. Es ist alles durchlebt. Neuundzwanzig Jahre alt, wurde ich gerade dann ins t\u00e4tige Leben entlassen, als die braune Diktatur begann.<\/em> <em>Beim Versuch, die Beamtenlaufbahn zu ergreifen, geriet ich sofort in die revolution\u00e4ren St\u00fcrme hinein, ich wurde von ihnen an die verschiedensten Stellen verschlagen, fast w\u00e4re ich in ihnen umgekommen, und nun glaube ich es meinen toten Freunden und mir selber schuldig zu sein, die wichtigsten Erlebnisse und Eindr\u00fccke festzuhalten. Dabei verleugne ich weder meinen Ausgangspunkt noch meinen gegenw\u00e4rtigen Standort.<\/em>                                                                                                                                                                                               <\/p>\n\n\n\n<p>( . . . )                                                                                                                                           <\/p>\n\n\n\n<p><em>Andrerseits sch\u00e4me ich mich nicht,  offen auszusprechen, da\u00df ich von der Rechten herkomme und trotz aller b\u00f6sen Erfahrungen bei meiner konservativen Betrachtungsweise verharre.  Als sich seit  1929 die F\u00fchrer unserer Links- und Mittelparteien in zunehmenden  Ma\u00df unf\u00e4hig erwiesen, die Massen zu halten, erschien die Hoffnung nicht unberechtigt, die anschwellende Flut k\u00f6nne auf der Rechten aufgefangen und gleichzeitig in evolution\u00e4re Bahnen gelenkt werden. Jedenfalls mu\u00dfte dieser Versuch unternommen werden, sonst war das Abgleiten in die braune Revolution unvermeidlich. Konservativismus ist nicht gleichbedeutend mit R\u00fcckschrittlichkeit und Sozialreaktion.<\/em><\/p>\n\n\n\n<p> ( . . . )  <\/p>\n\n\n\n<p>                                                                                                                                                                <em>Indem die Besatzungsm\u00e4chte den konsequentesten Gegnern  unserer politischen Ordnung von  1 9 1 8  bis  1 9 3 3, den Kommunisten, eine ma\u00dfgebliche Beteiligung am Wiederaufbau gew\u00e4hrten, haben sie anerkannt, da\u00df sie in dem offen bekundeten Unwillen gegen\u00fcber den  damaligen Gesinnungen, Gewohnheiten und Paragraphen keinen  Hinderungsgrund erblicken,  nunmehr an der Errichtung einer wirklichen  Demokratie    \u2015  die das deutsche Volk bislang \u00fcberhaupt noch nicht kennengelernt hat  \u2014 mitzuarbeiten. <\/em> (1946)   <\/p>\n\n\n\n<p> ( . . . )                                                                                                                                                                  <\/p>\n\n\n\n<p><em>In welcher Gesinnung und mit welcher Bet\u00e4tigung ich die braune Tausendj\u00e4hrigkeit durchgestanden habe, m\u00f6gen die nachfolgenden Kapitel zeigen, wobei angemerkt  sei, da\u00df das Buch nicht \u00abhinterher<strong>\u00bb<\/strong> geschrieben wurde. Der vorliegende erste Band war im wesentlichen  1941  abgeschlossen. Er hat nur insoweit \u00c4nderungen erfahren, als das deutsche Volk heute keiner ausf\u00fchrlichen Aufkl\u00e4rung mehr bedarf, von was f\u00fcr Verbrechern es in den Abgrund gef\u00fchrt wurde. Umgekehrt mu\u00dften dort Erg\u00e4nzungen vorgenommen werden,  wo der schwarze Terror Freunde und Kameraden hinweggerafft hatte, die sonst mit eigenen Schilderungen hervorgetreten w\u00e4ren. Das gilt besonders von dem zweiten Band, der die Zeitspanne vom M\u00fcnchner Abkommen  1 9 3 8  bis zum 20. Juli  1 9 4 4  umfassen wird. Bei  dem tragischen Ausfallen so vieler entscheidender Zeugen und fast aller geheimen Dokumentensammlungen f\u00fchle ich mich verpflichtet, Dinge zu berichten, die mehr noch als die \u00fcberm\u00fcdeten Zeitgenossen sp\u00e4ter einmal die Historiker besch\u00e4ftigen werden, wenn sie nach den Gr\u00fcnden forschen, warum sich niemand fand, dieser Katastrophe beizeiten Einhalt zu gebieten.&#8220; <\/em>                                                                                                                          H.B. G.  \u00bbdas ist: Hans Bernd Gisevius\u00ab<\/p>\n\n\n\n<p><\/p>\n\n\n\n<p>Im Vorwort der f\u00fcnften Auflage schreibt Gisevius: <em>&#8222;Auf vielseitige<\/em><em>n<\/em><em> Wunsch wurde dem Band ein ausf\u00fchrliches Personen- und Sachregister beigef\u00fcgt. Wesentlicher Richtigstellungen und Erg\u00e4nzungen bedurfte es nicht. Die bislang bekanntgewordenen Zeugenaussagen und Dokumente haben meine Schilderung nicht zu entkr\u00e4ften vermocht.<\/em><\/p>\n\n\n\n<p><em><\/em><em>\u00dcber die Hin<\/em><em>t<\/em><em>ergr\u00fcnde gewisser pers\u00f6nlicher Angriffe gegen mich werde ich im Vorwort zum zweiten Bande reden. Der erste<\/em><em> <\/em><em>Gestapochef, SS-Standarten\u00fchrer Rudolfs Diels, hat vor einem Denazifizierungsgericht als Zeuge und Sachverst\u00e4ndiger in eigener Sache bekundet, da\u00df alle Angaben dieses Buches \u00fcber ihn \u00abdreiste L\u00fcgen\u00bb seien, da\u00df die Gestapo unter seiner Leitung ein Hort der Ordnung und des Rechtes war und da\u00df die von mir geschilderten Mi\u00dfst\u00e4nde nur in meiner \u00abverschrobenen Phantasie\u00bb existiert h\u00e4tten.<\/em><\/p>\n\n\n\n<p><em>Weiterhin hat mich Diels entlarvt, bis lange nach dem 20. Juli 1944 Geheimbericht<\/em><em>e<\/em><em> an die Gestapo gesandt zu haben. Er wei\u00df das ganz genau. Denn diese Berichte gingen gegen ihn. Da\u00df Diels trotz dieser Enth\u00fcllungen <\/em><em>\u2015<\/em><em> \u00fcber seine Staatsstreichpl\u00e4ne! <\/em><em>\u2014<\/em><em> de<\/em><em>n<\/em><em> Gestapisten entrinnen konnte, ist nach seiner Meinung eines der vielen Wunder unserer turbulenten Zeit. Es ist mir eine angenehme Chronistenpflicht, diese inahaltschwere Zeugenaussage festzuhalten <\/em><em>\u2014<\/em><em> und ich habe ihr nicht<\/em><em>s<\/em><em> hinzuzuf\u00fcgen.&#8220; H.B.G.<\/em><\/p>\n\n\n<div class=\"wp-block-image\">\n<figure class=\"aligncenter size-full is-resized\"><a href=\"https:\/\/www.medienberatungev.org\/wp-content\/uploads\/2016\/08\/By-nc-sa_color.png\"><img loading=\"lazy\" decoding=\"async\" width=\"720\" height=\"486\" src=\"https:\/\/www.medienberatungev.org\/wp-content\/uploads\/2016\/08\/By-nc-sa_color.png\" alt=\"Creative commons.org\" class=\"wp-image-1755\" style=\"width:213px;height:144px\" srcset=\"https:\/\/www.medienberatungev.org\/wp-content\/uploads\/2016\/08\/By-nc-sa_color.png 720w, https:\/\/www.medienberatungev.org\/wp-content\/uploads\/2016\/08\/By-nc-sa_color-300x202.png 300w\" sizes=\"auto, (max-width: 709px) 85vw, (max-width: 909px) 67vw, (max-width: 984px) 61vw, (max-width: 1362px) 45vw, 600px\" \/><\/a><figcaption class=\"wp-element-caption\">cc<\/figcaption><\/figure>\n<\/div>\n\n<div class=\"wp-block-image\">\n<figure class=\"alignright size-large is-resized\"><a href=\"https:\/\/www.medienberatungev.org\/wp-content\/uploads\/2018\/02\/Nilpferdeinauge-e1573081339392.jpg\"><img loading=\"lazy\" decoding=\"async\" width=\"1024\" height=\"786\" src=\"https:\/\/www.medienberatungev.org\/wp-content\/uploads\/2018\/02\/Nilpferdeinauge-1024x786.jpg\" alt=\"\" class=\"wp-image-5635\" style=\"width:218px;height:auto\"\/><\/a><figcaption class=\"wp-element-caption\">Zeichnung Helga Bachmann<\/figcaption><\/figure>\n<\/div>","protected":false},"excerpt":{"rendered":"<p>pdf Apropos Hans Bernd Gisevius (Zeichen 2.508) Apropos Hans Bernd Gisevius (I) Er hat es immerhin in das \u00bbPersonenlexikon zum Dritten Reich\u00ab von Ernst Klee geschafft. Auf Seite 184 der Taschenbuchausgabe steht: Gisevius, Hans Bernd. Im Krieg im Amt Ausland \/ Abwehr (Geheimdienst der Wehrmacht) * 14.06.1904 (DBE) Jurist.. Februar 1933 NSDAP. August 1933 Politische &hellip; <a href=\"https:\/\/www.medienberatungev.org\/?p=23460\" class=\"more-link\"><span class=\"screen-reader-text\">\u201eApropos Hans Bernd Gisevius (I)\u201c<\/span> weiterlesen<\/a><\/p>\n","protected":false},"author":2,"featured_media":0,"comment_status":"open","ping_status":"open","sticky":false,"template":"","format":"standard","meta":{"footnotes":""},"categories":[2626,2409,2698,1988,2948,8676,7997,8012,1,7941,2703,7252,2701,2702],"tags":[8675,8677,8068,486,8670,8674,8673,8671,8678,8672,8720],"class_list":["post-23460","post","type-post","status-publish","format-standard","hentry","category-2626","category-2409","category-2698","category-1988","category-deutsche","category-gisevius","category-nutzloses-wissen","category-nutzl-oses-wissen","category-uncategorized","category-wehrmacht","category-wichtigtuerei","category-widerstand","category-zusammensprudelln","category-zusammensprudeln","tag-abwehr","tag-diels","tag-ernst-klee","tag-gestapo","tag-gisevius","tag-personenlexikon-zum-dritten-reich","tag-phosphor-in-schwefelkohlenstoff","tag-reichstagsbrand","tag-rudolf-diels","tag-selbstentzuendliche-fluessigkeitt","tag-walter-gempp"],"_links":{"self":[{"href":"https:\/\/www.medienberatungev.org\/index.php?rest_route=\/wp\/v2\/posts\/23460","targetHints":{"allow":["GET"]}}],"collection":[{"href":"https:\/\/www.medienberatungev.org\/index.php?rest_route=\/wp\/v2\/posts"}],"about":[{"href":"https:\/\/www.medienberatungev.org\/index.php?rest_route=\/wp\/v2\/types\/post"}],"author":[{"embeddable":true,"href":"https:\/\/www.medienberatungev.org\/index.php?rest_route=\/wp\/v2\/users\/2"}],"replies":[{"embeddable":true,"href":"https:\/\/www.medienberatungev.org\/index.php?rest_route=%2Fwp%2Fv2%2Fcomments&post=23460"}],"version-history":[{"count":38,"href":"https:\/\/www.medienberatungev.org\/index.php?rest_route=\/wp\/v2\/posts\/23460\/revisions"}],"predecessor-version":[{"id":29769,"href":"https:\/\/www.medienberatungev.org\/index.php?rest_route=\/wp\/v2\/posts\/23460\/revisions\/29769"}],"wp:attachment":[{"href":"https:\/\/www.medienberatungev.org\/index.php?rest_route=%2Fwp%2Fv2%2Fmedia&parent=23460"}],"wp:term":[{"taxonomy":"category","embeddable":true,"href":"https:\/\/www.medienberatungev.org\/index.php?rest_route=%2Fwp%2Fv2%2Fcategories&post=23460"},{"taxonomy":"post_tag","embeddable":true,"href":"https:\/\/www.medienberatungev.org\/index.php?rest_route=%2Fwp%2Fv2%2Ftags&post=23460"}],"curies":[{"name":"wp","href":"https:\/\/api.w.org\/{rel}","templated":true}]}}