{"id":23847,"date":"2023-08-27T09:09:03","date_gmt":"2023-08-27T09:09:03","guid":{"rendered":"https:\/\/www.medienberatungev.org\/?p=23847"},"modified":"2025-05-07T16:03:25","modified_gmt":"2025-05-07T16:03:25","slug":"briefe-an-eugen-viii","status":"publish","type":"post","link":"https:\/\/www.medienberatungev.org\/?p=23847","title":{"rendered":"Briefe an Eugen (XLIV-44) 4.45 Uhr"},"content":{"rendered":"<div class=\"wp-block-image\">\n<figure class=\"alignright size-full is-resized\"><a href=\"https:\/\/www.medienberatungev.org\/wp-content\/uploads\/2022\/06\/Roemische-Zahlen-am-Heck.jpg\"><img loading=\"lazy\" decoding=\"async\" width=\"220\" height=\"330\" src=\"https:\/\/www.medienberatungev.org\/wp-content\/uploads\/2022\/06\/Roemische-Zahlen-am-Heck.jpg\" alt=\"R\u00f6mische Zahlen am BUG\" class=\"wp-image-17347\" style=\"width:123px;height:185px\" srcset=\"https:\/\/www.medienberatungev.org\/wp-content\/uploads\/2022\/06\/Roemische-Zahlen-am-Heck.jpg 220w, https:\/\/www.medienberatungev.org\/wp-content\/uploads\/2022\/06\/Roemische-Zahlen-am-Heck-200x300.jpg 200w\" sizes=\"auto, (max-width: 220px) 85vw, 220px\" \/><\/a><figcaption class=\"wp-element-caption\">R\u00f6mische <\/figcaption><\/figure>\n<\/div>\n\n\n<p>Hallo Eugen, was man so alles rausfindet bei den Nachforschungen im  Netz: Nicht mal die Uhrzeit stimmte. Es war  gar nicht 5.45 Uhr. Das war schon eine Stunde fr\u00fcher. Um 4.45 Uhr. Hat er  verschlafen.? Oder sich nur versprochen? Da kann man nur den K\u00f6nig von Deutschland zitieren: Alles L\u00fcge. Gehab Dich wohl, J.<\/p>\n\n\n<div class=\"wp-block-image\">\n<figure class=\"alignright size-large is-resized\"><a href=\"https:\/\/www.medienberatungev.org\/wp-content\/uploads\/2018\/02\/Nilpferd1-e1573081376435.jpg\"><img loading=\"lazy\" decoding=\"async\" width=\"1024\" height=\"787\" src=\"https:\/\/www.medienberatungev.org\/wp-content\/uploads\/2018\/02\/Nilpferd1-1024x787.jpg\" alt=\"\" class=\"wp-image-5634\" style=\"width:209px;height:auto\"\/><\/a><figcaption class=\"wp-element-caption\">Zeichnung Helga Bachmann<\/figcaption><\/figure>\n<\/div>","protected":false},"excerpt":{"rendered":"<p>Hallo Eugen, was man so alles rausfindet bei den Nachforschungen im Netz: Nicht mal die Uhrzeit stimmte. Es war gar nicht 5.45 Uhr. Das war schon eine Stunde fr\u00fcher. Um 4.45 Uhr. Hat er verschlafen.? Oder sich nur versprochen? Da kann man nur den K\u00f6nig von Deutschland zitieren: Alles L\u00fcge. Gehab Dich wohl, J.<\/p>\n","protected":false},"author":2,"featured_media":0,"comment_status":"open","ping_status":"open","sticky":false,"template":"","format":"standard","meta":{"footnotes":""},"categories":[1988,5665,199,2654,6609,2811,45,7997,8012,3300,1,7941],"tags":[8760,8758,8759,86,8753],"class_list":["post-23847","post","type-post","status-publish","format-standard","hentry","category-1988","category-5665","category-berlin","category-die-verteidigung-des-vaterlandes","category-kennedy","category-luegen-ist-eine-grosse-kunst","category-nsdap","category-nutzloses-wissen","category-nutzl-oses-wissen","category-staatswahnsinn","category-uncategorized","category-wehrmacht","tag-koenig-von-deutschland","tag-luegen","tag-ralph-moebius","tag-rio-reiser","tag-seitt-5-45-wird-jetzt-zurueckgeschossen"],"_links":{"self":[{"href":"https:\/\/www.medienberatungev.org\/index.php?rest_route=\/wp\/v2\/posts\/23847","targetHints":{"allow":["GET"]}}],"collection":[{"href":"https:\/\/www.medienberatungev.org\/index.php?rest_route=\/wp\/v2\/posts"}],"about":[{"href":"https:\/\/www.medienberatungev.org\/index.php?rest_route=\/wp\/v2\/types\/post"}],"author":[{"embeddable":true,"href":"https:\/\/www.medienberatungev.org\/index.php?rest_route=\/wp\/v2\/users\/2"}],"replies":[{"embeddable":true,"href":"https:\/\/www.medienberatungev.org\/index.php?rest_route=%2Fwp%2Fv2%2Fcomments&post=23847"}],"version-history":[{"count":9,"href":"https:\/\/www.medienberatungev.org\/index.php?rest_route=\/wp\/v2\/posts\/23847\/revisions"}],"predecessor-version":[{"id":29753,"href":"https:\/\/www.medienberatungev.org\/index.php?rest_route=\/wp\/v2\/posts\/23847\/revisions\/29753"}],"wp:attachment":[{"href":"https:\/\/www.medienberatungev.org\/index.php?rest_route=%2Fwp%2Fv2%2Fmedia&parent=23847"}],"wp:term":[{"taxonomy":"category","embeddable":true,"href":"https:\/\/www.medienberatungev.org\/index.php?rest_route=%2Fwp%2Fv2%2Fcategories&post=23847"},{"taxonomy":"post_tag","embeddable":true,"href":"https:\/\/www.medienberatungev.org\/index.php?rest_route=%2Fwp%2Fv2%2Ftags&post=23847"}],"curies":[{"name":"wp","href":"https:\/\/api.w.org\/{rel}","templated":true}]}}