{"id":24026,"date":"2023-09-08T14:20:28","date_gmt":"2023-09-08T14:20:28","guid":{"rendered":"https:\/\/www.medienberatungev.org\/?p=24026"},"modified":"2025-04-19T12:22:28","modified_gmt":"2025-04-19T12:22:28","slug":"briefe-an-eugen-iv-naphtalin","status":"publish","type":"post","link":"https:\/\/www.medienberatungev.org\/?p=24026","title":{"rendered":"Briefe an Eugen (XVII-17) Naphthalin"},"content":{"rendered":"<p><a href=\"https:\/\/www.medienberatungev.org\/wp-content\/uploads\/2023\/09\/PDF-Briefe-an-Eugen-IV-Naphthalin.pdf\">PDF Briefe an Eugen (XVII) Naphthalin<\/a><\/p>\n\n\n<p>Hallo Eugen,<\/p>\n\n\n\n<div class=\"wp-block-image\"><figure class=\"alignright size-full is-resized\"><a href=\"https:\/\/www.medienberatungev.org\/wp-content\/uploads\/2022\/06\/Roemische-Zahlen-am-Heck.jpg\"><img loading=\"lazy\" decoding=\"async\" src=\"https:\/\/www.medienberatungev.org\/wp-content\/uploads\/2022\/06\/Roemische-Zahlen-am-Heck.jpg\" alt=\"Romische Zahlen am BUG\" class=\"wp-image-17347\" width=\"188\" height=\"282\" srcset=\"https:\/\/www.medienberatungev.org\/wp-content\/uploads\/2022\/06\/Roemische-Zahlen-am-Heck.jpg 220w, https:\/\/www.medienberatungev.org\/wp-content\/uploads\/2022\/06\/Roemische-Zahlen-am-Heck-200x300.jpg 200w\" sizes=\"auto, (max-width: 188px) 85vw, 188px\" \/><\/a><\/figure><\/div>\n\n\n\n<p>ja bisher hatte ich auch noch nie von diesem Menschen geh\u00f6rt. Aber bei you tube habe ich einen Beitrag gefunden, der die Sache plausibel macht. Du findest ihn wenn Du in einer Suchmaschine Deiner Wahl eingibst: \u00bbDas selbstentz\u00fcndliche Taschentuch&#8220;. Dort wird vorgef\u00fchrt wie das geht und wie das vermutlich auch damals ging. Dr. Wilhem Schatz hatte es schon 1933 beschrieben.<\/p>\n\n\n\n<p>Danach ist das alles Quatsch, das mit den Kohleanz\u00fcndern. Die bestanden 1933 aus Holzmehl und Rohnaphthalin. Damit einen Reichstagsbrand auszul\u00f6sen ist so gut wie unm\u00f6glich. Inzwischen sind ja auch die Urteile gegen den damals verurteilten angeblichen Brandstifter alle aufgehoben. Ich habe mir das Buch von Hans Bernd Gisevius mal genauer angesehen. Merkw\u00fcrdiger Weise lautet der Titel nicht, wie immer \u00fcberall wiederholt: \u00bbBis zum bitteren Ende\u00ab sondern \u00bbBis zum bittern Ende\u00ab .<\/p>\n\n\n\n<p>Das Buch ist 1946 in Z\u00fcrich erschienen. Gisevius hatte als Zeuge im N\u00fcrnberger Prozess ausgesagt. Was er dort genau gesagt hat, habe ich noch nicht herausgefunden. Lediglich einen Zeitungsausschnitt einer Zeitung, die in Wien erschienen war, konnte ich entnehmen, da\u00df Goebbels die Idee hatte und G\u00f6ring daf\u00fcr gesorgt hatte, dass die Brandleger durch den bekannten Tunnel in den Reichstag gelangen konnten.<\/p>\n\n\n\n<p>In seinem Buch nennt Gisevius auch die Namen der Personen die diesen Auftrag ausgef\u00fchrt hatten. An der Spitze der SA Mann Hans Georg Gewehr. Erst f\u00fcnfzehn Jahre sp\u00e4ter 1961 hat der ehemalige SA Mann einen Zivil Proze\u00df vor dem D\u00fcsseldorfer Oberlandesgericht angestrengt, in dem Gisevius untersagt werden sollte seine Behauptung, Hans Georg Gewehr habe die Brandstifter angef\u00fchrt, weiterhin zu wiederholen. Stellt sich nat\u00fcrlich die Frage, warum der ehemalige SA Mann dem ehemaligen Gestapo Mann erst f\u00fcnfzehn Jahre sp\u00e4ter widersprochen hatte.<\/p>\n\n\n\n<p>Die einfachste Erkl\u00e4rung scheint mir zu sein. Der ehemalige SA Mann wird seine Gr\u00fcnde gehabt haben, warum er so lange gewartet hatte. Gisevius hatte bereits bei der Herausgabe seines Buches 1946 angenommen, das auch Gewehr schon tot war. So wie alle anderen Beteiligten SA M\u00e4nner ermordet. Gisevius nimmt in seinem Buch einen langen Anlauf. Erst auf Seite 53 wird er bez\u00fcglich der Brandstiftung konkreter.<\/p>\n\n\n\n<p>Mir fiel noch der etwas hochn\u00e4sige Tonfall auf, mit denen er die T\u00e4ter beschreibt. Das macht seine Schreibe nicht besonders symphatisch. Jedenfalls hat es ihn 30.000 DM gekostet, J.<\/p>\n\n\n\n<div class=\"wp-block-image\"><figure class=\"alignright size-large is-resized\"><a href=\"https:\/\/www.medienberatungev.org\/wp-content\/uploads\/2018\/02\/Nilpferdeinauge-e1573081339392.jpg\"><img loading=\"lazy\" decoding=\"async\" src=\"https:\/\/www.medienberatungev.org\/wp-content\/uploads\/2018\/02\/Nilpferdeinauge-1024x786.jpg\" alt=\"\" class=\"wp-image-5635\" width=\"153\" height=\"115\"\/><\/a><\/figure><\/div>\n\n\n\n<div class=\"wp-block-image\"><figure class=\"alignleft size-full is-resized\"><a href=\"https:\/\/www.medienberatungev.org\/wp-content\/uploads\/2023\/08\/Reichstagsbrand.-Kellerbesichtigung-1-751x1024-1.jpg\"><img loading=\"lazy\" decoding=\"async\" src=\"https:\/\/www.medienberatungev.org\/wp-content\/uploads\/2023\/08\/Reichstagsbrand.-Kellerbesichtigung-1-751x1024-1.jpg\" alt=\"Tunnel Reichstag\" class=\"wp-image-23619\" width=\"197\" height=\"269\" srcset=\"https:\/\/www.medienberatungev.org\/wp-content\/uploads\/2023\/08\/Reichstagsbrand.-Kellerbesichtigung-1-751x1024-1.jpg 751w, https:\/\/www.medienberatungev.org\/wp-content\/uploads\/2023\/08\/Reichstagsbrand.-Kellerbesichtigung-1-751x1024-1-220x300.jpg 220w\" sizes=\"auto, (max-width: 197px) 85vw, 197px\" \/><\/a><figcaption>Nachforschungen im Keller des ausgebrannten Reichstages. 3. von vorn (mit Brille) Hans von Dohnanyi, der sp\u00e4tere Widerstandsk\u00e4mpfer, als Mitarbeiter des Reichsjustizministeriums<\/figcaption><\/figure><\/div>\n\n\n\n<div class=\"wp-block-image\"><figure class=\"aligncenter size-large is-resized\"><a href=\"https:\/\/www.medienberatungev.org\/wp-content\/uploads\/2023\/08\/Tunnel-Reichstag-010.jpg\"><img loading=\"lazy\" decoding=\"async\" src=\"https:\/\/www.medienberatungev.org\/wp-content\/uploads\/2023\/08\/Tunnel-Reichstag-010-1024x768.jpg\" alt=\"\" class=\"wp-image-23618\" width=\"205\" height=\"153\" srcset=\"https:\/\/www.medienberatungev.org\/wp-content\/uploads\/2023\/08\/Tunnel-Reichstag-010-1024x768.jpg 1024w, https:\/\/www.medienberatungev.org\/wp-content\/uploads\/2023\/08\/Tunnel-Reichstag-010-300x225.jpg 300w, https:\/\/www.medienberatungev.org\/wp-content\/uploads\/2023\/08\/Tunnel-Reichstag-010-768x576.jpg 768w, https:\/\/www.medienberatungev.org\/wp-content\/uploads\/2023\/08\/Tunnel-Reichstag-010-1536x1152.jpg 1536w, https:\/\/www.medienberatungev.org\/wp-content\/uploads\/2023\/08\/Tunnel-Reichstag-010-1200x900.jpg 1200w, https:\/\/www.medienberatungev.org\/wp-content\/uploads\/2023\/08\/Tunnel-Reichstag-010.jpg 2048w\" sizes=\"auto, (max-width: 205px) 85vw, 205px\" \/><\/a><figcaption>Der Tunnel<\/figcaption><\/figure><\/div>\n\n\n\n<div class=\"wp-block-image\"><figure class=\"alignleft size-large is-resized\"><a href=\"https:\/\/www.medienberatungev.org\/wp-content\/uploads\/2023\/12\/Brandstiftung-1.jpg\"><img loading=\"lazy\" decoding=\"async\" src=\"https:\/\/www.medienberatungev.org\/wp-content\/uploads\/2023\/12\/Brandstiftung-1-668x1024.jpg\" alt=\"Brandstiftung Berlin\" class=\"wp-image-24986\" width=\"148\" height=\"227\" srcset=\"https:\/\/www.medienberatungev.org\/wp-content\/uploads\/2023\/12\/Brandstiftung-1-668x1024.jpg 668w, https:\/\/www.medienberatungev.org\/wp-content\/uploads\/2023\/12\/Brandstiftung-1-196x300.jpg 196w, https:\/\/www.medienberatungev.org\/wp-content\/uploads\/2023\/12\/Brandstiftung-1-768x1176.jpg 768w, https:\/\/www.medienberatungev.org\/wp-content\/uploads\/2023\/12\/Brandstiftung-1-1003x1536.jpg 1003w, https:\/\/www.medienberatungev.org\/wp-content\/uploads\/2023\/12\/Brandstiftung-1-1337x2048.jpg 1337w, https:\/\/www.medienberatungev.org\/wp-content\/uploads\/2023\/12\/Brandstiftung-1-1200x1838.jpg 1200w, https:\/\/www.medienberatungev.org\/wp-content\/uploads\/2023\/12\/Brandstiftung-1.jpg 1553w\" sizes=\"auto, (max-width: 148px) 85vw, 148px\" \/><\/a><figcaption>Uwe Soukup, Heyne Verlag 2923 <\/figcaption><\/figure><\/div>\n\n\n<p><a href=\"https:\/\/www.medienberatungev.org\/wp-content\/uploads\/2023\/08\/PDF-Brandstiftung-Interview-Soukup.pdf\">PDF Brandstiftung Interview Soukup<\/a><\/p>","protected":false},"excerpt":{"rendered":"<p>PDF Briefe an Eugen (XVII) Naphthalin Hallo Eugen, ja bisher hatte ich auch noch nie von diesem Menschen geh\u00f6rt. Aber bei you tube habe ich einen Beitrag gefunden, der die Sache plausibel macht. Du findest ihn wenn Du in einer Suchmaschine Deiner Wahl eingibst: \u00bbDas selbstentz\u00fcndliche Taschentuch&#8220;. Dort wird vorgef\u00fchrt wie das geht und wie &hellip; <a href=\"https:\/\/www.medienberatungev.org\/?p=24026\" class=\"more-link\"><span class=\"screen-reader-text\">\u201eBriefe an Eugen (XVII-17) Naphthalin\u201c<\/span> weiterlesen<\/a><\/p>\n","protected":false},"author":2,"featured_media":0,"comment_status":"open","ping_status":"open","sticky":false,"template":"","format":"standard","meta":{"footnotes":""},"categories":[8780,8778,8779,1],"tags":[8774,8687,8698,8771,8776,8694,8777],"class_list":["post-24026","post","type-post","status-publish","format-standard","hentry","category-kohlenanzuender","category-naphthalin","category-rohnaphthalin","category-uncategorized","tag-das-selbstentzuenldiche-taschentuch","tag-hans-bernd-gisevius","tag-hans-georg-gewehr","tag-holzmehl","tag-naphthalin","tag-pistolen-heini","tag-rohnaphthalin"],"_links":{"self":[{"href":"https:\/\/www.medienberatungev.org\/index.php?rest_route=\/wp\/v2\/posts\/24026","targetHints":{"allow":["GET"]}}],"collection":[{"href":"https:\/\/www.medienberatungev.org\/index.php?rest_route=\/wp\/v2\/posts"}],"about":[{"href":"https:\/\/www.medienberatungev.org\/index.php?rest_route=\/wp\/v2\/types\/post"}],"author":[{"embeddable":true,"href":"https:\/\/www.medienberatungev.org\/index.php?rest_route=\/wp\/v2\/users\/2"}],"replies":[{"embeddable":true,"href":"https:\/\/www.medienberatungev.org\/index.php?rest_route=%2Fwp%2Fv2%2Fcomments&post=24026"}],"version-history":[{"count":18,"href":"https:\/\/www.medienberatungev.org\/index.php?rest_route=\/wp\/v2\/posts\/24026\/revisions"}],"predecessor-version":[{"id":28751,"href":"https:\/\/www.medienberatungev.org\/index.php?rest_route=\/wp\/v2\/posts\/24026\/revisions\/28751"}],"wp:attachment":[{"href":"https:\/\/www.medienberatungev.org\/index.php?rest_route=%2Fwp%2Fv2%2Fmedia&parent=24026"}],"wp:term":[{"taxonomy":"category","embeddable":true,"href":"https:\/\/www.medienberatungev.org\/index.php?rest_route=%2Fwp%2Fv2%2Fcategories&post=24026"},{"taxonomy":"post_tag","embeddable":true,"href":"https:\/\/www.medienberatungev.org\/index.php?rest_route=%2Fwp%2Fv2%2Ftags&post=24026"}],"curies":[{"name":"wp","href":"https:\/\/api.w.org\/{rel}","templated":true}]}}