{"id":24226,"date":"2023-09-22T15:30:41","date_gmt":"2023-09-22T15:30:41","guid":{"rendered":"https:\/\/www.medienberatungev.org\/?p=24226"},"modified":"2025-05-07T15:07:05","modified_gmt":"2025-05-07T15:07:05","slug":"briefe-an-eugen-xviii-victor-serge","status":"publish","type":"post","link":"https:\/\/www.medienberatungev.org\/?p=24226","title":{"rendered":"Briefe an Eugen (XLV-45) Victor Serge"},"content":{"rendered":"\n<p>(Zeichen: 1.174)<\/p>\n\n\n<p><a href=\"https:\/\/www.medienberatungev.org\/wp-content\/uploads\/2023\/09\/PDF-Briefe-an-Eugen-XVII-Victor-Serge-Zeichen-1.174.pdf\">PDF Briefe an Eugen (XLV) Victor Serge (Zeichen 1.174)<\/a><\/p>\n\n\n<p>Briefe an Eugen (XVIII) Victor Serge<\/p>\n\n\n<div class=\"wp-block-image\">\n<figure class=\"alignright size-full is-resized\"><a href=\"https:\/\/www.medienberatungev.org\/wp-content\/uploads\/2022\/06\/Roemische-Zahlen-am-Heck.jpg\"><img loading=\"lazy\" decoding=\"async\" width=\"220\" height=\"330\" src=\"https:\/\/www.medienberatungev.org\/wp-content\/uploads\/2022\/06\/Roemische-Zahlen-am-Heck.jpg\" alt=\"R\u00f6mische Zahlen am BUG\" class=\"wp-image-17347\" style=\"width:133px;height:200px\" srcset=\"https:\/\/www.medienberatungev.org\/wp-content\/uploads\/2022\/06\/Roemische-Zahlen-am-Heck.jpg 220w, https:\/\/www.medienberatungev.org\/wp-content\/uploads\/2022\/06\/Roemische-Zahlen-am-Heck-200x300.jpg 200w\" sizes=\"auto, (max-width: 220px) 85vw, 220px\" \/><\/a><figcaption class=\"wp-element-caption\">R\u00f6mische Zahlen<\/figcaption><\/figure>\n<\/div>\n\n\n<p>Hallo Eugen,<\/p>\n\n\n\n<p>das habe ich mal aus einem Buch abgeschrieben. Das Buch ist zuerst 1951 in Frankreich erschienen. Geschrieben hat es Victor Serge.<\/p>\n\n\n<div class=\"wp-block-image\">\n<figure class=\"alignright size-full\"><a href=\"https:\/\/www.medienberatungev.org\/wp-content\/uploads\/2023\/09\/Victor_serge.jpg\"><img loading=\"lazy\" decoding=\"async\" width=\"220\" height=\"312\" src=\"https:\/\/www.medienberatungev.org\/wp-content\/uploads\/2023\/09\/Victor_serge.jpg\" alt=\"\" class=\"wp-image-24232\" srcset=\"https:\/\/www.medienberatungev.org\/wp-content\/uploads\/2023\/09\/Victor_serge.jpg 220w, https:\/\/www.medienberatungev.org\/wp-content\/uploads\/2023\/09\/Victor_serge-212x300.jpg 212w\" sizes=\"auto, (max-width: 220px) 85vw, 220px\" \/><\/a><figcaption class=\"wp-element-caption\">Victor Serge<\/figcaption><\/figure>\n<\/div>\n\n\n<p>Der Originaltitel der franz\u00f6sischen Ausgabe ist, wenn ich das richtig abgeschrieben habe: \u00bbM\u00e9moires d&#8217;un R\u00e9volutionnaire 1901-1941\u00ab erschienen bei Editions du Seuil, Paris. Deutsch im R\u00e4te Verlag, Wiener Neustadt 1974. Printed in Austria &#8211; Westdeutsche Ausgabe. 542 Seiten.<\/p>\n\n\n\n<p>Auf Seite 428 steht das Zitat: <em>&#8222;Als Revolution\u00e4re, die e<\/em><em>i<\/em><em>ne neue Gesellschaft schaffen wollten,<\/em><em>&gt;die gr\u00f6\u00dfte Demokratie der <\/em><em>Arbeiter&lt;<\/em><em>, hatten wir mit unseren eigenen H\u00e4nden ahnungslos die bedrohlichste <\/em><em>Staat<\/em><em>s<\/em><em>maschine gebaut, die man sich vorstellen konnte, und als wir es emp\u00f6rt bemerkten, <\/em><em>wandte sich diese Maschine, von unseren Br\u00fcdern und Genossen gesteuert<\/em><em>,<\/em><em> gegen uns und zermalmte uns.<\/em><\/p>\n\n\n\n<p><em>In einen unvers\u00f6hnlichen Despotismus verwandelt, zog die russische Revolution nicht mehr die Massen in Deutschland an, die mit ihren Hilfsmitteln und ihren Nerven am Ende waren.<\/em><\/p>\n\n\n\n<p><em>Der Nazismus richtete sich ein, indem er den Marxismus nachahmte, den er verfluchte. Europa bedeckte sich mit Konzentrationslagern, verbrannte B\u00fccher oder lie\u00df sie einstampfen, behandelte das Denken mit der Stra\u00dfenwalze, verbreitete durch alle seine Lautsprecher irrsinnige L\u00fcgen.&#8220;<\/em><\/p>\n\n\n\n<p>Victor Serge (Seite 428-429)<\/p>\n\n\n\n<p>(Mexiko 1942 &#8211; Februar 1943)<\/p>\n\n\n<div class=\"wp-block-image\">\n<figure class=\"alignright size-full is-resized\"><a href=\"https:\/\/www.medienberatungev.org\/wp-content\/uploads\/2013\/10\/nilpferd_tumb.png\"><img loading=\"lazy\" decoding=\"async\" width=\"1042\" height=\"830\" src=\"https:\/\/www.medienberatungev.org\/wp-content\/uploads\/2013\/10\/nilpferd_tumb.png\" alt=\"Nilpferd\" class=\"wp-image-15\" style=\"width:108px;height:auto\"\/><\/a><figcaption class=\"wp-element-caption\">Zeichnung Helga Bachmann<\/figcaption><\/figure>\n<\/div>","protected":false},"excerpt":{"rendered":"<p>(Zeichen: 1.174) PDF Briefe an Eugen (XLV) Victor Serge (Zeichen 1.174) Briefe an Eugen (XVIII) Victor Serge Hallo Eugen, das habe ich mal aus einem Buch abgeschrieben. Das Buch ist zuerst 1951 in Frankreich erschienen. Geschrieben hat es Victor Serge. Der Originaltitel der franz\u00f6sischen Ausgabe ist, wenn ich das richtig abgeschrieben habe: \u00bbM\u00e9moires d&#8217;un R\u00e9volutionnaire &hellip; <a href=\"https:\/\/www.medienberatungev.org\/?p=24226\" class=\"more-link\"><span class=\"screen-reader-text\">\u201eBriefe an Eugen (XLV-45) Victor Serge\u201c<\/span> weiterlesen<\/a><\/p>\n","protected":false},"author":2,"featured_media":0,"comment_status":"open","ping_status":"open","sticky":false,"template":"","format":"standard","meta":{"footnotes":""},"categories":[2948,2489,2427,45,7997,8012,4373,2052,6690,1,1565,77,7903,7742,2701,2702],"tags":[8853],"class_list":["post-24226","post","type-post","status-publish","format-standard","hentry","category-deutsche","category-deutsches-reich","category-kpd","category-nsdap","category-nutzloses-wissen","category-nutzl-oses-wissen","category-real-existierender-sozialismus","category-realer-sozialismus","category-stalin","category-uncategorized","category-vom-nachttisch-geraeumt","category-westberlin","category-wien","category-zufallsfund","category-zusammensprudelln","category-zusammensprudeln","tag-victor-serge"],"_links":{"self":[{"href":"https:\/\/www.medienberatungev.org\/index.php?rest_route=\/wp\/v2\/posts\/24226","targetHints":{"allow":["GET"]}}],"collection":[{"href":"https:\/\/www.medienberatungev.org\/index.php?rest_route=\/wp\/v2\/posts"}],"about":[{"href":"https:\/\/www.medienberatungev.org\/index.php?rest_route=\/wp\/v2\/types\/post"}],"author":[{"embeddable":true,"href":"https:\/\/www.medienberatungev.org\/index.php?rest_route=\/wp\/v2\/users\/2"}],"replies":[{"embeddable":true,"href":"https:\/\/www.medienberatungev.org\/index.php?rest_route=%2Fwp%2Fv2%2Fcomments&post=24226"}],"version-history":[{"count":14,"href":"https:\/\/www.medienberatungev.org\/index.php?rest_route=\/wp\/v2\/posts\/24226\/revisions"}],"predecessor-version":[{"id":29714,"href":"https:\/\/www.medienberatungev.org\/index.php?rest_route=\/wp\/v2\/posts\/24226\/revisions\/29714"}],"wp:attachment":[{"href":"https:\/\/www.medienberatungev.org\/index.php?rest_route=%2Fwp%2Fv2%2Fmedia&parent=24226"}],"wp:term":[{"taxonomy":"category","embeddable":true,"href":"https:\/\/www.medienberatungev.org\/index.php?rest_route=%2Fwp%2Fv2%2Fcategories&post=24226"},{"taxonomy":"post_tag","embeddable":true,"href":"https:\/\/www.medienberatungev.org\/index.php?rest_route=%2Fwp%2Fv2%2Ftags&post=24226"}],"curies":[{"name":"wp","href":"https:\/\/api.w.org\/{rel}","templated":true}]}}