{"id":24251,"date":"2023-09-28T07:10:50","date_gmt":"2023-09-28T07:10:50","guid":{"rendered":"https:\/\/www.medienberatungev.org\/?p=24251"},"modified":"2025-05-07T15:05:57","modified_gmt":"2025-05-07T15:05:57","slug":"buerger-beobachten-das-fernsehen-2","status":"publish","type":"post","link":"https:\/\/www.medienberatungev.org\/?p=24251","title":{"rendered":"B\u00fcrger beobachten das Fernsehen"},"content":{"rendered":"\n<p><strong>(Zeichen 5.0<\/strong><strong>44<\/strong><strong>)<\/strong><\/p>\n\n\n<p><a href=\"https:\/\/www.medienberatungev.org\/wp-content\/uploads\/2023\/09\/PDF-Zwei-Buerger-W.-J.-beobachten-das-Fernsehen.pdf\">PDF Zwei B\u00fcrger (W.+ J.) beobachten das Fernsehen<\/a><\/p>\n\n\n<p><strong>Zwei <\/strong><strong>B\u00fcrger<\/strong><strong> (genau genommen eine B\u00fcrgerin W<\/strong><strong>.<\/strong><strong> und ein B\u00fcrger J.<\/strong><strong>)<\/strong><strong> beobachten das Fernsehen<\/strong><strong> in Zeiten der Pandemie<\/strong><\/p>\n\n\n\n<p><strong>Hallo <\/strong><strong>J<\/strong><strong>., <\/strong>na, da hat aber ein Buerger das Fernsehen sehr genau beobachtet! Falls mir was einf\u00e4llt, womit man Dich besch\u00e4ftigen oder unterhalten kann, mache ich nat\u00fcrlich sofort Mitteilung.<\/p>\n\n\n\n<p><strong>Hallo <\/strong><strong>W<\/strong><strong>.,<\/strong> seit dem die weltweite Krankheit da ist, schaue ich ausserordentlich viel Fernsehen. Besonders gerne sehe ich die Virologinnen aller L\u00e4nder, besonders gerne die attraktive Virologin aus dem Hamburger UKE, aber auch der Herr von der Scharitee in Berlin gefaellt mir gut.<\/p>\n\n\n\n<p><strong>Hallo <\/strong><strong>J., <\/strong>ich gucke nicht, ich lese nur; das finde ich leichter verdaulich.<\/p>\n\n\n\n<p><strong>Hallo <\/strong><strong>W<\/strong><strong>.,<\/strong> besonders interessieren mich immer die Antworten auf die immer wieder gestellten Fragen, als da w\u00e4ren: Warum es in New York so wenig Beatmungsgeraete und so viele Kuehlwagen gibt.<\/p>\n\n\n\n<p><strong>Hallo <\/strong><strong>J., <\/strong>das weiss ich allerdings auch nicht. Warum denn?<\/p>\n\n\n\n<p><strong>Hallo <\/strong><strong>W<\/strong><strong>.<\/strong><strong>, <\/strong>die Antworten fehlen. Das ist vermutlich geheim. Die Sender, die mir die freundliche Genossenschaft zur Verf\u00fcgung stellt, haben jetzt \u00f6fter Motten (meint die Mehrzahl von Motto) an verschiedenen Stellen des \u00fcbertragenen Bildes. Hier die Zusammenstellung, die ich extra durch Beobachtung f\u00fcr Dich hergestellt habe, weil Du bestimmt diese Sender alle nicht beobachtest.<\/p>\n\n\n\n<p><strong>Hallo <\/strong><strong>J., <\/strong>in der Tat.                                                                                                                     <strong>Hallo  <\/strong><strong>W<\/strong><strong>., <\/strong>NDR Drittes Programm Hamburg links oben steht: Der Norden h\u00e4lt zusammen (leider wird nicht mitgeteilt, was oder wen der Norden da zusammen h\u00e4lt und wer denn eigentlich dieser Norden ist.)<\/p>\n\n\n\n<p><strong>Hallo <\/strong><strong>J., <\/strong>na, das ist doch richtiges Deutsch. Auch wenns nat\u00fcrlich nicht wahr ist.<\/p>\n\n\n\n<p><strong>Hallo <\/strong><strong>W<\/strong><strong>., <\/strong>der BR (3. Programm) rechts oben: &#8222;daheim bleiben&#8220;. Man weiss nicht recht, sollen nur die Bayern daheim bleiben oder auch die anderen St\u00e4mme?<\/p>\n\n\n\n<p><strong>Hallo <\/strong><strong>J., <\/strong>richtet sich vielleicht nur an die s\u00fcdlichen St\u00e4mme, die &#8222;daheim&#8220; sagen und nicht &#8222;zuhause&#8220; (wozu wir ja gleich noch kommen).                              <strong>Hallo <\/strong><strong>W<\/strong><strong>., <\/strong>der WDR schreibt einfach nur (links oben) Zuhause und das in einem Wort, was immer das sein soll.<\/p>\n\n\n\n<p><strong>Hallo <\/strong><strong>J., <\/strong>ist beides richtig, zusammen und getrennt. Und als Substantiv muss man es sogar zusammen schreiben: &#8222;mein Zuhause&#8220;.                                                <strong>Hallo <\/strong><strong>W<\/strong><strong>.<\/strong><strong>, <\/strong>heute morgen um 9.00 Uhr hatten sie eine gute Sendung mit Armin Maiwald \u00fcber seinen Papa.<\/p>\n\n\n\n<p><strong>Hallo <\/strong><strong>J., <\/strong>du siehst morgens um 9 Uhr fern? Das ist aber schon ein bisschen besorgniserregend.                                                                                                                        <strong>Hallo <\/strong><strong>W<\/strong><strong>., <\/strong>leider ist die Sendung mit der Maus in gewisser Weise auch schon verst\u00fcmmelt. Sie passen sich an den Rest des Programmes an, das kein Bild mehr \u00fcber den Sender geht, wo nicht mindestens ein Klavier im Hintergrund zu h\u00f6ren ist.<\/p>\n\n\n\n<p><strong>Hallo<\/strong><strong> J., <\/strong>ja, der Zug ist abgefahren. Leider.                                                                     <strong>Hallo <\/strong><strong>W<\/strong><strong>., <\/strong>dabei f\u00e4llt mir noch auf, wann hat das eigentlich mit den Namensm\u00fctzen f\u00fcr die Mikros angefangen? Dass jedes Mikro eine M\u00fctze auf hat? Damit es wieder in richtige Kiste reinkommt und das auch nicht vergisst, wie die Kiste heisst und wem sie geh\u00f6rt? Oder warum mu\u00df es  noch seine Herkunft st\u00e4ndig zeigen? Fr\u00fcher haben nur kleine Zeichen darauf aufmerksam gemacht, dass das MKH von Sennheiser hergestellt worden ist.<\/p>\n\n\n\n<p><strong>Hallo <\/strong><strong>J<\/strong><strong> . <\/strong><strong>, <\/strong>das weiss ich nicht, ist aber eine interessante Beobachtung.             <strong>Hallo <\/strong><strong>W<\/strong><strong>., <\/strong>der HR schreibt: zusammenhalten (ebenfalls in einen Wort).<\/p>\n\n\n\n<p><strong>Hallo <\/strong><strong>J., <\/strong>geh\u00f6rt sich auch so. Die Faustregel lautet, wenn der erste Wortteil betont wird (in diesem Fall &#8222;zusammen&#8220;), wird das Verb zusammengeschrieben.<\/p>\n\n\n\n<p><strong>Hallo <\/strong><strong>W<\/strong><strong>., <\/strong>wo man nicht recht weiss, ob sich das nur an die Frankfurter mit ihren W\u00fcrstchen wendet. Haben nicht auch die Kameraden fr\u00fcher immer zusammen gehalten, wenn sie pl\u00fcndern waren?<\/p>\n\n\n\n<p><strong>Hallo <\/strong><strong>J., <\/strong>ja, das ist eins dieser politisch verd\u00e4chtigen W\u00f6rter, die sich f\u00fcr praktisch alle Zwecke eignen.                                                                                                    <strong>Hallo <\/strong><strong>W<\/strong><strong>., <\/strong>der MDR titelt (links oben): ZUHAUSE # MITEINDANDERSTARK (Beide Worte in Grossbuchstaben mit der Raute von Angela dazwischen und zusammengeschrieben (vermutlich um Platz zu sparen).<\/p>\n\n\n\n<p><strong>Hallo <\/strong><strong>J., <\/strong>nee, das hat mit Platz sparen nichts zu tun; das ist ein Hashtag. Falls Du jetzt, was ich fuer wahrscheinlich halte, sagst, &#8222;wassn das&#8220;, schlage ich vor, dass Du mal nachguckst, was es ist (hier zum Beispiel:; du wirst es zwar selber wahrscheinlich nie brauchen, aber es erleichtert die Kommunikation mit der j\u00fcngeren Generation. Und das ist doch zumindest ein bisschen n\u00fctzlicher als auswendig zu lernen, welche Verben zusammengeschrieben werden.<\/p>\n\n\n\n<p><strong>Hallo <\/strong><strong>W<\/strong><strong>., <\/strong>der SWR hat es auch mit den Grossbuchstaben und schreibt F\u00dcR EUCH DA&nbsp;(Vermutlich ist der Sendeplatz, der eben da ist, wo er jetzt ist und nicht woanders, sonst w\u00fcrde da ja jetzt stehen: F\u00dcR EUCH JETZT HIER.<\/p>\n\n\n\n<p><strong>Hallo <\/strong><strong>J<\/strong><strong>., <\/strong>na, das ist jetzt aber schon sehr kleinkraemerisch :-).<\/p>\n\n\n\n<p><strong>Hallo <\/strong><strong>W<\/strong><strong>.,<\/strong> und nun kommst Du,&nbsp;und nicht, dass Du schreibst, ich h\u00e4tte diesen Text nur geschrieben, weil ich Cleopatra und Caesar nicht mehr habe aushalten koennen.<\/p>\n\n\n\n<p><strong>Hallo <\/strong><strong>J.,<\/strong> ja, irgendwie ist mir auch langweilig.<\/p>\n\n\n\n<p><strong>Hallo <\/strong><strong>W<\/strong><strong>.,<\/strong> ja, das merk ich.<\/p>\n\n\n\n<p><strong>Hallo J.,<\/strong> ich habe einen Freund im l\u00e4ndlichen Kanada, den die Viruskrise direkt nach einer extrem unsch\u00f6nen Scheidung und dem Auszug aus dem gemeinsam bewohnten Haus erwischte, und zwar in einem Trailer auf dem Gel\u00e4nde eines Hunde\u00fcbungsplatzes (heisst das so?) ohne Klo, Herd und K\u00fchlschrank. Dort wollte er eigentlich nur ein paar Wochen bleiben, bis eine neue Wohnung gefunden war, und dann kann das (der ?) Virus. Nun sitzt er da und kann nicht weg. Das Internet reicht nicht aus zum Filme gucken, und so hat er sich denn auf den Weg zur n\u00e4chsten Tankstelle begeben (ich weiss aus eigener Erfahrung, dass die im l\u00e4ndlichen Ontario gern mal 60 km weit weg sind) in der Hoffnung, da einen Armvoll DVDs zu ergattern, aber die Idee hatten schon andere gehabt, und es gab noch genau drei, und zwar folgende:- die erste Staffel von &#8222;Kojak&#8220;- Robocop 3- einen Kung Fu-Film auf chinesisch. Die hat er dann alle gekauft und guckt sie sich seitdem reihum an. Ich fand das todkomisch (hab&#8216; ich ihm nat\u00fcrlich nicht gesagt) und habe gedacht, da m\u00fcsste doch eigentlich jemand mit einen Sinn f\u00fcr Tragikomik einen Film draus machen. Falls mir was einf\u00e4llt, womit man Dich besch\u00e4ftigen oder unterhalten kann, mache ich nat\u00fcrlich sofort Mitteilung. W.<\/p>\n\n\n<div class=\"wp-block-image\">\n<figure class=\"alignright size-full is-resized\"><a href=\"https:\/\/www.medienberatungev.org\/wp-content\/uploads\/2013\/10\/nilpferd_tumb.png\"><img loading=\"lazy\" decoding=\"async\" width=\"1042\" height=\"830\" src=\"https:\/\/www.medienberatungev.org\/wp-content\/uploads\/2013\/10\/nilpferd_tumb.png\" alt=\"Nilpferd\" class=\"wp-image-15\" style=\"width:143px;height:auto\"\/><\/a><figcaption class=\"wp-element-caption\">Zeichnung Helga Bachmann<\/figcaption><\/figure>\n<\/div>\n\n\n<p><\/p>\n","protected":false},"excerpt":{"rendered":"<p>(Zeichen 5.044) PDF Zwei B\u00fcrger (W.+ J.) beobachten das Fernsehen Zwei B\u00fcrger (genau genommen eine B\u00fcrgerin W. und ein B\u00fcrger J.) beobachten das Fernsehen in Zeiten der Pandemie Hallo J., na, da hat aber ein Buerger das Fernsehen sehr genau beobachtet! Falls mir was einf\u00e4llt, womit man Dich besch\u00e4ftigen oder unterhalten kann, mache ich nat\u00fcrlich &hellip; <a href=\"https:\/\/www.medienberatungev.org\/?p=24251\" class=\"more-link\"><span class=\"screen-reader-text\">\u201eB\u00fcrger beobachten das Fernsehen\u201c<\/span> weiterlesen<\/a><\/p>\n","protected":false},"author":2,"featured_media":0,"comment_status":"open","ping_status":"open","sticky":false,"template":"","format":"standard","meta":{"footnotes":""},"categories":[199,2948,3456,135,2620,16,8597,2330,144,7997,8012,4403,1,77,2703,27,7742,2701,2702],"tags":[3571,8856,2940,8854,8857,329,6630,6613,6623,6622,7533,8862,6617,7537,8860,7532,8861,3567,8858,8855,6629,6626,8859,8863,1274,8864,7520,1576],"class_list":["post-24251","post","type-post","status-publish","format-standard","hentry","category-berlin","category-deutsche","category-deutsches-fernsehen","category-fernsehen","category-film","category-hamburg","category-kuddelmuddel","category-langeweile","category-ndr","category-nutzloses-wissen","category-nutzl-oses-wissen","category-obrigkeit","category-uncategorized","category-westberlin","category-wichtigtuerei","category-zdf","category-zufallsfund","category-zusammensprudelln","category-zusammensprudeln","tag-bayern","tag-br","tag-buerger","tag-buerger-beobachen-das-fernsehen","tag-caesar","tag-christian-geissler","tag-cleopatra","tag-daheim-bleiben","tag-fuer-euch-da","tag-hashtag","tag-klavier","tag-maiwald","tag-mdr","tag-mein-zuhause","tag-mikro","tag-mkh","tag-muetze","tag-ndr","tag-norden","tag-ontario","tag-rbb","tag-robocop-3","tag-sennheiser","tag-staemme","tag-swr","tag-uke","tag-virologen","tag-wdr"],"_links":{"self":[{"href":"https:\/\/www.medienberatungev.org\/index.php?rest_route=\/wp\/v2\/posts\/24251","targetHints":{"allow":["GET"]}}],"collection":[{"href":"https:\/\/www.medienberatungev.org\/index.php?rest_route=\/wp\/v2\/posts"}],"about":[{"href":"https:\/\/www.medienberatungev.org\/index.php?rest_route=\/wp\/v2\/types\/post"}],"author":[{"embeddable":true,"href":"https:\/\/www.medienberatungev.org\/index.php?rest_route=\/wp\/v2\/users\/2"}],"replies":[{"embeddable":true,"href":"https:\/\/www.medienberatungev.org\/index.php?rest_route=%2Fwp%2Fv2%2Fcomments&post=24251"}],"version-history":[{"count":11,"href":"https:\/\/www.medienberatungev.org\/index.php?rest_route=\/wp\/v2\/posts\/24251\/revisions"}],"predecessor-version":[{"id":29712,"href":"https:\/\/www.medienberatungev.org\/index.php?rest_route=\/wp\/v2\/posts\/24251\/revisions\/29712"}],"wp:attachment":[{"href":"https:\/\/www.medienberatungev.org\/index.php?rest_route=%2Fwp%2Fv2%2Fmedia&parent=24251"}],"wp:term":[{"taxonomy":"category","embeddable":true,"href":"https:\/\/www.medienberatungev.org\/index.php?rest_route=%2Fwp%2Fv2%2Fcategories&post=24251"},{"taxonomy":"post_tag","embeddable":true,"href":"https:\/\/www.medienberatungev.org\/index.php?rest_route=%2Fwp%2Fv2%2Ftags&post=24251"}],"curies":[{"name":"wp","href":"https:\/\/api.w.org\/{rel}","templated":true}]}}