{"id":24694,"date":"2023-11-29T13:42:56","date_gmt":"2023-11-29T13:42:56","guid":{"rendered":"https:\/\/www.medienberatungev.org\/?p=24694"},"modified":"2025-05-07T14:43:29","modified_gmt":"2025-05-07T14:43:29","slug":"briefe-an-eugen","status":"publish","type":"post","link":"https:\/\/www.medienberatungev.org\/?p=24694","title":{"rendered":"Briefe an Eugen (XXI-21) Pressetreuh\u00e4ndler."},"content":{"rendered":"<div class=\"wp-block-image is-resized\">\n<figure class=\"alignright size-full\"><a href=\"https:\/\/www.medienberatungev.org\/wp-content\/uploads\/2022\/06\/Roemische-Zahlen-am-Heck.jpg\"><img loading=\"lazy\" decoding=\"async\" width=\"220\" height=\"330\" src=\"https:\/\/www.medienberatungev.org\/wp-content\/uploads\/2022\/06\/Roemische-Zahlen-am-Heck.jpg\" alt=\"R\u00f6mische Zahlen am BUG\" class=\"wp-image-17347\" srcset=\"https:\/\/www.medienberatungev.org\/wp-content\/uploads\/2022\/06\/Roemische-Zahlen-am-Heck.jpg 220w, https:\/\/www.medienberatungev.org\/wp-content\/uploads\/2022\/06\/Roemische-Zahlen-am-Heck-200x300.jpg 200w\" sizes=\"auto, (max-width: 220px) 85vw, 220px\" \/><\/a><figcaption class=\"wp-element-caption\">R\u00f6mische Zahlen<\/figcaption><\/figure>\n<\/div>\n\n<div class=\"wp-block-image is-resized\">\n<figure class=\"alignleft size-large\"><a href=\"https:\/\/www.medienberatungev.org\/wp-content\/uploads\/2023\/11\/Buchumschlag-Max-WinklerDoege-scaled.jpg\"><img loading=\"lazy\" decoding=\"async\" width=\"735\" height=\"1024\" src=\"https:\/\/www.medienberatungev.org\/wp-content\/uploads\/2023\/11\/Buchumschlag-Max-WinklerDoege-735x1024.jpg\" alt=\"\" class=\"wp-image-24695\" style=\"width:258px;height:auto\" srcset=\"https:\/\/www.medienberatungev.org\/wp-content\/uploads\/2023\/11\/Buchumschlag-Max-WinklerDoege-735x1024.jpg 735w, https:\/\/www.medienberatungev.org\/wp-content\/uploads\/2023\/11\/Buchumschlag-Max-WinklerDoege-215x300.jpg 215w, https:\/\/www.medienberatungev.org\/wp-content\/uploads\/2023\/11\/Buchumschlag-Max-WinklerDoege-768x1069.jpg 768w, https:\/\/www.medienberatungev.org\/wp-content\/uploads\/2023\/11\/Buchumschlag-Max-WinklerDoege-1103x1536.jpg 1103w, https:\/\/www.medienberatungev.org\/wp-content\/uploads\/2023\/11\/Buchumschlag-Max-WinklerDoege-1471x2048.jpg 1471w, https:\/\/www.medienberatungev.org\/wp-content\/uploads\/2023\/11\/Buchumschlag-Max-WinklerDoege-1200x1671.jpg 1200w, https:\/\/www.medienberatungev.org\/wp-content\/uploads\/2023\/11\/Buchumschlag-Max-WinklerDoege-scaled.jpg 1839w\" sizes=\"auto, (max-width: 709px) 85vw, (max-width: 909px) 67vw, (max-width: 984px) 61vw, (max-width: 1362px) 45vw, 600px\" \/><\/a><\/figure>\n<\/div>\n\n\n<p><strong>Hallo Eugen<\/strong>, ja, ich habe das Buch gekauft. Obwohl es so teuer ist. Aber es ist auch dick. Es hat den etwas komplizierten Titel: <strong>Ein treuer Diener vieler Herrn: Max Winkler. Pressetreuh\u00e4nder  der Weimarer  Republik und der nationalsozialistischen Diktatur<\/strong>. Es hat 654 Seiten und kostet 49,00 Euro. Geschrieben hat es Ulrich D\u00f6ge. Von dem hatte ich schon das Buch \u00fcber den Verleger und Kinobesitzer Karl Wolffsohn gekauft und gelesen. D\u00f6ge scheint lange Buchtitel zu m\u00f6gen. Das Buch, das er \u00fcber Karl Wolffsohn geschrieben hatte, hat auch so einen langen Titel: <strong>&#8222;Er hat eben das hei\u00dfe Herz&#8220; Der Verleger und Filmunternehmer Karl Wolffsohn.<\/strong> Nachdem ich es gelesen habe, kann ich schreiben, ein Kauf lohnt sich. Und au\u00dferdem bekommt man ja einen Euro wieder, wenn man mit einem 50 Euro Schein bezahlt. Nein im Ernst, Eugen. Endlich mal ein Buch, wo man hinterher nicht das Gef\u00fchl hat, das es sich um eine Auftragsarbeit handelt, die die beschriebene Person selber bezahlt hat. Beim Abschreiben des Buchtitels ist mir versehentlich ein -L- mit reingerutscht, soda\u00df dort zuerst <strong> Pressetreuh\u00e4ndler<\/strong> stand, was ja auch stimmen w\u00fcrde. Nur das Wort <strong>treu<\/strong> ist in diesem Zusammenhang ein wenig mi\u00dfverst\u00e4ndlich. Leider gibt es nicht viele Bilder in dem Buch. Aber auf Seite 562 sieht man Max Winkler vor dem Entnazifizierungs-Hauptausschuss in L\u00fcneburg am Tag des Urteils, am 10. 08. 1949. Man beachte die Vorschriften rechts oben im Bild.<\/p>\n\n\n<div class=\"wp-block-image is-resized\">\n<figure class=\"alignright size-large\"><a href=\"https:\/\/www.medienberatungev.org\/wp-content\/uploads\/2023\/11\/Max-Winkler-wird-entnazifiziert.jpg\"><img loading=\"lazy\" decoding=\"async\" width=\"662\" height=\"1024\" src=\"https:\/\/www.medienberatungev.org\/wp-content\/uploads\/2023\/11\/Max-Winkler-wird-entnazifiziert-662x1024.jpg\" alt=\"\" class=\"wp-image-24704\" style=\"width:149px;height:auto\" srcset=\"https:\/\/www.medienberatungev.org\/wp-content\/uploads\/2023\/11\/Max-Winkler-wird-entnazifiziert-662x1024.jpg 662w, https:\/\/www.medienberatungev.org\/wp-content\/uploads\/2023\/11\/Max-Winkler-wird-entnazifiziert-194x300.jpg 194w, https:\/\/www.medienberatungev.org\/wp-content\/uploads\/2023\/11\/Max-Winkler-wird-entnazifiziert-768x1188.jpg 768w, https:\/\/www.medienberatungev.org\/wp-content\/uploads\/2023\/11\/Max-Winkler-wird-entnazifiziert-993x1536.jpg 993w, https:\/\/www.medienberatungev.org\/wp-content\/uploads\/2023\/11\/Max-Winkler-wird-entnazifiziert-1324x2048.jpg 1324w, https:\/\/www.medienberatungev.org\/wp-content\/uploads\/2023\/11\/Max-Winkler-wird-entnazifiziert-1200x1857.jpg 1200w, https:\/\/www.medienberatungev.org\/wp-content\/uploads\/2023\/11\/Max-Winkler-wird-entnazifiziert.jpg 1570w\" sizes=\"auto, (max-width: 709px) 85vw, (max-width: 909px) 67vw, (max-width: 984px) 61vw, (max-width: 1362px) 45vw, 600px\" \/><\/a><figcaption class=\"wp-element-caption\">Rauchen verboten (In L\u00fcneburg) Laut Bildnachweis ist das Foto in der S\u00fcddeutschen Zeitung erschienen (Ohne Nennung des Fotografen)<\/figcaption><\/figure>\n<\/div>\n\n<div class=\"wp-block-image\">\n<figure class=\"alignright size-full is-resized\"><a href=\"https:\/\/www.medienberatungev.org\/wp-content\/uploads\/2013\/10\/nilpferd_tumb.png\"><img loading=\"lazy\" decoding=\"async\" width=\"1042\" height=\"830\" src=\"https:\/\/www.medienberatungev.org\/wp-content\/uploads\/2013\/10\/nilpferd_tumb.png\" alt=\"Nilpferd\" class=\"wp-image-15\" style=\"width:206px;height:auto\"\/><\/a><figcaption class=\"wp-element-caption\">Zeichnung Helga Bachmann<\/figcaption><\/figure>\n<\/div>","protected":false},"excerpt":{"rendered":"<p>Hallo Eugen, ja, ich habe das Buch gekauft. Obwohl es so teuer ist. Aber es ist auch dick. Es hat den etwas komplizierten Titel: Ein treuer Diener vieler Herrn: Max Winkler. Pressetreuh\u00e4nder der Weimarer Republik und der nationalsozialistischen Diktatur. Es hat 654 Seiten und kostet 49,00 Euro. Geschrieben hat es Ulrich D\u00f6ge. Von dem hatte &hellip; <a href=\"https:\/\/www.medienberatungev.org\/?p=24694\" class=\"more-link\"><span class=\"screen-reader-text\">\u201eBriefe an Eugen (XXI-21) Pressetreuh\u00e4ndler.\u201c<\/span> weiterlesen<\/a><\/p>\n","protected":false},"author":2,"featured_media":0,"comment_status":"open","ping_status":"open","sticky":false,"template":"","format":"standard","meta":{"footnotes":""},"categories":[2698,1988,4679,5875,2449,2037,2455,5665,5750,6275,6278,6301,8591,1662,519,2538,7408,69,199,5968,2948,650,298,2489,6535,14,2620,6443,16,5600,5711,4511,2495,4661,327,4377,1049,10,8597,1729,826,49,8202,1688,7703,45,8012,7997,4403,287,8266,488,7305,6307,4356,1687,8267,8919,1,3186,7307,77,2703,1604,7742,2701,2702,6170,7422],"tags":[5403,8923,2112,1693,7002,5733,8924,1986,8922,7134,8921,8920,2861],"class_list":["post-24694","post","type-post","status-publish","format-standard","hentry","category-2698","category-1988","category-4679","category-5875","category-2449","category-2037","category-2455","category-5665","category-5750","category-35-mm-film","category-35-mm-projektoren","category-algemeiner-filmverleih","category-amerika","category-amerikanischer-filmverleih","category-antisemitismus","category-arisierer","category-arisiert","category-arisierung","category-berlin","category-britische-militaerregierung","category-deutsche","category-deutsche-filme","category-deutscher-film","category-deutsches-reich","category-dritten-reich","category-enteignung","category-film","category-geschichte-des-films","category-hamburg","category-hamburger-fremdenblatt","category-herbert-selpin","category-juden","category-judenvermoegungsabgabe","category-juedische-fluechtlinge","category-juedischer-friedhof","category-karl-wolffsohn","category-kinobesitzer","category-kinogeschichte","category-kuddelmuddel","category-lbb","category-licht-bild-buehne","category-lichtbildbuehne","category-manfred-barthel","category-max-winkler","category-nazis","category-nsdap","category-nutzl-oses-wissen","category-nutzloses-wissen","category-obrigkeit","category-persilschein","category-reichsfilmkammer","category-reichsfluchtsteuer","category-restitution","category-revisionsabteilung-ufa","category-theresienstadt","category-ufa-2","category-ufi","category-ulrich-doege","category-uncategorized","category-verlag-rudolf-mosse","category-wegnahme","category-westberlin","category-wichtigtuerei","category-wiedergutmachung","category-zufallsfund","category-zusammensprudelln","category-zusammensprudeln","category-zweispaeltiges-hollywood","category-zwiespaeltiges-hollywood","tag-alfred-bauer","tag-bruno-pfennig","tag-fritz-hippler","tag-georg-roeber","tag-hamburger-fremdenblatt","tag-herbert-selpin","tag-hto","tag-karl-wolffsohn","tag-max-amann","tag-max-winkler","tag-mosse","tag-presse","tag-ullstein-verlag"],"_links":{"self":[{"href":"https:\/\/www.medienberatungev.org\/index.php?rest_route=\/wp\/v2\/posts\/24694","targetHints":{"allow":["GET"]}}],"collection":[{"href":"https:\/\/www.medienberatungev.org\/index.php?rest_route=\/wp\/v2\/posts"}],"about":[{"href":"https:\/\/www.medienberatungev.org\/index.php?rest_route=\/wp\/v2\/types\/post"}],"author":[{"embeddable":true,"href":"https:\/\/www.medienberatungev.org\/index.php?rest_route=\/wp\/v2\/users\/2"}],"replies":[{"embeddable":true,"href":"https:\/\/www.medienberatungev.org\/index.php?rest_route=%2Fwp%2Fv2%2Fcomments&post=24694"}],"version-history":[{"count":30,"href":"https:\/\/www.medienberatungev.org\/index.php?rest_route=\/wp\/v2\/posts\/24694\/revisions"}],"predecessor-version":[{"id":29681,"href":"https:\/\/www.medienberatungev.org\/index.php?rest_route=\/wp\/v2\/posts\/24694\/revisions\/29681"}],"wp:attachment":[{"href":"https:\/\/www.medienberatungev.org\/index.php?rest_route=%2Fwp%2Fv2%2Fmedia&parent=24694"}],"wp:term":[{"taxonomy":"category","embeddable":true,"href":"https:\/\/www.medienberatungev.org\/index.php?rest_route=%2Fwp%2Fv2%2Fcategories&post=24694"},{"taxonomy":"post_tag","embeddable":true,"href":"https:\/\/www.medienberatungev.org\/index.php?rest_route=%2Fwp%2Fv2%2Ftags&post=24694"}],"curies":[{"name":"wp","href":"https:\/\/api.w.org\/{rel}","templated":true}]}}