{"id":25175,"date":"2024-01-09T12:55:51","date_gmt":"2024-01-09T12:55:51","guid":{"rendered":"https:\/\/www.medienberatungev.org\/?p=25175"},"modified":"2025-05-07T14:35:19","modified_gmt":"2025-05-07T14:35:19","slug":"briefe-an-eugen-xxiii-versteckt-im-nachtprogramm","status":"publish","type":"post","link":"https:\/\/www.medienberatungev.org\/?p=25175","title":{"rendered":"Briefe an Eugen (XX-20) Versteckt im Nachtprogramm"},"content":{"rendered":"<div class=\"wp-block-image\">\n<figure class=\"alignright size-full is-resized\"><a href=\"https:\/\/www.medienberatungev.org\/wp-content\/uploads\/2022\/06\/Roemische-Zahlen-am-Heck.jpg\"><img loading=\"lazy\" decoding=\"async\" width=\"220\" height=\"330\" src=\"https:\/\/www.medienberatungev.org\/wp-content\/uploads\/2022\/06\/Roemische-Zahlen-am-Heck.jpg\" alt=\"R\u00f6mische Zahlen am BUG\" class=\"wp-image-17347\" style=\"width:124px;height:186px\" srcset=\"https:\/\/www.medienberatungev.org\/wp-content\/uploads\/2022\/06\/Roemische-Zahlen-am-Heck.jpg 220w, https:\/\/www.medienberatungev.org\/wp-content\/uploads\/2022\/06\/Roemische-Zahlen-am-Heck-200x300.jpg 200w\" sizes=\"auto, (max-width: 220px) 85vw, 220px\" \/><\/a><figcaption class=\"wp-element-caption\">R\u00f6mische Zahlen<\/figcaption><\/figure>\n<\/div>\n\n<p><a href=\"https:\/\/www.medienberatungev.org\/wp-content\/uploads\/2024\/01\/PDF-Briefe-an-Eugen-XXIII-Versteckt-im-Nachtprogramm-1.pdf\">PDF Briefe an Eugen (XX) Versteckt im Nachtprogramm<\/a><\/p>\n\n\n<p>Briefe an Eugen (XXIII) Versteckt im Nachtprogramm<\/p>\n\n\n\n<p>Hallo Eugen,<\/p>\n\n\n\n<p>der Film beginnt und endet im Knast. Durch den Anfang und die Filmbeschreibung sollte man sich nicht t\u00e4uschen lassen. Auch den Vorspann sollte man m\u00fchelos ertragen. Erst was danach kommt, ist sehens- und h\u00f6renswert. Ein Film, der zwanzig Jahre lang versteckt wurde. (2003)<\/p>\n\n\n\n<p class=\"has-drop-cap\">Jedenfalls vor mir. Der dann irgendwann per Zufall, ich konnte nicht schlafen, zwischen null und zwei Uhr morgens in einem \u00f6ffentlichen Kanal auftaucht. Die erkannten Schauspieler: Hinnerk Sch\u00f6nemann, Tilo Pr\u00fcckner und mit Einschr\u00e4nkungen auch Peter Lohmeyer halten mich fest.<\/p>\n\n\n\n<p class=\"has-drop-cap\">Woher die Heiratschwindlergeschichte in der Beschreibung kommt? Ich wei\u00df es nicht. Die Regie hatte eine Regisseurin, deren Produkte ich bisher sorgsam gemieden hatte: Bibby Blocksberg, Du machst dein Ding, Vier Meter ohne Kopf undsoweiter geh\u00f6ren dazu.<\/p>\n\n\n\n<p class=\"has-drop-cap\">Geboren am 13.11.1957 in Paderborn. Ein Nachname, dessen Schreibweise erst ermittelt werden mu\u00df: Huntgeburth. Hermine Huntgeburth. Ein Name, mit dem sie es sicher nicht leicht hatte. Eben nicht so wie man es spricht.  Dieses Produkt, so sp\u00e4t in der Nacht, hebt sich von der \u00fcblichen, langweiligen Fernsehware deutlich ab. Sonst h\u00e4tte man es ja auch nicht hier versteckt.<\/p>\n\n\n\n<p class=\"has-drop-cap\">Der Film macht eine Kreisbewegung. Er beginnt nicht nur im Knast, sondern er endet auch dort. Und zwar nicht in der \u00fcblichen Weise der Wiederholungst\u00e4ter. Nein, sie stellen es so an, das sie auf jeden Fall erwischt und verurteilt werden m\u00fcssen.<\/p>\n\n\n<div class=\"wp-block-image\">\n<figure class=\"alignright size-full is-resized\"><a href=\"https:\/\/www.medienberatungev.org\/wp-content\/uploads\/2024\/01\/theophil-eckhard_01.jpg\"><img loading=\"lazy\" decoding=\"async\" width=\"300\" height=\"450\" src=\"https:\/\/www.medienberatungev.org\/wp-content\/uploads\/2024\/01\/theophil-eckhard_01.jpg\" alt=\"\" class=\"wp-image-25200\" style=\"width:91px;height:137px\" srcset=\"https:\/\/www.medienberatungev.org\/wp-content\/uploads\/2024\/01\/theophil-eckhard_01.jpg 300w, https:\/\/www.medienberatungev.org\/wp-content\/uploads\/2024\/01\/theophil-eckhard_01-200x300.jpg 200w\" sizes=\"auto, (max-width: 300px) 85vw, 300px\" \/><\/a><figcaption class=\"wp-element-caption\">Drebuchautor Eckhard Theophil<\/figcaption><\/figure>\n<\/div>\n\n\n<p class=\"has-drop-cap\">Und das ist doch sehr ungew\u00f6hnlich im Zeitalter der Resozialisierungsbewegung. Wer sich den irref\u00fchrenden Titel: <strong>\u00bbDer Boxer und die Friseuse\u00ab<\/strong> ausgedacht hat, wei\u00df ich nicht. Ziemlich bekloppt. Vielleicht abgeleitet von der <strong>Prinz und die T\u00e4nzerin<\/strong>. Und auch der Drehbuchautor Eckhard Theophil und der Kameramann Sebastian Edschmid haben gro\u00dfe Anteile am Reiz, den dieser Film ausl\u00f6st, J.<\/p>\n\n\n\n<p><strong>Und hier die voellig beknackte Inhaltsbeschreibung der ARD: (Januar 2024)<\/strong><\/p>\n\n\n\n<p><em><strong>&#8222;<\/strong><\/em><em>Der begabte Starfriseur Fr\u00e4nki verf\u00fcgt noch \u00fcber eine weitere lukrative Einnahmequelle: Er l\u00e4sst sich hier und da mit wohlsituierten \u00e4lteren Damen ein. Die gro\u00dfz\u00fcgige Verg\u00fctung bringt er dann mit knackigen M\u00e4nnern durch. Bis eines Tages Charlotte auftaucht und ihn heiratet. Als sie erkennt, dass sie einem Heiratsschwindler aufgesessen ist, bringt sie ihn hinter Gitter. Dort verliebt sich Fr\u00e4nki in den einf\u00e4ltigen, aber durchaus liebenswerten Boxer Mirco.<\/em><\/p>\n\n\n\n<p><em>Der arbeitet an seinem Volksschulabschluss, w\u00e4hrend Fr\u00e4nki ihm in der gemeinsamen Zelle seine Lieblingsspeisen zubereitet. Nach der Haftentlassung erf\u00e4hrt Fr\u00e4nki, dass Mirco nur im Knast mit M\u00e4nnern kann. Damit nicht genug, sieht er sich der verliebten Charlotte gegen\u00fcber, die beschlossen hat, um ihn zu k\u00e4mpfen. <\/em><em>Mirco st\u00fcrzt sich voller Energie in das n\u00e4chstbeste Abenteuer mit der zuckers\u00fc\u00dfen Jenny, w\u00e4hrend Fr\u00e4nki damit besch\u00e4ftigt ist, Charlotte abzusch\u00fctteln. Gleichzeitig sucht Fr\u00e4nki nach einer soliden Perspektive, seinen Angebeteten zur\u00fcckzuerobern.<\/em><\/p>\n\n\n\n<p><em>Er ebnet Mirco den Weg als Boxprofi und wird sein Manager. Als besondere \u00dcberraschung kauft er einen Hund. Doch dann erwischt Fr\u00e4nki Mirco mit besagter Frau in flagranti und wirft ihn aus der Wohnung. In seiner Trauer um die verlorene Liebe beschlie\u00dft Fr\u00e4nki, ins Wasser zu gehen. <\/em><\/p>\n\n\n\n<p><em>Der Freitod misslingt. Mirco trifft indes seinen ehemaligen Knastbruder Enno und versucht sich mit wenig Erfolg im Stra\u00dfengesch\u00e4ft. Der Boxpromoter ist ihm auch auf den Fersen, weil Mirco seine Termine nicht eingehalten hat. In seiner Not und weil er auch erkennt, dass Frauen und M\u00e4nner einfach nicht zusammenpassen, findet Mirco den Weg zur\u00fcck zur gemeinsamen Wohnung. Der Hund begr\u00fc\u00dft ihn \u00fcberschw\u00e4nglich, w\u00e4hrend Fr\u00e4nki unvers\u00f6hnlich scheint. Dann aber siegt die Liebe, und zwei Menschen erobern sich den Platz zur\u00fcck, an dem das Gl\u00fcck perfekt war. \u00dcberraschung inbegriffen!&#8220; <\/em>(Originalton ARD)<\/p>\n\n\n\n<p class=\"has-drop-cap\">Kein Wunder, da\u00df ich diesen Film, dem sie eine solche Beschreibung verpasst haben,  ausgelassen habe. J.<\/p>\n\n\n<div class=\"wp-block-image\">\n<figure class=\"alignright size-full is-resized\"><a href=\"https:\/\/www.medienberatungev.org\/wp-content\/uploads\/2013\/10\/nilpferd_tumb.png\"><img loading=\"lazy\" decoding=\"async\" width=\"1042\" height=\"830\" src=\"https:\/\/www.medienberatungev.org\/wp-content\/uploads\/2013\/10\/nilpferd_tumb.png\" alt=\"Nilpferd\" class=\"wp-image-15\" style=\"width:121px;height:auto\"\/><\/a><figcaption class=\"wp-element-caption\">Zeichnung Helga Bachmann<\/figcaption><\/figure>\n<\/div>\n\n\n<p><\/p>\n","protected":false},"excerpt":{"rendered":"<p>PDF Briefe an Eugen (XX) Versteckt im Nachtprogramm Briefe an Eugen (XXIII) Versteckt im Nachtprogramm Hallo Eugen, der Film beginnt und endet im Knast. Durch den Anfang und die Filmbeschreibung sollte man sich nicht t\u00e4uschen lassen. Auch den Vorspann sollte man m\u00fchelos ertragen. Erst was danach kommt, ist sehens- und h\u00f6renswert. Ein Film, der zwanzig &hellip; <a href=\"https:\/\/www.medienberatungev.org\/?p=25175\" class=\"more-link\"><span class=\"screen-reader-text\">\u201eBriefe an Eugen (XX-20) Versteckt im Nachtprogramm\u201c<\/span> weiterlesen<\/a><\/p>\n","protected":false},"author":2,"featured_media":0,"comment_status":"open","ping_status":"open","sticky":false,"template":"","format":"standard","meta":{"footnotes":""},"categories":[6224,4505,1050,2948,650,298,3456,8967,5912,8968,135,2620,16,8963,8964,8962,10,5913,1,7742,2701],"tags":[8961,8965,8957,8959,8960,8966,8958],"class_list":["post-25175","post","type-post","status-publish","format-standard","hentry","category-6224","category-4505","category-briefe","category-deutsche","category-deutsche-filme","category-deutscher-film","category-deutsches-fernsehen","category-drehbuch","category-drehbuchautor","category-drehbuchautor-theophil","category-fernsehen","category-film","category-hamburg","category-hermine-huntgeburth","category-hinnnerk-schoenemann","category-huntgeburth","category-kinogeschichte","category-regisseur","category-uncategorized","category-zufallsfund","category-zusammensprudelln","tag-der-boxer-und-die-friseuse","tag-eckhard-theophil","tag-hermine-huntgeburth","tag-hinnerk-schoenemann","tag-peter-lohmeyer","tag-sebastian-edschmid","tag-tilo-prueckner"],"_links":{"self":[{"href":"https:\/\/www.medienberatungev.org\/index.php?rest_route=\/wp\/v2\/posts\/25175","targetHints":{"allow":["GET"]}}],"collection":[{"href":"https:\/\/www.medienberatungev.org\/index.php?rest_route=\/wp\/v2\/posts"}],"about":[{"href":"https:\/\/www.medienberatungev.org\/index.php?rest_route=\/wp\/v2\/types\/post"}],"author":[{"embeddable":true,"href":"https:\/\/www.medienberatungev.org\/index.php?rest_route=\/wp\/v2\/users\/2"}],"replies":[{"embeddable":true,"href":"https:\/\/www.medienberatungev.org\/index.php?rest_route=%2Fwp%2Fv2%2Fcomments&post=25175"}],"version-history":[{"count":40,"href":"https:\/\/www.medienberatungev.org\/index.php?rest_route=\/wp\/v2\/posts\/25175\/revisions"}],"predecessor-version":[{"id":29668,"href":"https:\/\/www.medienberatungev.org\/index.php?rest_route=\/wp\/v2\/posts\/25175\/revisions\/29668"}],"wp:attachment":[{"href":"https:\/\/www.medienberatungev.org\/index.php?rest_route=%2Fwp%2Fv2%2Fmedia&parent=25175"}],"wp:term":[{"taxonomy":"category","embeddable":true,"href":"https:\/\/www.medienberatungev.org\/index.php?rest_route=%2Fwp%2Fv2%2Fcategories&post=25175"},{"taxonomy":"post_tag","embeddable":true,"href":"https:\/\/www.medienberatungev.org\/index.php?rest_route=%2Fwp%2Fv2%2Ftags&post=25175"}],"curies":[{"name":"wp","href":"https:\/\/api.w.org\/{rel}","templated":true}]}}