{"id":25279,"date":"2024-01-13T10:22:17","date_gmt":"2024-01-13T10:22:17","guid":{"rendered":"https:\/\/www.medienberatungev.org\/?p=25279"},"modified":"2025-09-27T15:23:41","modified_gmt":"2025-09-27T15:23:41","slug":"briefe-an-eugen-xxv-die-bananenkisten-des-alfred-bauer","status":"publish","type":"post","link":"https:\/\/www.medienberatungev.org\/?p=25279","title":{"rendered":"Briefe an Eugen (IV-4) Die Bananenkisten des Alfred Bauer"},"content":{"rendered":"\n<p>Briefe an Eugen (XXV) Bananenkisten-Der Nachlass von Alfred Bauer<\/p>\n\n\n<p><a href=\"https:\/\/www.medienberatungev.org\/wp-content\/uploads\/2024\/01\/PDF-Zeichen-2.032-Briefe-an-Eugen-XXV-Bananenkisten.pdf\">PDF (Zeichen 2.032) Briefe an Eugen (XXV) Bananenkisten<\/a><\/p>\n\n<div class=\"wp-block-image is-resized\">\n<figure class=\"alignright size-full\"><a href=\"https:\/\/www.medienberatungev.org\/wp-content\/uploads\/2022\/06\/Roemische-Zahlen-am-Heck.jpg\"><img loading=\"lazy\" decoding=\"async\" width=\"220\" height=\"330\" src=\"https:\/\/www.medienberatungev.org\/wp-content\/uploads\/2022\/06\/Roemische-Zahlen-am-Heck.jpg\" alt=\"R\u00f6mische Zahlen am BUG\" class=\"wp-image-17347\" style=\"width:123px;height:auto\" srcset=\"https:\/\/www.medienberatungev.org\/wp-content\/uploads\/2022\/06\/Roemische-Zahlen-am-Heck.jpg 220w, https:\/\/www.medienberatungev.org\/wp-content\/uploads\/2022\/06\/Roemische-Zahlen-am-Heck-200x300.jpg 200w\" sizes=\"auto, (max-width: 220px) 85vw, 220px\" \/><\/a><figcaption class=\"wp-element-caption\">R\u00f6mische Zahlen <\/figcaption><\/figure>\n<\/div>\n\n\n<p>Hallo Eugen,<\/p>\n\n\n<div class=\"wp-block-image\">\n<figure class=\"alignleft size-full is-resized\"><a href=\"https:\/\/www.medienberatungev.org\/wp-content\/uploads\/2025\/09\/7August-1942klein.jpg\"><img loading=\"lazy\" decoding=\"async\" width=\"800\" height=\"556\" src=\"https:\/\/www.medienberatungev.org\/wp-content\/uploads\/2025\/09\/7August-1942klein.jpg\" alt=\"Freitag, d. 7. August 1942, Reichsfilmintendant Fritz Hippler. In Johannistahl (Jofa)\" class=\"wp-image-31001\" style=\"width:261px;height:auto\" srcset=\"https:\/\/www.medienberatungev.org\/wp-content\/uploads\/2025\/09\/7August-1942klein.jpg 800w, https:\/\/www.medienberatungev.org\/wp-content\/uploads\/2025\/09\/7August-1942klein-300x209.jpg 300w, https:\/\/www.medienberatungev.org\/wp-content\/uploads\/2025\/09\/7August-1942klein-768x534.jpg 768w\" sizes=\"auto, (max-width: 709px) 85vw, (max-width: 909px) 67vw, (max-width: 984px) 61vw, (max-width: 1362px) 45vw, 600px\" \/><\/a><figcaption class=\"wp-element-caption\">Freitag, d. 7. August 1942 in Johannisthal (Jofa) Reichsfilmintendanz                         v.l.n.r. Dr. Alfred Bauer, Dr. Walter M\u00fcller-Goerne, Fritz Hippler, Karl Julius Fritzsche, Ewald von Demandowsky, Werner Klingner (mit Hut), Willy Reiber, Fritz Maurischat und unbekannt. (sichtbar neun Personen). Foto Stiftung Deutsche Kinemathek<\/figcaption><\/figure>\n<\/div>\n\n\n<p>noch mal vielen Dank f\u00fcr den Hinweis auf den Link \u00bbKino im Zwielicht\u00ab. Nach einer kurzen Lesephase habe ich mir dann doch die gedruckte Ausgabe bestellt und da ist mir dann diese komische Geschichte begegnet, die ich wegen ihrer Tragik und Komik abgeschrieben habe.<\/p>\n\n\n<div class=\"wp-block-image is-resized\">\n<figure class=\"alignright size-large\"><a href=\"https:\/\/www.medienberatungev.org\/wp-content\/uploads\/2024\/01\/KinoimnZwielichtUmschlag.jpg\"><img loading=\"lazy\" decoding=\"async\" width=\"652\" height=\"1024\" src=\"https:\/\/www.medienberatungev.org\/wp-content\/uploads\/2024\/01\/KinoimnZwielichtUmschlag-652x1024.jpg\" alt=\"\" class=\"wp-image-25282\" style=\"width:130px;height:auto\" srcset=\"https:\/\/www.medienberatungev.org\/wp-content\/uploads\/2024\/01\/KinoimnZwielichtUmschlag-652x1024.jpg 652w, https:\/\/www.medienberatungev.org\/wp-content\/uploads\/2024\/01\/KinoimnZwielichtUmschlag-191x300.jpg 191w, https:\/\/www.medienberatungev.org\/wp-content\/uploads\/2024\/01\/KinoimnZwielichtUmschlag-768x1206.jpg 768w, https:\/\/www.medienberatungev.org\/wp-content\/uploads\/2024\/01\/KinoimnZwielichtUmschlag-978x1536.jpg 978w, https:\/\/www.medienberatungev.org\/wp-content\/uploads\/2024\/01\/KinoimnZwielichtUmschlag-1304x2048.jpg 1304w, https:\/\/www.medienberatungev.org\/wp-content\/uploads\/2024\/01\/KinoimnZwielichtUmschlag-1200x1884.jpg 1200w, https:\/\/www.medienberatungev.org\/wp-content\/uploads\/2024\/01\/KinoimnZwielichtUmschlag.jpg 1559w\" sizes=\"auto, (max-width: 709px) 85vw, (max-width: 909px) 67vw, (max-width: 984px) 61vw, (max-width: 1362px) 45vw, 600px\" \/><\/a><figcaption class=\"wp-element-caption\">Buchumschlag Kino im Zwielicht<\/figcaption><\/figure>\n<\/div>\n\n\n<p>Auf den Seiten 102 &#8211; 103  von \u00bbKino im Zwielicht\u00ab gibt es  die Geschichte von den Bananenkisten des Alfred Bauer:                                   <em>&#8222;Neben der Literatur- und Presseauswertung etwa im Pressearchiv der Filmuniversit\u00e4t Babelsberg bestand ein wichtiger Teil der Recherche zudem in der Suche nach dem pers\u00f6nlichen Nachlass von Alfred Bauer. Verschiedene Hinweise f\u00fchrten schlie\u00dflich zu einem bemerkenswerten Fund, der an dieser Stelle etwas ausf\u00fchrlicher beschrieben werden soll.<\/em><\/p>\n\n\n\n<p><em>In den 1970er-Jahren lernte Alfred Bauer den Sammler und Verleger Christoph Winterberg kennen. Winterberg half Bauer bei der Neuauflage seines Spielfilm-Almanachs und brachte dessen zweiten Band \u201eDer deutsche Spielfilm-Almanach 1946 bis 1955\u201c im namenseigenen Verlag heraus. Offenbar verstanden sich Bauer und Winterberg gut. Jedenfalls erhielt Winterberg einen umfangreichen Bestand aus dem Nachlass Alfred Bauers.<\/em>v.l.n.r. Dr. Alfred Bauer, Dr. Walter M\u00fclle<\/p>\n\n\n\n<p><em>Diesen verpackte Winterberg wiederum in Bananenkisten und lagerte ihn in seinem Haus im bayerischen Rennertshofen ein. Zusammen mit seinen eigenen Sammlungen von Plakaten, Magazinen und Filmkopien besa\u00df Winterberg nach eigenen Sch\u00e4tzungen etwa 550 000 Standfotos, 60 000 Plakate, Hunderte Drehb\u00fccher und unz\u00e4hlige B\u00fccher zu Filmthemen.<\/em>                                                              <em>Nachdem sich Winterberg aus dem Verleger- und Filmsammlergesch\u00e4ft zur\u00fcckgezogen hatte, verbrachte er schlie\u00dflich seine letzten Lebensjahre in seinem hoffnungslos \u00fcberf\u00fcllten Haus, in dem er einen Raum bewohnte und das ansonsten nur noch zwischen deckenhoch gestapelten Bananenkisten durch schmale Korridore begangen werden konnte.<\/em>                                                                                                            <em>Dort fand man Christoph Winterberg schlie\u00dflich im Februar 2018, begraben unter zwei mit Filmmaterial gef\u00fcllten Bananenkisten, tot auf. Der Generalerbe ver\u00e4u\u00dferte den gesamten Bestand schlie\u00dflich an den Sammler und Filmh\u00e4ndler Werner Bock, der nach eigenen Aussagen von den insgesamt etwa 14 000 Bananenkisten noch 4000 behielt und diese in verschiedenen Lagerr\u00e4umen in Hannover unterbrachte.&#8220; <\/em>(Kino im Zwielicht, Hrsg. Andreas Wirsching. Seite 102-103, Metropol Verlag Berlin, 19&#8211; Euro, ISBN: 978-3-86331-728-7))<\/p>\n\n\n<div class=\"wp-block-image is-resized\">\n<figure class=\"alignleft size-large\"><a href=\"https:\/\/www.medienberatungev.org\/wp-content\/uploads\/2014\/06\/015neu-e1573084249977.jpg\"><img loading=\"lazy\" decoding=\"async\" width=\"1024\" height=\"686\" src=\"https:\/\/www.medienberatungev.org\/wp-content\/uploads\/2014\/06\/015neu-1024x686.jpg\" alt=\"Berlinale\" class=\"wp-image-5411\" style=\"width:185px;height:auto\"\/><\/a><figcaption class=\"wp-element-caption\">Berlinale Foto Jens Meyer<\/figcaption><\/figure>\n<\/div>\n\n\n<p><\/p>\n\n\n\n<p>Die Suchmaschine hat es \u00fcbersetzt :                                                                                                                                             Hello Eugen,  thank you again for pointing out the link \u201cCinema in Twilight\u201d. After a short reading phase I ordered the printed edition and there I have it then came across this strange story, which I wrote off because of its tragedian and humor have. The story of them begins on page 102 of \u201cCinema in the Twilight\u201d.                   <\/p>\n\n\n\n<p><strong>Banana boxes.<\/strong>  <em>&#8222;In addition to the literature and press evaluation, for example in the press archive of the film university Babelsberg, an important part of the research was also the search for the personal estate of Alfred Bauer. Various clues eventually led to<\/em> <em>a remarkable find that will be described in more detail hereshould.In the 1970s, Alfred Bauer met the collector and publisher Christoph Winterberg know. Winterberg helped Bauer reissue his feature film almanac and broughtits second volume \u201cThe German Feature Film Almanac 1946 to 1955\u201d in its own name Publisher out. <\/em> <em>Apparently Bauer and Winterberg got along well. Anyway received Winterberg has an extensive inventory from Alfred Bauer&#8217;s estate. Winterberg packed this in banana boxes and stored it in his house Bavarian Rennertshofen. Along with his own collections of posters,<\/em> <em>According to his own estimates, Winterberg owned around 550,000 magazines and film copies Still photos, 60,000 posters, hundreds of scripts and countless books on film topics.<\/em> <em>After Winterberg with drew from the publishing and film collecting business. He ended up spending the last years of his life feeling hopeless crowded house in which he lived in one room and otherwise only between Banana crates stacked high on ceilings could be walked through narrow corridors. Christoph Winterberg was finally found there in February 2018, buried under two Banana crates filled with footage, dead. The general heir sold the entire property. Finally passed to the collector and film dealer Werner Bock, who, according to his own According to statements, out of a total of around 14,000 banana boxes, 4,000 were kept and they were stored various storage rooms in Hanover.&#8220;<\/em>  (Kino im Twilight, ed. Andreas Wirsching. Pages 102-103, Metropol Verlag Berlin)<\/p>\n\n\n<div class=\"wp-block-image is-resized\">\n<figure class=\"alignleft size-full\"><a href=\"https:\/\/www.medienberatungev.org\/wp-content\/uploads\/2016\/08\/By-nc-sa_color.png\"><img loading=\"lazy\" decoding=\"async\" width=\"720\" height=\"486\" src=\"https:\/\/www.medienberatungev.org\/wp-content\/uploads\/2016\/08\/By-nc-sa_color.png\" alt=\"Creative commons.org\" class=\"wp-image-1755\" style=\"width:239px;height:auto\" srcset=\"https:\/\/www.medienberatungev.org\/wp-content\/uploads\/2016\/08\/By-nc-sa_color.png 720w, https:\/\/www.medienberatungev.org\/wp-content\/uploads\/2016\/08\/By-nc-sa_color-300x202.png 300w\" sizes=\"auto, (max-width: 709px) 85vw, (max-width: 909px) 67vw, (max-width: 984px) 61vw, (max-width: 1362px) 45vw, 600px\" \/><\/a><\/figure>\n<\/div>\n\n<div class=\"wp-block-image\">\n<figure class=\"alignright size-full is-resized\"><a href=\"https:\/\/www.medienberatungev.org\/wp-content\/uploads\/2013\/10\/nilpferd_tumb.png\"><img loading=\"lazy\" decoding=\"async\" width=\"1042\" height=\"830\" src=\"https:\/\/www.medienberatungev.org\/wp-content\/uploads\/2013\/10\/nilpferd_tumb.png\" alt=\"Nilpferd\" class=\"wp-image-15\" style=\"width:153px;height:auto\"\/><\/a><figcaption class=\"wp-element-caption\">Zeichnung Helga Bachmann<\/figcaption><\/figure>\n<\/div>\n\n<p><a href=\"https:\/\/www.medienberatungev.org\/wp-content\/uploads\/2024\/01\/Pdf-The-search-engine-translates.pdf\">Pdf&nbsp; The search engine translates<\/a><\/p>\n<p><a href=\"https:\/\/www.medienberatungev.org\/wp-content\/uploads\/2024\/01\/PDF-Brief-an-Eugen-ueber-Christoph-Winterberg.pdf\">PDF Brief an Eugen \u00fcber Christoph Winterberg<\/a><\/p>\n\n\n<p><\/p>\n","protected":false},"excerpt":{"rendered":"<p>Briefe an Eugen (XXV) Bananenkisten-Der Nachlass von Alfred Bauer PDF (Zeichen 2.032) Briefe an Eugen (XXV) Bananenkisten Hallo Eugen, noch mal vielen Dank f\u00fcr den Hinweis auf den Link \u00bbKino im Zwielicht\u00ab. Nach einer kurzen Lesephase habe ich mir dann doch die gedruckte Ausgabe bestellt und da ist mir dann diese komische Geschichte begegnet, die &hellip; <a href=\"https:\/\/www.medienberatungev.org\/?p=25279\" class=\"more-link\"><span class=\"screen-reader-text\">\u201eBriefe an Eugen (IV-4) Die Bananenkisten des Alfred Bauer\u201c<\/span> weiterlesen<\/a><\/p>\n","protected":false},"author":2,"featured_media":0,"comment_status":"open","ping_status":"open","sticky":false,"template":"","format":"standard","meta":{"footnotes":""},"categories":[1886,2536,1933,4621,2410,6224,4994,2684,2105,2361,2216,2277,4773,4774,3404,1907,2030,4327,2329,2720,8409,8947,6275,5493,2538,7408,69,199,6486,6485,1845,452,5492,4984,8991,2948,650,298,2822,2489,6535,2620,5648,1245,1618,945,1541,6443,536,5495,1847,6,1689,4511,10,2811,7703,45,7997,8012,8594,8944,287,9006,5494,1,757,3067,77,7742,2701,2702,6170,7422],"tags":[5403,8989,8986,8999,3596,8992,9008,8998,8997,8889,9005,9000,8994,8996,8995,9001,8987,8985,8993,8988],"class_list":["post-25279","post","type-post","status-publish","format-standard","hentry","category-1886","category-2536","category-1933","category-4621","category-2410","category-6224","category-4994","category-2684","category-2105","category-2361","category-2216","category-2277","category-4773","category-4774","category-3404","category-1907","category-2030","category-4327","category-2329","category-2720","category-8409","category-8947","category-35-mm-film","category-alfred-bauer","category-arisierer","category-arisiert","category-arisierung","category-berlin","category-berlin-hauptstadt-der-ddr","category-berlin-ost","category-berlin-west","category-berlinale","category-berlinale-nummer-70","category-berliner-kinos","category-christoph-winterberg","category-deutsche","category-deutsche-filme","category-deutscher-film","category-deutsches-chaos","category-deutsches-reich","category-dritten-reich","category-film","category-film-kurier","category-fotoarchiv-jens-meyer","category-fotografen","category-fotos","category-gerade-erschienen","category-geschichte-des-films","category-goebbels","category-goldener-baer","category-hannover","category-im-kino","category-joseph-goebbels","category-juden","category-kinogeschichte","category-luegen-ist-eine-grosse-kunst","category-nazis","category-nsdap","category-nutzloses-wissen","category-nutzl-oses-wissen","category-ost-berlin","category-ostberlin","category-persilschein","category-rennertshofen","category-silberner-baer","category-uncategorized","category-usa","category-wegschmeissen","category-westberlin","category-zufallsfund","category-zusammensprudelln","category-zusammensprudeln","category-zweispaeltiges-hollywood","category-zwiespaeltiges-hollywood","tag-alfred-bauer","tag-andrea-malycha","tag-andreas-wirsching","tag-bananenkisten","tag-berlinale","tag-christoph-winterberg","tag-cinema-in-twilight","tag-filmbuchverlag-muenchen","tag-filmbuchverlag-winterberg","tag-guenther-schwarz","tag-kino-im-zwielicht","tag-nachlass-alfred-bauer","tag-randol-schoenberg","tag-randy-schoenberg","tag-rennertshofen","tag-spielfilm-almanach","tag-tobias-hof","tag-werner-bock","tag-winterberg","tag-wolf-ruediger-knoll"],"_links":{"self":[{"href":"https:\/\/www.medienberatungev.org\/index.php?rest_route=\/wp\/v2\/posts\/25279","targetHints":{"allow":["GET"]}}],"collection":[{"href":"https:\/\/www.medienberatungev.org\/index.php?rest_route=\/wp\/v2\/posts"}],"about":[{"href":"https:\/\/www.medienberatungev.org\/index.php?rest_route=\/wp\/v2\/types\/post"}],"author":[{"embeddable":true,"href":"https:\/\/www.medienberatungev.org\/index.php?rest_route=\/wp\/v2\/users\/2"}],"replies":[{"embeddable":true,"href":"https:\/\/www.medienberatungev.org\/index.php?rest_route=%2Fwp%2Fv2%2Fcomments&post=25279"}],"version-history":[{"count":44,"href":"https:\/\/www.medienberatungev.org\/index.php?rest_route=\/wp\/v2\/posts\/25279\/revisions"}],"predecessor-version":[{"id":31017,"href":"https:\/\/www.medienberatungev.org\/index.php?rest_route=\/wp\/v2\/posts\/25279\/revisions\/31017"}],"wp:attachment":[{"href":"https:\/\/www.medienberatungev.org\/index.php?rest_route=%2Fwp%2Fv2%2Fmedia&parent=25279"}],"wp:term":[{"taxonomy":"category","embeddable":true,"href":"https:\/\/www.medienberatungev.org\/index.php?rest_route=%2Fwp%2Fv2%2Fcategories&post=25279"},{"taxonomy":"post_tag","embeddable":true,"href":"https:\/\/www.medienberatungev.org\/index.php?rest_route=%2Fwp%2Fv2%2Ftags&post=25279"}],"curies":[{"name":"wp","href":"https:\/\/api.w.org\/{rel}","templated":true}]}}