{"id":25499,"date":"2024-02-12T11:36:49","date_gmt":"2024-02-12T11:36:49","guid":{"rendered":"https:\/\/www.medienberatungev.org\/?p=25499"},"modified":"2025-05-07T14:23:26","modified_gmt":"2025-05-07T14:23:26","slug":"briefe-an-eugen-xxvii-atlas-nationalsozialismus-in-norddeutschland","status":"publish","type":"post","link":"https:\/\/www.medienberatungev.org\/?p=25499","title":{"rendered":"Briefe an Eugen (XXVII-27) Atlas Nationalsozialismus in Norddeutschland"},"content":{"rendered":"<div class=\"wp-block-image is-resized\">\n<figure class=\"alignleft size-large\"><a href=\"https:\/\/www.medienberatungev.org\/wp-content\/uploads\/2024\/02\/UmschlagKayDohnkeAtlasEuropaVerlag-scaled.jpg\"><img loading=\"lazy\" decoding=\"async\" width=\"700\" height=\"1024\" src=\"https:\/\/www.medienberatungev.org\/wp-content\/uploads\/2024\/02\/UmschlagKayDohnkeAtlasEuropaVerlag-700x1024.jpg\" alt=\"\" class=\"wp-image-25509\" style=\"width:217px;height:auto\" srcset=\"https:\/\/www.medienberatungev.org\/wp-content\/uploads\/2024\/02\/UmschlagKayDohnkeAtlasEuropaVerlag-700x1024.jpg 700w, https:\/\/www.medienberatungev.org\/wp-content\/uploads\/2024\/02\/UmschlagKayDohnkeAtlasEuropaVerlag-205x300.jpg 205w, https:\/\/www.medienberatungev.org\/wp-content\/uploads\/2024\/02\/UmschlagKayDohnkeAtlasEuropaVerlag-768x1124.jpg 768w, https:\/\/www.medienberatungev.org\/wp-content\/uploads\/2024\/02\/UmschlagKayDohnkeAtlasEuropaVerlag-1050x1536.jpg 1050w, https:\/\/www.medienberatungev.org\/wp-content\/uploads\/2024\/02\/UmschlagKayDohnkeAtlasEuropaVerlag-1400x2048.jpg 1400w, https:\/\/www.medienberatungev.org\/wp-content\/uploads\/2024\/02\/UmschlagKayDohnkeAtlasEuropaVerlag-1200x1756.jpg 1200w, https:\/\/www.medienberatungev.org\/wp-content\/uploads\/2024\/02\/UmschlagKayDohnkeAtlasEuropaVerlag-scaled.jpg 1750w\" sizes=\"auto, (max-width: 709px) 85vw, (max-width: 909px) 67vw, (max-width: 984px) 61vw, (max-width: 1362px) 45vw, 600px\" \/><\/a><\/figure>\n<\/div>\n\n<div class=\"wp-block-image is-resized\">\n<figure class=\"alignright size-full\"><a href=\"https:\/\/www.medienberatungev.org\/wp-content\/uploads\/2022\/06\/Roemische-Zahlen-am-Heck.jpg\"><img loading=\"lazy\" decoding=\"async\" width=\"220\" height=\"330\" src=\"https:\/\/www.medienberatungev.org\/wp-content\/uploads\/2022\/06\/Roemische-Zahlen-am-Heck.jpg\" alt=\"\" class=\"wp-image-17347\" style=\"width:163px;height:auto\" srcset=\"https:\/\/www.medienberatungev.org\/wp-content\/uploads\/2022\/06\/Roemische-Zahlen-am-Heck.jpg 220w, https:\/\/www.medienberatungev.org\/wp-content\/uploads\/2022\/06\/Roemische-Zahlen-am-Heck-200x300.jpg 200w\" sizes=\"auto, (max-width: 220px) 85vw, 220px\" \/><\/a><figcaption class=\"wp-element-caption\">R\u00f6mische Zahlen<\/figcaption><\/figure>\n<\/div>\n\n\n<p>Hallo Eugen, ich habe nachgesehen. Neu gibt es dieses Buch, das 2001 im  Europa Verlag erschienen ist, vermutlich nicht mehr. Ich habe es aus einer Restauflage gekauft. Aber antiquarisch ist es noch erh\u00e4ltlich. Es hat  die ISBN  Nummer: 3-203-76040-1. Es gab zwei Ausgaben. Ich habe die gebundene. Sehr sch\u00f6n gedruckt. Im Klappentext werden die beiden Autoren vorgestellt: Kay Dohnke, geboren 1957, Studium der Literaturwissenschaft und Anglistik, heute (2001) als freier Journalist und Autor in Hamburg t\u00e4tig. Seit 1986 publizistisch-wissenschaftliche Besch\u00e4ftigung mit dem Nationalsozialismus; zahlreiche Aufs\u00e4tze, B\u00fccher, Rundfunk- und Fernsehfeatures zu NS-Themen. Er ist im Vorstand des <\/p>\n\n\n<div class=\"wp-block-image is-resized\">\n<figure class=\"aligncenter size-large\"><a href=\"https:\/\/www.medienberatungev.org\/wp-content\/uploads\/2024\/02\/Norddeutschland-scaled.jpg\"><img loading=\"lazy\" decoding=\"async\" width=\"702\" height=\"1024\" src=\"https:\/\/www.medienberatungev.org\/wp-content\/uploads\/2024\/02\/Norddeutschland-702x1024.jpg\" alt=\"Politische Gewaltanwendung mit Todesfolge\" class=\"wp-image-25462\" srcset=\"https:\/\/www.medienberatungev.org\/wp-content\/uploads\/2024\/02\/Norddeutschland-702x1024.jpg 702w, https:\/\/www.medienberatungev.org\/wp-content\/uploads\/2024\/02\/Norddeutschland-206x300.jpg 206w, https:\/\/www.medienberatungev.org\/wp-content\/uploads\/2024\/02\/Norddeutschland-768x1120.jpg 768w, https:\/\/www.medienberatungev.org\/wp-content\/uploads\/2024\/02\/Norddeutschland-1053x1536.jpg 1053w, https:\/\/www.medienberatungev.org\/wp-content\/uploads\/2024\/02\/Norddeutschland-1405x2048.jpg 1405w, https:\/\/www.medienberatungev.org\/wp-content\/uploads\/2024\/02\/Norddeutschland-1200x1750.jpg 1200w, https:\/\/www.medienberatungev.org\/wp-content\/uploads\/2024\/02\/Norddeutschland-scaled.jpg 1756w\" sizes=\"auto, (max-width: 709px) 85vw, (max-width: 909px) 67vw, (max-width: 984px) 61vw, (max-width: 1362px) 45vw, 600px\" \/><\/a><figcaption class=\"wp-element-caption\">Kay Dohnke<\/figcaption><\/figure>\n<\/div>\n\n<p>\u00bbArbeitskreises zur Erforschung des Nationalsozialismus in Schleswig-Holstein e.V.\u00ab (Akens) t\u00e4tig und betreut seit 1994 als Redakteur die \u00bbInformationen zur Schleswig Holsteinischen Zeitgeschichte\u00ab. Frank Thamm ist Diplomgeograf, Grafiker und Kartograf. Er arbeitet in Schleswig-Holstein. Umschlaggestaltung: Kathrin Steigerwald.&nbsp; Das ist alles sehr anschaulich. Ich habe die Seiten 32 und 33 mal als Beispiel auf diese Seite gestellt. Die Druckfassung ist viel besser.<\/p>\n\n<div class=\"wp-block-image\">\n<figure class=\"alignright size-full is-resized\"><a href=\"https:\/\/www.medienberatungev.org\/wp-content\/uploads\/2013\/10\/nilpferd_tumb.png\"><img loading=\"lazy\" decoding=\"async\" width=\"1042\" height=\"830\" src=\"https:\/\/www.medienberatungev.org\/wp-content\/uploads\/2013\/10\/nilpferd_tumb.png\" alt=\"Nilpferd\" class=\"wp-image-15\" style=\"width:156px;height:auto\"\/><\/a><figcaption class=\"wp-element-caption\">Zeichnung Helga Bachmann<\/figcaption><\/figure>\n<\/div>","protected":false},"excerpt":{"rendered":"<p>Hallo Eugen, ich habe nachgesehen. Neu gibt es dieses Buch, das 2001 im Europa Verlag erschienen ist, vermutlich nicht mehr. Ich habe es aus einer Restauflage gekauft. Aber antiquarisch ist es noch erh\u00e4ltlich. Es hat die ISBN Nummer: 3-203-76040-1. Es gab zwei Ausgaben. Ich habe die gebundene. Sehr sch\u00f6n gedruckt. Im Klappentext werden die beiden &hellip; <a href=\"https:\/\/www.medienberatungev.org\/?p=25499\" class=\"more-link\"><span class=\"screen-reader-text\">\u201eBriefe an Eugen (XXVII-27) Atlas Nationalsozialismus in Norddeutschland\u201c<\/span> weiterlesen<\/a><\/p>\n","protected":false},"author":2,"featured_media":0,"comment_status":"open","ping_status":"open","sticky":false,"template":"","format":"standard","meta":{"footnotes":""},"categories":[2405,1],"tags":[],"class_list":["post-25499","post","type-post","status-publish","format-standard","hentry","category-ernst-henning","category-uncategorized"],"_links":{"self":[{"href":"https:\/\/www.medienberatungev.org\/index.php?rest_route=\/wp\/v2\/posts\/25499","targetHints":{"allow":["GET"]}}],"collection":[{"href":"https:\/\/www.medienberatungev.org\/index.php?rest_route=\/wp\/v2\/posts"}],"about":[{"href":"https:\/\/www.medienberatungev.org\/index.php?rest_route=\/wp\/v2\/types\/post"}],"author":[{"embeddable":true,"href":"https:\/\/www.medienberatungev.org\/index.php?rest_route=\/wp\/v2\/users\/2"}],"replies":[{"embeddable":true,"href":"https:\/\/www.medienberatungev.org\/index.php?rest_route=%2Fwp%2Fv2%2Fcomments&post=25499"}],"version-history":[{"count":17,"href":"https:\/\/www.medienberatungev.org\/index.php?rest_route=\/wp\/v2\/posts\/25499\/revisions"}],"predecessor-version":[{"id":29657,"href":"https:\/\/www.medienberatungev.org\/index.php?rest_route=\/wp\/v2\/posts\/25499\/revisions\/29657"}],"wp:attachment":[{"href":"https:\/\/www.medienberatungev.org\/index.php?rest_route=%2Fwp%2Fv2%2Fmedia&parent=25499"}],"wp:term":[{"taxonomy":"category","embeddable":true,"href":"https:\/\/www.medienberatungev.org\/index.php?rest_route=%2Fwp%2Fv2%2Fcategories&post=25499"},{"taxonomy":"post_tag","embeddable":true,"href":"https:\/\/www.medienberatungev.org\/index.php?rest_route=%2Fwp%2Fv2%2Ftags&post=25499"}],"curies":[{"name":"wp","href":"https:\/\/api.w.org\/{rel}","templated":true}]}}