{"id":2553,"date":"2017-06-15T11:01:05","date_gmt":"2017-06-15T11:01:05","guid":{"rendered":"http:\/\/www.medienberatungev.org\/?p=2553"},"modified":"2025-05-02T13:48:48","modified_gmt":"2025-05-02T13:48:48","slug":"dr-kuhlbrodt-ueber-einen-senatssyndicus","status":"publish","type":"post","link":"https:\/\/www.medienberatungev.org\/?p=2553","title":{"rendered":"Dr. Kuhlbrodt \u00fcber einen Senatssyndicus"},"content":{"rendered":"<p align=\"justify\"><span style=\"font-family: Ubuntu;\"><span style=\"font-size: large;\"><span style=\"font-size: x-large;\"><b>Dr. Dietrich Kuhlbrodt<\/b><\/span> (Oberstaatsanwalt a.D.) am<\/span><\/span><\/p>\n<p align=\"justify\"><span style=\"font-family: Ubuntu;\"><span style=\"font-size: x-large;\"><b>Freitag, d. 1. Dezember 2006 <\/b>auf einer Veranstaltung im Koralle Kino in Volksdorf Protokoll nach einer Videoaufzeichnung\u00a0 Dr. Dietrich Kuhlbrodt: &#8220; . . . ich will bei der Praxis bleiben, von der Praxis her urteilen. <a href=\"http:\/\/www.medienberatungev.org\/?attachment_id=9280\" rel=\"attachment wp-att-9280\">Pdf Dr. Kuhlbrodt<\/a><\/span><\/span><!--more--><\/p>\n<p align=\"justify\"><span style=\"font-family: Ubuntu;\"><span style=\"font-size: x-large;\">In Hamburg war es so, da\u00df ich ein Verfahren hatte gegen einen Senatssyndicus &#8211; hie\u00df er damals &#8211; also einen Staatsrat, der noch amtierte und ihn auch angeklagt habe, wegen Mordes in tausend F\u00e4llen, das war hier in Hamburg vor dem Schwurgericht (Kurt Gerhard Struve, geb. 11.07. 1902, gest. 20. 09. 1986)<br \/>\n<\/span><\/span><\/p>\n<p align=\"justify\"><span style=\"font-family: Ubuntu;\"><span style=\"font-size: x-large;\">. . . und jetzt nur mal . . . um zu illustrieren wie das funktioniert, da\u00df Druck ausge\u00fcbt wird, das gesagt wird, das wollen wir nicht . . . w\u00e4hrend des Verfahrens . . . kurz vor der Anklage bekam ich Besuch von dem stellvertretenden B\u00fcrgermeister &#8211; damals der grade sein Amt verlassen hatte und sich als Rechtsanwalt in Norderstedt niedergelassen hatte und der sagte \u2026 lieber Herr Kuhlbrodt, sie haben mich noch nie gesehen, aber wir haben ihre Karriere immer im Auge gehabt, das sollte auch so bleiben und wissen sie das es ein schweres Schicksal ist f\u00fcr einen verdienten Hamburger Beamten . . . und dann war er sehr g\u00fctlich . . . sehr freundlich . . . und verlie\u00df das Zimmer wieder . . . ja das k\u00f6nnen sie nicht fassen . . . juristisch . . . streng . . . das ist ein H\u00f6flichkeitsbesuch gewesen und dann bekam ich einen Anruf vom stellvertretenden Chefredakteur der SPD Zeitung . . . <\/span><\/span><span style=\"font-family: Ubuntu;\"><span style=\"font-size: x-large;\">in Hamburg damals noch gabs das Hamburger Echo und der rief mich an und sagte ja Herr Kuhlbrodt sie haben doch auch mal hier f\u00fcr unsere Zeitung geschrieben und wir wollen doch auch gerne weiter was von ihnen haben, aber wissen sie eigentlich, dass der den sie angeklagt haben seit 1946 auch Genosse ist . . . und das . . . und das das . . . er jetzt dabei ist das Mundsburg\u00a0 Einkaufszentrum hochzuziehen . . . kein Namen . . . tue ich auch nicht . . . und das soll doch auch . . . m\u00fcssen wir doch auch im Auge haben . . . ja das ist schon richtig . . . der Angeklagte war 46 in die SPD eingetreten, vorher war er in der SA gewesen und in der NSDAP und man wollte sich seines Sachverstandes bem\u00fchen . . . damals lief auch schon eine Anklage wegen Mordes 46 . . . in Hamburg und man . . . ich h\u00f6r auch gleich auf . . . und dort fragte die Beh\u00f6rde nach, wann denn das Verfahren endlich eingestellt werde, da man seine Dienste in der Beh\u00f6rde wieder haben wollte. <\/span><\/span><\/p>\n<p align=\"justify\"><span style=\"font-family: Ubuntu;\"><span style=\"font-size: x-large;\">Ich frage mich wer heute in Hamburg ein Verfahren wegen Mordes hatte . . . die Beh\u00f6rde fragt an, wann das Verfahren denn aufh\u00f6rt man braucht den Mann hier in der Verwaltung . . . So war die Stimmung damals und so ging es noch bis in Anfang der 70iger Jahre . . . des wurde signalisiert, blockiert . . . man wollte nicht. Und dieses . . . man wollte nicht . . . nicht greifbar . . . und da braucht es eben den Druck der \u00d6ffentlichkeit das . . . diese Positionen aufgegeben . . . das sie sozusagen . . . zur Anklage getragen werden von der \u00d6ffentlichkeit durch Initiativen wie diese und deswegen w\u00fcnsche ich der Initiative viel Erfolg . . . \u201d<\/span><\/span><\/p>\n\n<div class=\"wp-block-image\">\n<figure class=\"alignright size-large is-resized\"><a href=\"https:\/\/www.medienberatungev.org\/wp-content\/uploads\/2019\/11\/nilpferd_einauge1-e1573151400812.jpg\"><img loading=\"lazy\" decoding=\"async\" width=\"1024\" height=\"686\" src=\"https:\/\/www.medienberatungev.org\/wp-content\/uploads\/2019\/11\/nilpferd_einauge1-1024x686.jpg\" alt=\"Tier Nilpferd\" class=\"wp-image-10182\" style=\"width:242px;height:auto\"\/><\/a><figcaption class=\"wp-element-caption\">Zeichnung Helga Bachmann<\/figcaption><\/figure>\n<\/div>","protected":false},"excerpt":{"rendered":"<p>Dr. Dietrich Kuhlbrodt (Oberstaatsanwalt a.D.) am Freitag, d. 1. Dezember 2006 auf einer Veranstaltung im Koralle Kino in Volksdorf Protokoll nach einer Videoaufzeichnung\u00a0 Dr. Dietrich Kuhlbrodt: &#8220; . . . ich will bei der Praxis bleiben, von der Praxis her urteilen. Pdf Dr. Kuhlbrodt<\/p>\n","protected":false},"author":2,"featured_media":0,"comment_status":"open","ping_status":"open","sticky":false,"template":"","format":"standard","meta":{"footnotes":""},"categories":[1763,1764,6118,1766,123,1765,1],"tags":[6117,1827,6116,6115,1524,1826,3736],"class_list":["post-2553","post","type-post","status-publish","format-standard","hentry","category-elbe-einkaufszentrum","category-genosse","category-kurt-struve","category-senatssyndicus","category-spd","category-staatsrat","category-uncategorized","tag-alsterdorfer-anstalten","tag-drexelius","tag-friedrich-lensch","tag-kurt-struve","tag-moerder","tag-senatsyndicus","tag-staatsrat"],"_links":{"self":[{"href":"https:\/\/www.medienberatungev.org\/index.php?rest_route=\/wp\/v2\/posts\/2553","targetHints":{"allow":["GET"]}}],"collection":[{"href":"https:\/\/www.medienberatungev.org\/index.php?rest_route=\/wp\/v2\/posts"}],"about":[{"href":"https:\/\/www.medienberatungev.org\/index.php?rest_route=\/wp\/v2\/types\/post"}],"author":[{"embeddable":true,"href":"https:\/\/www.medienberatungev.org\/index.php?rest_route=\/wp\/v2\/users\/2"}],"replies":[{"embeddable":true,"href":"https:\/\/www.medienberatungev.org\/index.php?rest_route=%2Fwp%2Fv2%2Fcomments&post=2553"}],"version-history":[{"count":10,"href":"https:\/\/www.medienberatungev.org\/index.php?rest_route=\/wp\/v2\/posts\/2553\/revisions"}],"predecessor-version":[{"id":29171,"href":"https:\/\/www.medienberatungev.org\/index.php?rest_route=\/wp\/v2\/posts\/2553\/revisions\/29171"}],"wp:attachment":[{"href":"https:\/\/www.medienberatungev.org\/index.php?rest_route=%2Fwp%2Fv2%2Fmedia&parent=2553"}],"wp:term":[{"taxonomy":"category","embeddable":true,"href":"https:\/\/www.medienberatungev.org\/index.php?rest_route=%2Fwp%2Fv2%2Fcategories&post=2553"},{"taxonomy":"post_tag","embeddable":true,"href":"https:\/\/www.medienberatungev.org\/index.php?rest_route=%2Fwp%2Fv2%2Ftags&post=2553"}],"curies":[{"name":"wp","href":"https:\/\/api.w.org\/{rel}","templated":true}]}}