{"id":26176,"date":"2024-04-06T14:49:53","date_gmt":"2024-04-06T14:49:53","guid":{"rendered":"https:\/\/www.medienberatungev.org\/?p=26176"},"modified":"2025-05-07T13:22:04","modified_gmt":"2025-05-07T13:22:04","slug":"briefe-an-eugen-xxv-behutsam-ergaenzt","status":"publish","type":"post","link":"https:\/\/www.medienberatungev.org\/?p=26176","title":{"rendered":"Briefe an Eugen (XXVIII-28) Behutsam erg\u00e4nzt"},"content":{"rendered":"\n<p>(Zeichen 4.844)                                                                                                                                  Briefe an Eugen <\/p>\n\n\n\n<p>Die Fakten behutsam ergaenzt (XXVIII)                                                                      <\/p>\n\n\n<div class=\"wp-block-image\">\n<figure class=\"alignright size-full is-resized\"><a href=\"https:\/\/www.medienberatungev.org\/wp-content\/uploads\/2022\/06\/Roemische-Zahlen-am-Heck.jpg\"><img loading=\"lazy\" decoding=\"async\" width=\"220\" height=\"330\" src=\"https:\/\/www.medienberatungev.org\/wp-content\/uploads\/2022\/06\/Roemische-Zahlen-am-Heck.jpg\" alt=\"\" class=\"wp-image-17347\" style=\"width:116px;height:174px\" srcset=\"https:\/\/www.medienberatungev.org\/wp-content\/uploads\/2022\/06\/Roemische-Zahlen-am-Heck.jpg 220w, https:\/\/www.medienberatungev.org\/wp-content\/uploads\/2022\/06\/Roemische-Zahlen-am-Heck-200x300.jpg 200w\" sizes=\"auto, (max-width: 220px) 85vw, 220px\" \/><\/a><figcaption class=\"wp-element-caption\">R\u00f6mische Zahlen <\/figcaption><\/figure>\n<\/div>\n\n\n<p>Hallo Eugen,                                                                                                                                          <\/p>\n\n\n<div class=\"wp-block-image\">\n<figure class=\"alignleft size-full is-resized\"><a href=\"https:\/\/www.medienberatungev.org\/wp-content\/uploads\/2024\/04\/IMG_2175klein.jpg\"><img loading=\"lazy\" decoding=\"async\" width=\"800\" height=\"800\" src=\"https:\/\/www.medienberatungev.org\/wp-content\/uploads\/2024\/04\/IMG_2175klein.jpg\" alt=\"\" class=\"wp-image-26294\" style=\"width:210px;height:210px\" srcset=\"https:\/\/www.medienberatungev.org\/wp-content\/uploads\/2024\/04\/IMG_2175klein.jpg 800w, https:\/\/www.medienberatungev.org\/wp-content\/uploads\/2024\/04\/IMG_2175klein-300x300.jpg 300w, https:\/\/www.medienberatungev.org\/wp-content\/uploads\/2024\/04\/IMG_2175klein-150x150.jpg 150w, https:\/\/www.medienberatungev.org\/wp-content\/uploads\/2024\/04\/IMG_2175klein-768x768.jpg 768w\" sizes=\"auto, (max-width: 709px) 85vw, (max-width: 909px) 67vw, (max-width: 984px) 61vw, (max-width: 1362px) 45vw, 600px\" \/><\/a><figcaption class=\"wp-element-caption\">Christian Geissler am                            12. 03. 2007. Foto von Sven<\/figcaption><\/figure>\n<\/div>\n\n\n<p>in meinem Buechersortiment befinden sich drei Ausgaben des Buches von Christian Geissler: <strong>\u00bbWird Zeit, da\u00df wir leben\u00ab.<\/strong> Zwei  Auflagen aus der Zeit als Christian Geissler noch lebte und und eine aus der Zeit als er nicht mehr lebte. Erstmals war das Buch 1976 im Rotbuch Verlag Berlin erschienen. Meine Exemplare sind  aus den Jahren 1976 und 1979. Taschenbuecher. Das von 1979 mit  der Auflagenennung  11.-13. Tausend. 236 Seiten. Die Ausgabe von 2013 ist gebunden, hat 316 Seiten und ist im Verbrecher Verlag Berlin erschienen. Hinzugefuegt ist ein Nachwort von Detlef Grumbach und eine &#8222;Editorische Notiz&#8220; auf Seite 317.<\/p>\n\n\n\n<p>In dieser hei\u00dft es u. a.: <em>\u00bb<\/em><em>D<\/em><em>as Glossar war bereits Bestandteil der Erstausgabe, gepr\u00e4gt von eine<\/em><em>r<\/em><em> pointierten Mischung aus Fakten und Standpunkten. F\u00fcr heutige Leser wurden hier und da die Fakten behutsam erg\u00e4nzt, die typische Diktion Geisslers wurde aber so weit wie m\u00f6glich beibehalten<\/em><em>\u00ab.<\/em><\/p>\n\n\n\n<p>Das entspricht leider nicht den Tatsachen. In der ersten und in der von mir 1979 erstandenen Ausgabe dieses Buches gibt es kein \u00bbGlossar\u00ab. Christian Geissler hat dieses Wort vermieden. Er hat den sieben Seiten am Ende des Buches die Ueberschrift \u00bbAnmerkungen\u00ab gegeben. Es handelt sich um 61 Anmerkungen. Die Anzahl ist in der Auflage von 2013 gleich geblieben. Verteilt auf zehn Seiten, w\u00e4hrend es in den ersten Auflagen sieben Seiten waren.<\/p>\n\n\n\n<p><strong>Apropos: Fakten behutsam ergaenzt<\/strong>.                                                                                         Die neuen Anmerkungen sind nicht nur laenger oder kuerzer  geworden, sondern auch anders.                                                                                                                                                Los gehts mit den <strong>Hungerdachluken.<\/strong>                                                                                     Bei Christian Geissler einfach und klar: (9)                                                  <em>&#8222;Hungerdachluken.<\/em>                                                                                                                         Beim Hamburger Aufstand im Oktober 1923, als die arbeitenden Massen hungerten, k\u00e4mpften die Revolution\u00e4re zum Schrecken der Wei\u00dfen klug aus dem Hinterhalt, z. B. aus barmbeker Dachluken.&#8220;<\/p>\n\n\n\n<p>Dem <strong>Behutsamergaenzer <\/strong>der Ausgabe von 2013 ist das nicht genug und er oder sie f\u00fcgt deshalb an: <em>&#8222;Der Hamburger Aufstand war eine von der militanten Sektion der KPD in Hamburg am 23. Oktober 1923 begonnene Revolte. Ziel war der bewaffnete Umsturz in Deutschland nach dem Vorbild der russischen Oktoberrevolution 1917. Im Laufe des Aufstands wurden in Hamburg und Schleswig-Holstein insgesamt 24 Polizeireviere besetzt.&#8220;<\/em>                                                                      (Liest sich wie bei Wikipedia abgeschrieben. Und siehe da: ist es auch. Nur der zweite abgeschriebene Satz wurde ein wenig veraendert, oder sollte es etwa umgekehrt sein?)<\/p>\n\n\n\n<p>Besonders auffaellig ist es bei der Anmerkung 10 auf Seite 230. Im  Original (1976 und 1979) von Christian Geissler  steht:<\/p>\n\n\n\n<p><em>&#8222;rede Genosse Mauser!<\/em>                                                                                                                     <em>vgl. Majakowski, linker Marsch: Entrollt euren Marsch \/ Burschen von Bord \/ Schlu\u00df mit dem Zank und Gezauder \/ still da, ihr Redner \/ du hast das Wort \/ rede, Genosse Mauser . . . .<\/em>                                                                                                                                           <em>Die Rede ist hier von der C 96, einem der beliebtesten Modelle aus dem Hause von Paul v. Mauser, die erste wirklich brauchbare Pistole mit verriegeltem Verschlu\u00df und mit einem 10- und sp\u00e4ter auch 20- Schu\u00df-Magazin, das vor dem Abzug liegt. Zus\u00e4tzlicher Vorteil: Die Waffe hatte eine Einrichtung zur Anbringung eines Anschlagschaftes. Im revolution\u00e4ren Ru\u00dfland nannte man die diese Waffe auch \u00bbBolo-Mauser\u00ab. Bolo war der in der Umgangssprache entstandene Ausdruck f\u00fcr Bolschewik. Eine spanische Version dieser Pistole war bei den chinesischen Genossen der zwanziger Jahre als Maschinenpistole recht verbreitet. Wenn die Mauser auch bei uns jetzt durch andere, handlichere Konstruktionen ersetzt ist, erfreut sie sich doch in manchen L\u00e4nder noch eines au\u00dferordentlichen Zuspruchs.&#8220;<\/em><\/p>\n\n\n\n<p><strong>In der Neuausgabe von 2013 wird daraus<\/strong>:                                                                            <em>&#8222;rede Genosse Mauser!<\/em>                                                                                                                  <em>Zitat aus dem Gedicht \u00bbLinker Marsch\u00ab von Wladimir Majakowski, sp\u00e4ter vertont von Hanns Eisler: \u00bbEntrollt euren Marsch \/ Burschen von Bord \/ Die Rede ist hier von der Mauser C 96, einer der ersten Selbstladepistole.&#8220;<\/em><\/p>\n\n\n\n<p>Zwei Revolutionen sind verschwunden. Stattdessen erfaehrt der \u00bbLeser von heute\u00ab, wer die Musik dazu gemacht hat.                                                                  Naechstes Beispiel:                                                                                                                          <strong><em>hauptvollblut und wasistdas<\/em> <\/strong>                                                                                                   W\u00e4hrend<em> es <\/em>bei Christian Geissler kurz und buendig  hei\u00dft:<em> \u00bbKurzfassung der Schwerpunkte lutherischer Glaubenslehre\u00ab<\/em>                                                                     <em>s<\/em>chwafelt der <strong>Faktenbehutsamergaenzereditor<\/strong> vom Verbrecherverlag von Paul Gerhard, Johann Kr\u00fcger, Martin Luther und dem Kleinen Katechismus.<\/p>\n\n\n\n<p>Auch das Stichwort <em>\u00bbim Krieg in Kiel\u00ab<\/em>                                                                              erfaehrt eine erstaunliche Veraenderung.                                                                     W\u00e4hrend Christian Geissler schreibt:                                                                                  <em>\u00bbDie November Revolution 1918 begann am 3.11. mit dem bewaffneten Aufstand der Matrosen in Kiel. Als auf den Schiffen des III. Geschwaders umfangreiche Verhaftungen vorgenommen wurden, erhoben sich die Matrosen und begannen den Kampf um die Befreiung ihrer Kameraden.\u00ab<\/em><\/p>\n\n\n\n<p>Daraus macht der <strong>Faktenbehutsamergaenzer<\/strong> des Verbrecherverlags (natuerlich ohne Namensnennung und Begruendung):                                                                       \u00bbDer Kieler Matrosenaufstand fand Anfang November 1918 &#8211; gegen Ende des Ersten Weltkrieges &#8211; statt. Auch der Rest dieses geaenderten Textes ist nicht besser. Da mutiert die Revolution zu einem <strong>\u00bbImpuls der Ausbreitung der Unruhen\u00ab.<\/strong> Auch die EK &#8211;Offiziere von Christian Geissler werden von dem <strong>Faktenbehutsamergaenzer<\/strong> umgearbeitet.                                                                                  Bei Christian Geissler steht unter Nr. 160:                                                                              <em>EK-Offiziere<\/em>                                                                                                                                 <em>Offiziere mit dem sog. Eisernen Kreuz, also mit Praxis aus dem ersten Weltkrieg, vgl. BGS-Offiziere mit Nazikriegspraxis.       <\/em>                                                                                 Daraus wird: (213)                                                                                                                        <em>EK-Offiziere, die mit dem Eisernen Kreuz ausgezeichnet waren, also im Ersten Weltkrieg gedient hatten. Geissler vergleicht sie mit Offizieren des Bu<\/em>ndesgrenzschutzes <em>\u00bbmit Nazikriegspraxis\u00ab.<\/em><\/p>\n\n\n\n<p>Verschwunden ist das Wort <strong>sog.<\/strong> und sie wurden mit Eisernen Kreuz &#8222;<em><strong>ausgezeichnet<\/strong>, weil sie also  im Ersten Weltkrieg <strong>gedient<\/strong> hatte<\/em>n&#8220; und nicht schn\u00f6de mit dem <strong>EK<\/strong> ausgezeichnet. Christian haette sicher gefragt:  Wem gedient?<\/p>\n\n\n\n<p>Alles eher aergerlich, wie ich finde. Aber natuerlich kein Grund, diese Ausgabe nicht zu kaufen und zu lesen. Vielleicht kann der Verlag ja eine Beilage mit den Originalanmerkungen von Christian Geissler beilegen, so liesse sich der entstandene Schaden begrenzen, J.<\/p>\n\n\n<p><a href=\"https:\/\/www.medienberatungev.org\/wp-content\/uploads\/2024\/04\/Anmerkungen-1979.pdf\">PDF Anmerkungen 1979<\/a><\/p>\n<p><a href=\"https:\/\/www.medienberatungev.org\/wp-content\/uploads\/2024\/04\/wird-Zeit-dass-wir-leben-2013-U1.pdf\">Wird Zeit, da\u00df wir leben 2013 U1<\/a><\/p>\n<p><a href=\"https:\/\/www.medienberatungev.org\/wp-content\/uploads\/2024\/04\/wird-Zeit-dass-wir-leben-U-4.pdf\">Wird Zeit, dass wir leben 2013<\/a><a href=\"https:\/\/www.medienberatungev.org\/wp-content\/uploads\/2024\/04\/wird-Zeit-dass-wir-leben-U-4.pdf\"> U 4<\/a><\/p>\n<p><a href=\"https:\/\/www.medienberatungev.org\/wp-content\/uploads\/2024\/04\/Wird-Zeit-dass-wir-leben-Seite-317.pdf\">Wird Zeit, dass wir leben Seite 317<\/a><\/p>\n<p><a href=\"https:\/\/www.medienberatungev.org\/wp-content\/uploads\/2024\/04\/PDF-Briefe-an-Eugen-XXIV-Gruesse-vom-Editor.pdf\">PDF Briefe an Eugen (XXIV) Gruesse vom Editor<\/a><\/p>\n<p><a href=\"https:\/\/www.medienberatungev.org\/wp-content\/uploads\/2024\/04\/wird-Zeitdass-wir-lebenU1.pdf\">Wird Zeit,da\u00df wir leben U1<\/a><\/p>\n<p><a href=\"https:\/\/www.medienberatungev.org\/wp-content\/uploads\/2024\/04\/wird-Zeit-dass-wir-leben-U4.pdf\">Wird Zeit, da\u00df wir leben U4 <\/a><\/p>\n<\/p>\n<p>Hallo Eugen, es gibt in dem Buch von Christian Geissler nur einen Fehler.&nbsp; Der befindet sich auf Seite 150 der zweiten Auflage.&nbsp; Mal sehn, ob Du den findest. Hier ist der Ausschnitt,&nbsp; J.<\/p>\n\n<div class=\"wp-block-image\">\n<figure class=\"alignright size-full is-resized\"><a href=\"https:\/\/www.medienberatungev.org\/wp-content\/uploads\/2016\/08\/By-nc-sa_color.png\"><img loading=\"lazy\" decoding=\"async\" width=\"720\" height=\"486\" src=\"https:\/\/www.medienberatungev.org\/wp-content\/uploads\/2016\/08\/By-nc-sa_color.png\" alt=\"Creative commons.org\" class=\"wp-image-1755\" style=\"width:142px;height:96px\" srcset=\"https:\/\/www.medienberatungev.org\/wp-content\/uploads\/2016\/08\/By-nc-sa_color.png 720w, https:\/\/www.medienberatungev.org\/wp-content\/uploads\/2016\/08\/By-nc-sa_color-300x202.png 300w\" sizes=\"auto, (max-width: 709px) 85vw, (max-width: 909px) 67vw, (max-width: 984px) 61vw, (max-width: 1362px) 45vw, 600px\" \/><\/a><figcaption class=\"wp-element-caption\">cc<\/figcaption><\/figure>\n<\/div>\n\n<p><a href=\"https:\/\/www.medienberatungev.org\/wp-content\/uploads\/2024\/04\/pdf-feder-und-pauli-kamalatta.pdf\">pdf feder und pauli kalamatta<\/a><\/p>\n\n\n<p>Hallo Eugen, heute ist Sonntag, der zweite Juni. Ein Schreiben vom Verleger (Verbrecherverlag) oder von dem ersten Vorsitzenden der Christian Geissler Gesellschaft e. V. ist bisher nicht angekommen.  Es ging um die Frage, wer da in dem Text von Christian Geissler  (Wird Zeit, dass wir leben) rumgepfuscht hat und noch nicht einmal dazu steht, J.<\/p>\n\n\n\n<p><\/p>\n","protected":false},"excerpt":{"rendered":"<p>(Zeichen 4.844) Briefe an Eugen Die Fakten behutsam ergaenzt (XXVIII) Hallo Eugen, in meinem Buechersortiment befinden sich drei Ausgaben des Buches von Christian Geissler: \u00bbWird Zeit, da\u00df wir leben\u00ab. Zwei Auflagen aus der Zeit als Christian Geissler noch lebte und und eine aus der Zeit als er nicht mehr lebte. Erstmals war das Buch 1976 &hellip; <a href=\"https:\/\/www.medienberatungev.org\/?p=26176\" class=\"more-link\"><span class=\"screen-reader-text\">\u201eBriefe an Eugen (XXVIII-28) Behutsam erg\u00e4nzt\u201c<\/span> weiterlesen<\/a><\/p>\n","protected":false},"author":2,"featured_media":0,"comment_status":"open","ping_status":"open","sticky":false,"template":"","format":"standard","meta":{"footnotes":""},"categories":[1988,4679,5875,4995,5073,6547,9200,2790,7156,3420,2920,288,9,2275,2948,2489,1260,1378,1245,945,5395,6398,16,1833,2525,4215,1489,4286,125,1798,7703,7997,8012,5913,5135,2771,123,2355,1,2579,7252,8905,7742,2701,2702],"tags":[9174,9204,9182,329,9166,9170,9194,9171,9192,9179,9169,9181,9177,9187,9203,9186,9178,9189,9180,3745,4794,9193,9175,9184,9201,9172,5829,9191,9173,9168,9202,7904],"class_list":["post-26176","post","type-post","status-publish","format-standard","hentry","category-1988","category-4679","category-5875","category-4995","category-5073","category-6547","category-9200","category-arbeiter","category-arbeiterbewegung","category-arbeiterin","category-arbeiterklasse","category-aus-dem-antiquariat","category-buchkritik","category-christian-geissler-2","category-deutsche","category-deutsches-reich","category-dr-martin-luther","category-evangelische-kirche","category-fotoarchiv-jens-meyer","category-fotos","category-gestapo","category-gustav-noske","category-hamburg","category-hamburger","category-hamburger-aufstand-oktober-1923","category-hamburger-prominente","category-kaiser-wilhelm","category-kaiser-wilhelm-ii","category-kiel","category-martin-luther","category-nazis","category-nutzloses-wissen","category-nutzl-oses-wissen","category-regisseur","category-rotbuch-verlag","category-rote-hilfe","category-spd","category-udssr","category-uncategorized","category-wer-hat-uns-verraten","category-widerstand","category-wohnungsnot","category-zufallsfund","category-zusammensprudelln","category-zusammensprudeln","tag-aufstand","tag-ausbreitung-von-unruhen","tag-bewaffnete-aufstand","tag-christian-geissler","tag-detlef-grumbach","tag-genosse-mauser","tag-ham-se-gedient","tag-hamburger-aufstand","tag-hanns-eisler","tag-hinterhalt","tag-hungerdachluken","tag-im-krieg-in-kiel","tag-impuls-der-ausbreitung-der-unruhen","tag-johann-krueger","tag-katechismus","tag-kleiner-katechismus","tag-lieber-mal-kommunist-in-frueheren-tagen-als-heut-noch-das-ritterkreuz-am-halse-tragen","tag-linker-marsch","tag-majakowski","tag-martin-luther","tag-matrosen","tag-matrosenaufstand","tag-oktoberrevolution","tag-paul-gerhard","tag-rede-genosse-mauser","tag-revolte","tag-rotbuch-verlag","tag-selbstladepistole","tag-umsturz","tag-verbrecher-verlag","tag-verbrecherverlag","tag-wikipedia"],"_links":{"self":[{"href":"https:\/\/www.medienberatungev.org\/index.php?rest_route=\/wp\/v2\/posts\/26176","targetHints":{"allow":["GET"]}}],"collection":[{"href":"https:\/\/www.medienberatungev.org\/index.php?rest_route=\/wp\/v2\/posts"}],"about":[{"href":"https:\/\/www.medienberatungev.org\/index.php?rest_route=\/wp\/v2\/types\/post"}],"author":[{"embeddable":true,"href":"https:\/\/www.medienberatungev.org\/index.php?rest_route=\/wp\/v2\/users\/2"}],"replies":[{"embeddable":true,"href":"https:\/\/www.medienberatungev.org\/index.php?rest_route=%2Fwp%2Fv2%2Fcomments&post=26176"}],"version-history":[{"count":84,"href":"https:\/\/www.medienberatungev.org\/index.php?rest_route=\/wp\/v2\/posts\/26176\/revisions"}],"predecessor-version":[{"id":29596,"href":"https:\/\/www.medienberatungev.org\/index.php?rest_route=\/wp\/v2\/posts\/26176\/revisions\/29596"}],"wp:attachment":[{"href":"https:\/\/www.medienberatungev.org\/index.php?rest_route=%2Fwp%2Fv2%2Fmedia&parent=26176"}],"wp:term":[{"taxonomy":"category","embeddable":true,"href":"https:\/\/www.medienberatungev.org\/index.php?rest_route=%2Fwp%2Fv2%2Fcategories&post=26176"},{"taxonomy":"post_tag","embeddable":true,"href":"https:\/\/www.medienberatungev.org\/index.php?rest_route=%2Fwp%2Fv2%2Ftags&post=26176"}],"curies":[{"name":"wp","href":"https:\/\/api.w.org\/{rel}","templated":true}]}}