{"id":2645,"date":"2017-07-09T08:31:16","date_gmt":"2017-07-09T08:31:16","guid":{"rendered":"http:\/\/www.medienberatungev.org\/?p=2645"},"modified":"2023-11-03T08:24:20","modified_gmt":"2023-11-03T08:24:20","slug":"heinrich-kuhfuss-michelpastor","status":"publish","type":"post","link":"https:\/\/www.medienberatungev.org\/?p=2645","title":{"rendered":"G 20 Freitag, d. 7. Juli 2017, 17.50 Uhr Michel"},"content":{"rendered":"<p><span style=\"font-family: sans-serif;\"><span style=\"font-size: x-large;\"><b>Die Glocken des Michels l\u00e4uten, aber die Kirche ist abgeschlossen. <\/b><\/span><\/span><!--more--><\/p>\n<p><span style=\"font-family: sans-serif;\"><span style=\"font-size: x-large;\"><b>Heinrich Kuhfu\u00df h\u00e4tte nicht abgeschlossen<\/b><\/span><\/span><\/p>\n<p><span style=\"font-family: sans-serif;\"><span style=\"font-size: x-large;\">Am 7. Juli 2010 verstarb Heinrich Kuhfu\u00df, der Michel Pastor, wie ihn alle nannten. Heinrich Kuhfu\u00df h\u00e4tte \u201cseinen\u201d Michel nicht abgeschlossen, so wie es der Alexander R\u00f6der veranlasste. Eine Mail an den Nachfolger:<\/span><\/span><\/p>\n<p><span style=\"font-family: sans-serif;\"><span style=\"font-size: x-large;\">An die Hauptkirche@St-Michaelis.de Herrn Alexander R\u00f6der. Sehr geehrter Herr R\u00f6der, ich wohne seit zehn Jahren gegen\u00fcber vom Michel. Heute kurz vor 18.00 Uhr l\u00e4uteten die Glocken ihrer Kirche. Vermutlich, um ihre Anh\u00e4nger zum Gottesdienst zu rufen. Aber wie ich feststellte, war die Kirche fest verschlossen. Im Nebeneingang traf ich einen ihrer Angestellten, der einen Kirchg\u00e4nger hinausliess. Auf meine Frage warum der Michel zum Gebet rufe, wenn er doch verschlossen sei, antwortete mir dieser: Die Kirche h\u00e4tte Angst, dass irgendwelche Idioten in die Kirche k\u00e4men. Aus meinem Konfirmanden Unterricht habe ich immerhin so viele Kenntnisse gewonnen, so dass meine spontane Antwort lautete: <strong>&#8222;Ich glaube, dass die meisten Idioten schon drinnen sind&#8220;.<\/strong> Diese Antwort soll auch dem Hauptpastor nicht verborgen bleiben. <\/span><\/span><\/p>\n<p><span style=\"font-family: sans-serif;\"><span style=\"font-size: x-large;\"><b>Nachtrag: Sonnabend, 7. Juli 2017, 13.00 Uhr.<\/b><\/span><\/span><\/p>\n<p><span style=\"font-family: sans-serif;\"><span style=\"font-size: x-large;\">Ich erinnere mich noch gut an ihren Vorg\u00e4nger Pastor Heinrich Kuhfuss. Der ist mir noch (obwohl er jetzt schon sieben Jahre tot ist) in guter Erinnerung. Der h\u00e4tte &#8222;seinen&#8220; Michel bestimmt nicht abgeschlossen.<\/span><\/span><\/p>\n<p><a href=\"http:\/\/www.medienberatungev.org\/wp-content\/uploads\/2016\/08\/By-nc-sa_color.png\"><img loading=\"lazy\" decoding=\"async\" class=\"alignleft  wp-image-1755\" src=\"http:\/\/www.medienberatungev.org\/wp-content\/uploads\/2016\/08\/By-nc-sa_color.png\" alt=\"By-nc-sa_color\" width=\"151\" height=\"102\" srcset=\"https:\/\/www.medienberatungev.org\/wp-content\/uploads\/2016\/08\/By-nc-sa_color.png 720w, https:\/\/www.medienberatungev.org\/wp-content\/uploads\/2016\/08\/By-nc-sa_color-300x202.png 300w\" sizes=\"auto, (max-width: 151px) 85vw, 151px\" \/><\/a><a href=\"http:\/\/www.medienberatungev.org\/wp-content\/uploads\/2016\/01\/IMG_3013.jpg\"><img loading=\"lazy\" decoding=\"async\" class=\"alignleft  wp-image-1170\" src=\"http:\/\/www.medienberatungev.org\/wp-content\/uploads\/2016\/01\/IMG_3013.jpg\" alt=\"IMG_3013\" width=\"138\" height=\"92\"><\/a><\/p>\n<p>Fotos Jens Meyer Nachtrag: <strong>Freitag, d. 21. Juli 2017: Keine Antwort von Herrn R\u00f6der<\/strong><a href=\"http:\/\/www.medienberatungev.org\/wp-content\/uploads\/2017\/07\/Bildschirmfoto-2017-07-12-um-12.01.37.png\"><img loading=\"lazy\" decoding=\"async\" class=\"alignleft size-full wp-image-2658\" src=\"http:\/\/www.medienberatungev.org\/wp-content\/uploads\/2017\/07\/Bildschirmfoto-2017-07-12-um-12.01.37.png\" alt=\"Bildschirmfoto 2017-07-12 um 12.01.37\" width=\"596\" height=\"883\" srcset=\"https:\/\/www.medienberatungev.org\/wp-content\/uploads\/2017\/07\/Bildschirmfoto-2017-07-12-um-12.01.37.png 596w, https:\/\/www.medienberatungev.org\/wp-content\/uploads\/2017\/07\/Bildschirmfoto-2017-07-12-um-12.01.37-202x300.png 202w\" sizes=\"auto, (max-width: 596px) 85vw, 596px\" \/><\/a><\/p>\n","protected":false},"excerpt":{"rendered":"<p>Die Glocken des Michels l\u00e4uten, aber die Kirche ist abgeschlossen.<\/p>\n","protected":false},"author":2,"featured_media":0,"comment_status":"open","ping_status":"open","sticky":false,"template":"","format":"standard","meta":{"footnotes":""},"categories":[1786,1288,1789,1788,1475,1476],"tags":[1790,1792,3743,47,1887],"class_list":["post-2645","post","type-post","status-publish","format-standard","hentry","category-autofreier-donnerstag","category-bezirk-hamburg-mitte","category-hauptpastor","category-st-michaelis-kirche","category-st-pauli","category-unsere-polizei","tag-alexander-roeder","tag-hartmut-dinse","tag-heinrich-kuhfuss","tag-michel","tag-st-michaelis-kirche"],"_links":{"self":[{"href":"https:\/\/www.medienberatungev.org\/index.php?rest_route=\/wp\/v2\/posts\/2645","targetHints":{"allow":["GET"]}}],"collection":[{"href":"https:\/\/www.medienberatungev.org\/index.php?rest_route=\/wp\/v2\/posts"}],"about":[{"href":"https:\/\/www.medienberatungev.org\/index.php?rest_route=\/wp\/v2\/types\/post"}],"author":[{"embeddable":true,"href":"https:\/\/www.medienberatungev.org\/index.php?rest_route=\/wp\/v2\/users\/2"}],"replies":[{"embeddable":true,"href":"https:\/\/www.medienberatungev.org\/index.php?rest_route=%2Fwp%2Fv2%2Fcomments&post=2645"}],"version-history":[{"count":25,"href":"https:\/\/www.medienberatungev.org\/index.php?rest_route=\/wp\/v2\/posts\/2645\/revisions"}],"predecessor-version":[{"id":24562,"href":"https:\/\/www.medienberatungev.org\/index.php?rest_route=\/wp\/v2\/posts\/2645\/revisions\/24562"}],"wp:attachment":[{"href":"https:\/\/www.medienberatungev.org\/index.php?rest_route=%2Fwp%2Fv2%2Fmedia&parent=2645"}],"wp:term":[{"taxonomy":"category","embeddable":true,"href":"https:\/\/www.medienberatungev.org\/index.php?rest_route=%2Fwp%2Fv2%2Fcategories&post=2645"},{"taxonomy":"post_tag","embeddable":true,"href":"https:\/\/www.medienberatungev.org\/index.php?rest_route=%2Fwp%2Fv2%2Ftags&post=2645"}],"curies":[{"name":"wp","href":"https:\/\/api.w.org\/{rel}","templated":true}]}}